{"id":366879,"date":"2025-09-04T23:53:15","date_gmt":"2025-09-04T23:53:15","guid":{"rendered":"https:\/\/www.europesays.com\/fr\/366879\/"},"modified":"2025-09-04T23:53:15","modified_gmt":"2025-09-04T23:53:15","slug":"isack-hadjar-pense-deja-a-une-eventuelle-promotion-chez-red-bull-en-2026","status":"publish","type":"post","link":"https:\/\/www.europesays.com\/fr\/366879\/","title":{"rendered":"Isack Hadjar pense d\u00e9j\u00e0 \u00e0 une \u00e9ventuelle promotion chez Red Bull en 2026"},"content":{"rendered":"\n<p>\u00ab\u00a0C&rsquo;est forc\u00e9ment quelque chose que j&rsquo;ai en t\u00eate\u00a0\u00bb\u00a0: Isack Hadjar pense d\u00e9j\u00e0 \u00e0 une \u00e9ventuelle promotion chez Red Bull en 2026<\/p>\n<p>Aur\u00e9ol\u00e9 d&rsquo;un premier podium en F1 la semaine derni\u00e8re aux Pays-Bas, Isack Hadjar, le Fran\u00e7ais de Racing Bulls, va tenter de poursuivre sur sa lanc\u00e9e, avec la perspective d&rsquo;une promotion chez Red Bull qu&rsquo;il envisage ouvertement pour 2026.<\/p>\n","protected":false},"excerpt":{"rendered":"\u00ab\u00a0C&rsquo;est forc\u00e9ment quelque chose que j&rsquo;ai en t\u00eate\u00a0\u00bb\u00a0: Isack Hadjar pense d\u00e9j\u00e0 \u00e0 une \u00e9ventuelle promotion chez Red&hellip;\n","protected":false},"author":2,"featured_media":366880,"comment_status":"","ping_status":"","sticky":false,"template":"","format":"standard","meta":{"footnotes":""},"categories":[1412],"tags":[1451,1452,1453,1454,1455,1011,27,60],"class_list":{"0":"post-366879","1":"post","2":"type-post","3":"status-publish","4":"format-standard","5":"has-post-thumbnail","7":"category-f1","8":"tag-f1","9":"tag-formula-1","10":"tag-formula1","11":"tag-formule-1","12":"tag-formule1","13":"tag-fr","14":"tag-france","15":"tag-sports"},"share_on_mastodon":{"url":"https:\/\/pubeurope.com\/@fr\/115148724869892720","error":""},"_links":{"self":[{"href":"https:\/\/www.europesays.com\/fr\/wp-json\/wp\/v2\/posts\/366879","targetHints":{"allow":["GET"]}}],"collection":[{"href":"https:\/\/www.europesays.com\/fr\/wp-json\/wp\/v2\/posts"}],"about":[{"href":"https:\/\/www.europesays.com\/fr\/wp-json\/wp\/v2\/types\/post"}],"author":[{"embeddable":true,"href":"https:\/\/www.europesays.com\/fr\/wp-json\/wp\/v2\/users\/2"}],"replies":[{"embeddable":true,"href":"https:\/\/www.europesays.com\/fr\/wp-json\/wp\/v2\/comments?post=366879"}],"version-history":[{"count":0,"href":"https:\/\/www.europesays.com\/fr\/wp-json\/wp\/v2\/posts\/366879\/revisions"}],"wp:featuredmedia":[{"embeddable":true,"href":"https:\/\/www.europesays.com\/fr\/wp-json\/wp\/v2\/media\/366880"}],"wp:attachment":[{"href":"https:\/\/www.europesays.com\/fr\/wp-json\/wp\/v2\/media?parent=366879"}],"wp:term":[{"taxonomy":"category","embeddable":true,"href":"https:\/\/www.europesays.com\/fr\/wp-json\/wp\/v2\/categories?post=366879"},{"taxonomy":"post_tag","embeddable":true,"href":"https:\/\/www.europesays.com\/fr\/wp-json\/wp\/v2\/tags?post=366879"}],"curies":[{"name":"wp","href":"https:\/\/api.w.org\/{rel}","templated":true}]}}