{"id":366883,"date":"2025-09-04T23:55:09","date_gmt":"2025-09-04T23:55:09","guid":{"rendered":"https:\/\/www.europesays.com\/fr\/366883\/"},"modified":"2025-09-04T23:55:09","modified_gmt":"2025-09-04T23:55:09","slug":"transferts-de-folie-au-psg-la-revelation-qui-nannonce-rien-de-bon","status":"publish","type":"post","link":"https:\/\/www.europesays.com\/fr\/366883\/","title":{"rendered":"Transferts de folie au PSG : La r\u00e9v\u00e9lation qui n\u2019annonce rien de bon"},"content":{"rendered":"<p>                    Dan Marciano<br \/>\n                        &#8211;<\/p>\n<p>R\u00e9dacteur<\/p>\n<p>Titulaire d&rsquo;un Master de droit international, je me suis rendu compte au bout de mon parcours universitaire qu&rsquo;il \u00e9tait important d&rsquo;\u00e9voluer dans un domaine que l&rsquo;on appr\u00e9cie. Du jour au lendemain, j&rsquo;ai d\u00e9cid\u00e9 de mettre fin au r\u00eave de mes parents, qui voyaient en moi un futur avocat, pour vivre de ma passion : le sport. Depuis, je couvre les mercatos et l&rsquo;actualit\u00e9 sportive en essayant d&rsquo;informer au mieux les lecteurs.<\/p>\n<p class=\"heading\">Le Paris Saint-Germain a connu un mercato relativement calme dans le sens des arriv\u00e9es. Le club de la capitale n\u2019a enregistr\u00e9 que trois renforts : Illia Zabarnyi, Renato Marin et Lucas Chevalier. Derri\u00e8re cette strat\u00e9gie mesur\u00e9e, un \u00e9l\u00e9ment p\u00e8se fortement : l\u2019incertitude autour des droits t\u00e9l\u00e9vis\u00e9s, un enjeu qui concerne l\u2019ensemble du football fran\u00e7ais.<\/p>\n<p>Le<a href=\"https:\/\/le10sport.com\/football\/mercato\/cinq-transferts-refuses-au-psg-la-decision-incroyable-de-luis-enrique-756845\" rel=\"nofollow noopener\" target=\"_blank\"> PSG<\/a>, habitu\u00e9 aux mercatos estivaux rythm\u00e9s par des transferts retentissants, a cette fois opt\u00e9 pour une approche plus mesur\u00e9e. L\u2019\u00e9t\u00e9 2025 s\u2019est conclu avec seulement trois recrues <strong>: Illia Zabarnyi,<\/strong> d\u00e9fenseur central ukrainien arriv\u00e9 de <strong>Bournemouth<\/strong> pour 63M\u20ac,<strong> Renato Marin<\/strong>, jeune portier, et <strong>Lucas Chevalier,<\/strong> gardien fran\u00e7ais appel\u00e9 \u00e0 remplacer <strong>Gianluigi Donnarumma.<\/strong><\/p>\n<p>                                            Prudence \u00e0 Paris !<\/p>\n<p>Derri\u00e8re ce mercato relativement calme se cache une donn\u00e9e cl\u00e9 : la crise des droits t\u00e9l\u00e9vis\u00e9s. Selon Sports Zone, le <strong>PSG, <\/strong>comme l\u2019ensemble des clubs fran\u00e7ais, doit composer avec l\u2019incertitude entourant les recettes issues de la diffusion du championnat. Alors que ces revenus repr\u00e9sentent une part importante du budget des clubs de<strong> Ligue 1,<\/strong> leur avenir est encore flou.<\/p>\n<p>                                            La d\u00e9cision radicale du PSG<\/p>\n<p>Pour le<strong> PSG<\/strong>, cette situation se traduit par une strat\u00e9gie plus mesur\u00e9e sur le march\u00e9 des transferts, en \u00e9vitant toute folie qui pourrait fragiliser l\u2019\u00e9quilibre \u00e9conomique du club. M\u00eame avec des ressources sup\u00e9rieures \u00e0 celles de la plupart des \u00e9quipes fran\u00e7aises, le<strong> PSG<\/strong> n\u2019est pas exempt de cette r\u00e9flexion.<\/p>\n","protected":false},"excerpt":{"rendered":"Dan Marciano &#8211; R\u00e9dacteur Titulaire d&rsquo;un Master de droit international, je me suis rendu compte au bout de&hellip;\n","protected":false},"author":2,"featured_media":366884,"comment_status":"","ping_status":"","sticky":false,"template":"","format":"standard","meta":{"footnotes":""},"categories":[1410],"tags":[63,1011,27,60],"class_list":{"0":"post-366883","1":"post","2":"type-post","3":"status-publish","4":"format-standard","5":"has-post-thumbnail","7":"category-football","8":"tag-football","9":"tag-fr","10":"tag-france","11":"tag-sports"},"share_on_mastodon":{"url":"https:\/\/pubeurope.com\/@fr\/115148732828380200","error":""},"_links":{"self":[{"href":"https:\/\/www.europesays.com\/fr\/wp-json\/wp\/v2\/posts\/366883","targetHints":{"allow":["GET"]}}],"collection":[{"href":"https:\/\/www.europesays.com\/fr\/wp-json\/wp\/v2\/posts"}],"about":[{"href":"https:\/\/www.europesays.com\/fr\/wp-json\/wp\/v2\/types\/post"}],"author":[{"embeddable":true,"href":"https:\/\/www.europesays.com\/fr\/wp-json\/wp\/v2\/users\/2"}],"replies":[{"embeddable":true,"href":"https:\/\/www.europesays.com\/fr\/wp-json\/wp\/v2\/comments?post=366883"}],"version-history":[{"count":0,"href":"https:\/\/www.europesays.com\/fr\/wp-json\/wp\/v2\/posts\/366883\/revisions"}],"wp:featuredmedia":[{"embeddable":true,"href":"https:\/\/www.europesays.com\/fr\/wp-json\/wp\/v2\/media\/366884"}],"wp:attachment":[{"href":"https:\/\/www.europesays.com\/fr\/wp-json\/wp\/v2\/media?parent=366883"}],"wp:term":[{"taxonomy":"category","embeddable":true,"href":"https:\/\/www.europesays.com\/fr\/wp-json\/wp\/v2\/categories?post=366883"},{"taxonomy":"post_tag","embeddable":true,"href":"https:\/\/www.europesays.com\/fr\/wp-json\/wp\/v2\/tags?post=366883"}],"curies":[{"name":"wp","href":"https:\/\/api.w.org\/{rel}","templated":true}]}}