{"id":366885,"date":"2025-09-04T23:56:10","date_gmt":"2025-09-04T23:56:10","guid":{"rendered":"https:\/\/www.europesays.com\/fr\/366885\/"},"modified":"2025-09-04T23:56:10","modified_gmt":"2025-09-04T23:56:10","slug":"inoxtag-traumatise-par-son-cambriolage-il-se-confie-sur-les-sequelles-quil-a-gardees-ca-ma-marque","status":"publish","type":"post","link":"https:\/\/www.europesays.com\/fr\/366885\/","title":{"rendered":"Inoxtag traumatis\u00e9 par son cambriolage, il se confie sur les s\u00e9quelles qu&rsquo;il a gard\u00e9es : \u00ab\u00a0\u00c7a m&rsquo;a marqu\u00e9\u00a0\u00bb"},"content":{"rendered":"<p>La <strong>c\u00e9l\u00e9brit\u00e9 num\u00e9rique<\/strong> offre une vitrine sur le<br \/>\nsucc\u00e8s et les r\u00eaves accomplis. Toutefois, cette exposition<br \/>\nconstante comporte une part d\u2019ombre, o\u00f9 la <strong>vie<br \/>\npriv\u00e9e<\/strong> s\u2019effrite. Les <strong>personnalit\u00e9s<br \/>\npubliques<\/strong> deviennent parfois des cibles, transformant leur<br \/>\nquotidien en une \u00e9preuve. Le <strong>youtubeur Inoxtag<\/strong><br \/>\nincarne parfaitement cette dualit\u00e9 entre la gloire et ses revers.<br \/>\nIl a r\u00e9cemment partag\u00e9 les \u00e9preuves qui ont jalonn\u00e9 son parcours<br \/>\nspectaculaire.<\/p>\n<p>Derri\u00e8re l\u00a0\u00bb<strong>ascension fulgurante<\/strong> et les projets<br \/>\nambitieux se cache un jeune homme confront\u00e9 \u00e0 la dure r\u00e9alit\u00e9. Ses<br \/>\nexp\u00e9riences, allant de la <strong>trahison sentimentale<\/strong> \u00e0<br \/>\nla <strong>violation de son intimit\u00e9<\/strong>, l&rsquo;ont profond\u00e9ment<br \/>\naffect\u00e9. Son parcours est jalonn\u00e9 de succ\u00e8s mais aussi de profondes<br \/>\nblessures personnelles. Celles-ci ont forg\u00e9 une nouvelle facette de<br \/>\nsa personnalit\u00e9, plus prudente et r\u00e9serv\u00e9e.<\/p>\n<p>Les d\u00e9boires amoureux du jeune Inoxtag<\/p>\n<p>Avant de conqu\u00e9rir les sommets, <strong>Inoxtag<\/strong><br \/>\n<a href=\"https:\/\/www.melty.fr\/people\/inoxtag-se-livre-sur-linfidelite-de-son-ex-quand-elle-etait-en-2179605.html\" rel=\"nofollow noopener\" target=\"_blank\"><br \/>\na d\u00fb affronter des \u00e9preuves plus intimes<\/a>. En septembre 2024, en<br \/>\nmarge de la promotion de son documentaire <strong>Kaizen<\/strong>,<br \/>\nil a partag\u00e9 une d\u00e9ception amoureuse. Le cr\u00e9ateur de contenu a<br \/>\nracont\u00e9 comment une ancienne petite amie l&rsquo;avait tromp\u00e9 au lyc\u00e9e.<br \/>\nCette douloureuse exp\u00e9rience est survenue alors qu&rsquo;il faisait face<br \/>\naux critiques de certains alpinistes. Il a ainsi appris la nouvelle<br \/>\nde mani\u00e8re brutale, par un message de son ami. \u00ab Ouais, ta<br \/>\nmeuf, quand elle \u00e9tait en vacances, elle \u00e9tait avec un mec pendant<br \/>\ndeux semaines. \u00bb<\/p>\n<p>Cette r\u00e9v\u00e9lation l&rsquo;a an\u00e9anti, le plongeant dans un profond<br \/>\nd\u00e9sarroi. \u00ab J\u2019suis dans l\u2019bus, d\u00e9pit\u00e9, gros. J\u2019avais trop<br \/>\nl\u2019seum. Gros, j\u2019\u00e9tais amoureux \u00bb, a-t-il confi\u00e9. Le jeune<br \/>\n<strong>Inoxtag<\/strong> a alors travers\u00e9 une p\u00e9riode difficile qui<br \/>\na dur\u00e9 \u00ab deux mois \u00bb. Malgr\u00e9 la peine, il lui a pardonn\u00e9,<br \/>\nqualifiant lui-m\u00eame ce choix d\u2019\u00ab erreur de d\u00e9butant \u00bb.<br \/>\nCette premi\u00e8re <strong>blessure sentimentale<\/strong> a \u00e9t\u00e9 un coup<br \/>\ndur. Cependant, elle a \u00e9t\u00e9 suivie par des \u00e9preuves d\u2019une tout autre<br \/>\nnature, plus mat\u00e9rielles et violentes.<\/p>\n<p>Inoxtag face \u00e0 la double peine des cambriolages<\/p>\n<p>L\u2019ann\u00e9e suivante a apport\u00e9 son lot de m\u00e9saventures pour le<br \/>\nvid\u00e9aste. En avril 2025, <strong>Inoxtag<\/strong> <a href=\"https:\/\/www.melty.fr\/people\/inoxtag-victime-dun-cambriolage-lassurance-lui-a-rien-rembourse-sur-les-25000-euros-voles-une-dinguerie-2230478.html\" rel=\"nofollow noopener\" target=\"_blank\"><br \/>\na r\u00e9v\u00e9l\u00e9 avoir \u00e9t\u00e9 victime de <strong>deux cambriolages<\/strong> en<br \/>\nseulement six mois.<\/a> Le premier a eu lieu pendant son absence<br \/>\npour l&rsquo;<strong>Everest<\/strong>, un moment d\u00e9j\u00e0 tr\u00e8s intense. \u00ab<br \/>\nOn m\u2019a vol\u00e9 la quasi-totalit\u00e9 de ma collection de sneakers et de<br \/>\nmontres \u00bb, a-t-il d\u00e9taill\u00e9. Le second s&rsquo;est produit dans une<br \/>\nmaison qu&rsquo;il louait, avec un pr\u00e9judice estim\u00e9 \u00e0 10 000 euros. Une<br \/>\nv\u00e9ritable \u00e9preuve pour le jeune homme qui a vu son <strong>intimit\u00e9<br \/>\nbafou\u00e9e<\/strong>.<\/p>\n<p>Au-del\u00e0 du choc mat\u00e9riel, la frustration<br \/>\nd&rsquo;<strong>Inoxtag<\/strong> a atteint son paroxysme avec son<br \/>\nassurance. Celle-ci a refus\u00e9 de le rembourser faute de \u00ab trace<br \/>\nd\u2019effraction \u00bb jug\u00e9e suffisante. \u00ab Ils ont vol\u00e9 25 000<br \/>\neuros. Non, je ne me suis pas fait rembourser \u00bb, a-t-il l\u00e2ch\u00e9,<br \/>\nd\u00e9pit\u00e9. Face \u00e0 cette situation, il a pris des <strong>mesures<br \/>\ndrastiques pour sa s\u00e9curit\u00e9<\/strong>. Il a d\u00e9cid\u00e9 de \u00ab mettre<br \/>\nsa maison sous surveillance \u00bb. Cette \u00e9preuve a laiss\u00e9 des<br \/>\ntraces bien plus profondes que la simple perte mat\u00e9rielle.<\/p>\n<p>Des s\u00e9quelles profondes et une nouvelle<br \/>\nprudence<\/p>\n<p>R\u00e9cemment, sur le plateau de l&rsquo;\u00e9mission The Bridge,<br \/>\n<strong>Inoxtag<\/strong> est revenu sur ces \u00e9v\u00e9nements<br \/>\ntraumatisants. <a href=\"https:\/\/www.melty.fr\/people\/le-domicile-de-joeystarr-cambriole-en-presence-de-sa-femme-le-prejudice-est-estime-a-plus-de-100-000-euros-2260215.html\" rel=\"nofollow noopener\" target=\"_blank\"><br \/>\n\u00c0 l&rsquo;instar d&rsquo;autres c\u00e9l\u00e9brit\u00e9s comme JoeyStarr<\/a>, il a pay\u00e9 le<br \/>\n<strong>prix de sa notori\u00e9t\u00e9<\/strong>. Il a expliqu\u00e9 comment son<br \/>\n<strong>exposition en ligne<\/strong> a pu attiser les convoitises.<br \/>\n\u00ab Pendant tr\u00e8s longtemps, je donnais tout sur Internet \u00bb,<br \/>\na-t-il commenc\u00e9. Le youtubeur a r\u00e9alis\u00e9 qu&rsquo;il existait une limite \u00e0<br \/>\nne pas franchir. Il a compris que le partage excessif de sa vie<br \/>\nl&rsquo;avait rendu vuln\u00e9rable.<\/p>\n<p>Le cr\u00e9ateur de contenu a confi\u00e9 avoir \u00e9t\u00e9 durablement affect\u00e9<br \/>\npar ces intrusions violentes. \u00ab Les affaires de cambriolage, de<br \/>\ns\u00e9questration, \u00e7a m&rsquo;a marqu\u00e9 \u00bb, a-t-il avou\u00e9 avec une<br \/>\nsinc\u00e9rit\u00e9 touchante. Cette prise de conscience l&rsquo;a pouss\u00e9 \u00e0 revoir<br \/>\nenti\u00e8rement son rapport \u00e0 la notori\u00e9t\u00e9. \u00ab Maintenant, je fais<br \/>\nattention, avant, j&rsquo;\u00e9tais dans la fougue de la jeunesse \u00bb,<br \/>\na-t-il conclu. Aujourd&rsquo;hui, le jeune <strong>Inoxtag<\/strong> a<br \/>\nm\u00fbri. Il a appris \u00e0 prot\u00e9ger son <strong>jardin secret<\/strong>,<br \/>\nune le\u00e7on grav\u00e9e par la force des choses.<\/p>\n","protected":false},"excerpt":{"rendered":"La c\u00e9l\u00e9brit\u00e9 num\u00e9rique offre une vitrine sur le succ\u00e8s et les r\u00eaves accomplis. Toutefois, cette exposition constante comporte&hellip;\n","protected":false},"author":2,"featured_media":366886,"comment_status":"","ping_status":"","sticky":false,"template":"","format":"standard","meta":{"footnotes":""},"categories":[1359],"tags":[58,59,1011,27,30290,973],"class_list":{"0":"post-366885","1":"post","2":"type-post","3":"status-publish","4":"format-standard","5":"has-post-thumbnail","7":"category-people","8":"tag-divertissement","9":"tag-entertainment","10":"tag-fr","11":"tag-france","12":"tag-joeystarr","13":"tag-people"},"share_on_mastodon":{"url":"https:\/\/pubeurope.com\/@fr\/115148736674813106","error":""},"_links":{"self":[{"href":"https:\/\/www.europesays.com\/fr\/wp-json\/wp\/v2\/posts\/366885","targetHints":{"allow":["GET"]}}],"collection":[{"href":"https:\/\/www.europesays.com\/fr\/wp-json\/wp\/v2\/posts"}],"about":[{"href":"https:\/\/www.europesays.com\/fr\/wp-json\/wp\/v2\/types\/post"}],"author":[{"embeddable":true,"href":"https:\/\/www.europesays.com\/fr\/wp-json\/wp\/v2\/users\/2"}],"replies":[{"embeddable":true,"href":"https:\/\/www.europesays.com\/fr\/wp-json\/wp\/v2\/comments?post=366885"}],"version-history":[{"count":0,"href":"https:\/\/www.europesays.com\/fr\/wp-json\/wp\/v2\/posts\/366885\/revisions"}],"wp:featuredmedia":[{"embeddable":true,"href":"https:\/\/www.europesays.com\/fr\/wp-json\/wp\/v2\/media\/366886"}],"wp:attachment":[{"href":"https:\/\/www.europesays.com\/fr\/wp-json\/wp\/v2\/media?parent=366885"}],"wp:term":[{"taxonomy":"category","embeddable":true,"href":"https:\/\/www.europesays.com\/fr\/wp-json\/wp\/v2\/categories?post=366885"},{"taxonomy":"post_tag","embeddable":true,"href":"https:\/\/www.europesays.com\/fr\/wp-json\/wp\/v2\/tags?post=366885"}],"curies":[{"name":"wp","href":"https:\/\/api.w.org\/{rel}","templated":true}]}}