{"id":366889,"date":"2025-09-04T23:58:22","date_gmt":"2025-09-04T23:58:22","guid":{"rendered":"https:\/\/www.europesays.com\/fr\/366889\/"},"modified":"2025-09-04T23:58:22","modified_gmt":"2025-09-04T23:58:22","slug":"390-pour-les-inscriptions-a-la-bibliotheque-depuis-la-gratuite","status":"publish","type":"post","link":"https:\/\/www.europesays.com\/fr\/366889\/","title":{"rendered":"+ 390 % pour les inscriptions \u00e0 la biblioth\u00e8que depuis la gratuit\u00e9"},"content":{"rendered":"<p>Cet \u00e9t\u00e9 restera celui des records pour les biblioth\u00e8ques municipales de Tours. Depuis<a target=\"_self\" href=\"https:\/\/www.lanouvellerepublique.fr\/tours\/tours-la-gratuite-des-bibliotheques-etendue-a-tous-1751642327\" rel=\"noopener\"> la gratuit\u00e9<\/a> instaur\u00e9e par la municipalit\u00e9, le bureau des inscriptions n\u2019a pas ch\u00f4m\u00e9\u00a0: il a enregistr\u00e9 +\u00a0390\u00a0% entre l\u2019\u00e9t\u00e9 2024 et l\u2019\u00e9t\u00e9 2025, soit plus de 925 inscriptions \u00e0 la biblioth\u00e8que centrale et plus de 1.300 en tout, en comptant les 7 biblioth\u00e8ques municipales.<\/p>\n<p>L\u2019op\u00e9ration ne prend que quelques minutes, il suffit de pr\u00e9senter une carte d\u2019identit\u00e9. Outre ce chiffre, le plus surprenant est que la biblioth\u00e8que municipale attire de nouveaux abonn\u00e9s venant de loin&#8230;. <\/p>\n<p>    Cet article a \u00e9t\u00e9 tronqu\u00e9. Abonnez-vous pour lire l&rsquo;article complet sur notre site.<\/p>\n<p style=\"margin: 0 !important; padding: 0 !important; font-size: 12px !important;\">Cet article a \u00e9t\u00e9 tronqu\u00e9. Abonnez-vous pour lire l&rsquo;article complet.<\/p>\n<p>    <a href=\"https:\/\/www.lanouvellerepublique.fr\/abonnements\" style=\"display: inline-block; margin-top: 5px !important; padding: 6px 12px !important; background: #cb1c27; color: white; text-decoration: none; border-radius: 4px; font-size: 12px !important;\" target=\"_blank\" rel=\"noopener\"><br \/>\n      S&rsquo;abonner<br \/>\n    <\/a><\/p>\n","protected":false},"excerpt":{"rendered":"Cet \u00e9t\u00e9 restera celui des records pour les biblioth\u00e8ques municipales de Tours. Depuis la gratuit\u00e9 instaur\u00e9e par la&hellip;\n","protected":false},"author":2,"featured_media":366890,"comment_status":"","ping_status":"","sticky":false,"template":"","format":"standard","meta":{"footnotes":""},"categories":[1357],"tags":[1392,1379,58,59,1011,27,1380,1393,1390],"class_list":{"0":"post-366889","1":"post","2":"type-post","3":"status-publish","4":"format-standard","5":"has-post-thumbnail","7":"category-livres","8":"tag-a-la-une-local","9":"tag-books","10":"tag-divertissement","11":"tag-entertainment","12":"tag-fr","13":"tag-france","14":"tag-livres","15":"tag-loisirs","16":"tag-tours"},"share_on_mastodon":{"url":"https:\/\/pubeurope.com\/@fr\/115148744674081493","error":""},"_links":{"self":[{"href":"https:\/\/www.europesays.com\/fr\/wp-json\/wp\/v2\/posts\/366889","targetHints":{"allow":["GET"]}}],"collection":[{"href":"https:\/\/www.europesays.com\/fr\/wp-json\/wp\/v2\/posts"}],"about":[{"href":"https:\/\/www.europesays.com\/fr\/wp-json\/wp\/v2\/types\/post"}],"author":[{"embeddable":true,"href":"https:\/\/www.europesays.com\/fr\/wp-json\/wp\/v2\/users\/2"}],"replies":[{"embeddable":true,"href":"https:\/\/www.europesays.com\/fr\/wp-json\/wp\/v2\/comments?post=366889"}],"version-history":[{"count":0,"href":"https:\/\/www.europesays.com\/fr\/wp-json\/wp\/v2\/posts\/366889\/revisions"}],"wp:featuredmedia":[{"embeddable":true,"href":"https:\/\/www.europesays.com\/fr\/wp-json\/wp\/v2\/media\/366890"}],"wp:attachment":[{"href":"https:\/\/www.europesays.com\/fr\/wp-json\/wp\/v2\/media?parent=366889"}],"wp:term":[{"taxonomy":"category","embeddable":true,"href":"https:\/\/www.europesays.com\/fr\/wp-json\/wp\/v2\/categories?post=366889"},{"taxonomy":"post_tag","embeddable":true,"href":"https:\/\/www.europesays.com\/fr\/wp-json\/wp\/v2\/tags?post=366889"}],"curies":[{"name":"wp","href":"https:\/\/api.w.org\/{rel}","templated":true}]}}