{"id":366891,"date":"2025-09-04T23:59:12","date_gmt":"2025-09-04T23:59:12","guid":{"rendered":"https:\/\/www.europesays.com\/fr\/366891\/"},"modified":"2025-09-04T23:59:12","modified_gmt":"2025-09-04T23:59:12","slug":"la-liquidation-a-ete-officiellement-actee-six-mois-apres-le-tournage-de-cauchemar-en-cuisine-sur-m6-steve-annonce-la-fermeture-definitive-de-son-restaurant-a-saint-vrain","status":"publish","type":"post","link":"https:\/\/www.europesays.com\/fr\/366891\/","title":{"rendered":"\u00ab\u00a0La liquidation a \u00e9t\u00e9 officiellement act\u00e9e\u00a0\u00bb : Six mois apr\u00e8s le tournage de \u00ab\u00a0Cauchemar en cuisine\u00a0\u00bb sur M6, Steve annonce la fermeture d\u00e9finitive de son restaurant \u00e0 Saint-Vrain"},"content":{"rendered":"<p>            <img loading=\"lazy\" decoding=\"async\" src=\"https:\/\/www.europesays.com\/fr\/wp-content\/uploads\/2025\/07\/1753453630_789_dcb0d112757ed4ab-35x35-1.jpg\" class=\"author-article-picture\" width=\"35\" height=\"35\"\/><\/p>\n<p>                Par<br \/>\n                                    Mathis Ferrut<br \/>\n                                                    | Journaliste<\/p>\n<p>\n                Passionn\u00e9 par le monde des m\u00e9dias depuis sa tendre enfance, la t\u00e9l\u00e9vision et particuli\u00e8rement les divertissements n&rsquo;ont aucun secret pour lui : \u00ab\u00a0Le Bigdil\u00a0\u00bb, \u00ab\u00a0L&rsquo;amour est dans le pr\u00e9\u00a0\u00bb, \u00ab\u00a0N&rsquo;oubliez pas les paroles\u00a0\u00bb, \u00ab\u00a0Fort Boyard\u00a0\u00bb, \u00ab\u00a0Mari\u00e9s au premier regard\u00a0\u00bb, \u00ab\u00a0Loft Story\u00a0\u00bb, \u00ab\u00a0Star Academy\u00a0\u00bb, \u00ab\u00a0Secret Story\u00a0\u00bb, \u00ab\u00a0Les Tra\u00eetres\u00a0\u00bb, \u00ab\u00a0Les Marseillais\u00a0\u00bb\u2026 On le surnomme m\u00eame \u00ab\u00a0l&rsquo;encyclop\u00e9die de la t\u00e9l\u00e9-r\u00e9alit\u00e9\u00a0\u00bb !\n            <\/p>\n<p>\n    Ce jeudi 4 septembre, M6 rediffuse l&rsquo;\u00e9pisode de \u00ab\u00a0Cauchemar en cuisine\u00a0\u00bb dans lequel Philippe Etchebest vient en aide \u00e0 Steve et son restaurant dans l&rsquo;Essonne. Malheureusement, le restaurateur a annonc\u00e9 la fermeture de son \u00e9tablissement le 2 septembre dernier.\n<\/p>\n<p>                            <img loading=\"lazy\" decoding=\"async\" class=\"player-thumbnail\" src=\"https:\/\/www.europesays.com\/fr\/wp-content\/uploads\/2025\/09\/d3616e3083e95748-580x326-1.jpg\" width=\"580\" height=\"326\"\/><\/p>\n<p>                    La bande-annonce de \u00ab\u00a0Cauchemar en cuisine : que sont-ils devenus ?\u00a0\u00bb vendredi 11 juillet sur M6. Steve vient d&rsquo;annoncer la fermeture de son restaurant. \u00a9 M6<\/p>\n<p>La suite apr\u00e8s la publicit\u00e9<\/p>\n<p>Le 4 f\u00e9vrier 2025, les t\u00e9l\u00e9spectateurs de M6 ont d\u00e9couvert Steve et son restaurant \u00e0 Saint-Vrain, en Essonne. <a href=\"https:\/\/www.ozap.com\/personnalite\/philippe-etchebest_e189583\" target=\"_blank\" rel=\"noopener\">Philippe Etchebest<\/a> a tout fait pour sauver son \u00e9tablissement, mais a \u00e9t\u00e9 horrifi\u00e9 l&rsquo;hygi\u00e8ne. <a href=\"https:\/\/www.ozap.com\/actu\/tu-sais-que-cest-dangereux-philippe-etchebest-catastrophe-par-letat-du-restaurant-dans-lequel-il-debarque-dans-cauchemar-en-cuisine-sur-m6\/648595\" target=\"_blank\" rel=\"noopener\">Le chef s&rsquo;est m\u00eame mis derri\u00e8re les fourneaux en plein service pour la premi\u00e8re fois dans l&rsquo;histoire du programme<\/a>. \u00ab\u00a0C&rsquo;est rare quand je me mets en cuisine, mais l\u00e0, je suis dans un cas extr\u00eame\u00a0\u00bb, avait-il notamment d\u00e9clar\u00e9.<\/p>\n<p>Le 11 juillet dernier, <a href=\"https:\/\/www.ozap.com\/actu\/un-chiffre-daffaires-en-progression-de-4000-euros-5-mois-apres-le-tournage-de-cauchemar-en-cuisine-sur-m6-le-restaurant-de-steve-a-saint-vrain-sort-enfin-la-tete-de-leau\/650756\" target=\"_blank\" rel=\"noopener\">Philippe Etchebest est revenu rendre visite \u00e0 Steve dans \u00ab\u00a0Cauchemar en cuisine : Que sont-ils devenus ?\u00a0\u00bb et a vu des progr\u00e8s<\/a> : \u00ab\u00a0Je suis content et soulag\u00e9. Car malgr\u00e9 quelques lacunes encore pour le nettoyage, Steve a bien \u00e9volu\u00e9, et progress\u00e9. Maintenant, il reste une question cruciale, les chiffres\u00a0\u00bb. Et bonne nouvelle, les chiffres \u00e9taient bons ! \u00ab\u00a0J&rsquo;ai de tr\u00e8s bonnes nouvelles. Il y a eu une r\u00e9elle progression. Le chiffre d&rsquo;affaires, entre avant et maintenant, a progress\u00e9 de 4.000 euros. C&rsquo;est 60% de plus ! Ce qui est g\u00e9nial avec ces 4.000 euros de chiffres d&rsquo;affaires, d\u00e9j\u00e0 c&rsquo;est de la tr\u00e9sorerie c&rsquo;est de l&rsquo;argent qui rentre, c&rsquo;est ind\u00e9niable, Steve arrive \u00e0 payer son loyer, et arrive \u00e0 se payer. Donc \u00e7a, c&rsquo;est le premier niveau\u00a0\u00bb, a r\u00e9v\u00e9l\u00e9 Nicolas Jordan, l&rsquo;expert en plan d&rsquo;entreprise de l&rsquo;\u00e9mission.<\/p>\n<p>\u00ab\u00a0Une page se tourne\u00a0\u00bb<\/p>\n<p>Malgr\u00e9 cette nette progression, Steve vient d&rsquo;annoncer la fermeture de son restaurant \u00ab\u00a0La Grenouille\u00a0\u00bb sur Facebook. \u00ab\u00a0Une page se tourne, une autre est \u00e0 \u00e9crire&#8230; Aujourd&rsquo;hui, je tire ma r\u00e9v\u00e9rence. Apr\u00e8s des ann\u00e9es de passion, de sueur, de rires, de d\u00e9fis et de souvenirs partag\u00e9s, le restaurant que j&rsquo;ai port\u00e9 \u00e0 bout de bras ferme ses portes&#8230; mais pas son histoire. La liquidation a \u00e9t\u00e9 officiellement act\u00e9e au tribunal de commerce d&rsquo;\u00c9vry, et le bail vient d&rsquo;\u00eatre c\u00e9d\u00e9. C&rsquo;est donc avec le c\u0153ur serr\u00e9, mais l&rsquo;esprit apais\u00e9 que je vous annonce que ce lieu embl\u00e9matique est d\u00e9sormais pr\u00eat \u00e0 accueillir une nouvelle \u00e2me, une nouvelle vision\u00a0\u00bb, a-t-il \u00e9crit, ce mardi 2 septembre 2025.<\/p>\n<\/p>\n<p>\u00ab\u00a0C&rsquo;est un lieu qui a vu passer les grands moments de notre r\u00e9gion, un incontournable depuis plus d&rsquo;un si\u00e8cle, connu et reconnu bien au-del\u00e0 de notre d\u00e9partement. Gr\u00e2ce \u00e0 une communication soutenue ces derni\u00e8res ann\u00e9es, et \u00e0 deux passages remarqu\u00e9s sur M6, il b\u00e9n\u00e9ficie d&rsquo;une visibilit\u00e9 exceptionnelle et d&rsquo;une notori\u00e9t\u00e9 rare. Et surtout, sans concurrence directe. Mais derri\u00e8re les murs, il y a eu un homme. Moi. Seul \u00e0 tout g\u00e9rer, \u00e0 tout porter. Et si je n&rsquo;ai pas pu aller plus loin, c&rsquo;est parce que parfois, l&rsquo;\u00e9nergie s&rsquo;\u00e9puise. Mais je reste fier. Fier d&rsquo;avoir tenu, d&rsquo;avoir transmis, d&rsquo;avoir fait vivre ce lieu avec amour et authenticit\u00e9\u00a0\u00bb, a-t-il ajout\u00e9.<\/p>\n<p>\u00ab\u00a0Merci \u00e0 tous ceux qui ont soutenu cette aventure. Et \u00e0 celui ou celle qui \u00e9crira le prochain chapitre&#8230; je vous souhaite le meilleur\u00a0\u00bb, a-t-il conclu.<\/p>\n<p>        <img decoding=\"async\" class=\"thumb-img-100 thumb-img\" src=\"https:\/\/www.europesays.com\/fr\/wp-content\/uploads\/2025\/09\/4878cce9c3cb965b-320x180-1.jpg\" alt=\"&quot;Cauchemar en cuisine&quot; : Le restaurant de Christian \u00e0 Tarbes est-il toujours ouvert depuis le passage de Philippe Etchebest ?\" width=\"320\" height=\"180\" loading=\"lazy\" role=\"presentation\"\/><\/p>\n<p>                                            \u00ab\u00a0Cauchemar en cuisine\u00a0\u00bb : Le restaurant de Christian \u00e0 Tarbes est-il toujours ouvert depuis le passage de Philippe Etchebest ?<\/p>\n<p>        <img decoding=\"async\" class=\"thumb-img-100 thumb-img\" src=\"https:\/\/www.europesays.com\/fr\/wp-content\/uploads\/2025\/09\/c64f242f39ffd005-320x180-1.jpg\" alt=\"&quot;C'est toujours compliqu\u00e9...&quot; : Que devient le restaurant d'Antonio \u00e0 Marseille depuis le tournage de &quot;Cauchemar en cuisine&quot; et le passage de Philippe Etchebest il y a 3 mois ?\" width=\"320\" height=\"180\" loading=\"lazy\" role=\"presentation\"\/><\/p>\n<p>                                            \u00ab\u00a0C&rsquo;est toujours compliqu\u00e9&#8230;\u00a0\u00bb : Que devient le restaurant d&rsquo;Antonio \u00e0 Marseille depuis le tournage de \u00ab\u00a0Cauchemar en cuisine\u00a0\u00bb et le passage de Philippe Etchebest il y a 3 mois ?<\/p>\n<p>        <img decoding=\"async\" class=\"thumb-img-100 thumb-img\" src=\"https:\/\/www.europesays.com\/fr\/wp-content\/uploads\/2025\/09\/c6b09221559874da-320x180-2.png\" alt=\"&quot;Cauchemar en cuisine&quot; : Pourquoi le restaurant d'Anthony \u00e0 Quintenas a-t-il ferm\u00e9 ses portes malgr\u00e9 l'aide de Philippe Etchebest ?\" width=\"320\" height=\"180\" loading=\"lazy\" role=\"presentation\"\/><\/p>\n<p>                                            \u00ab\u00a0Cauchemar en cuisine\u00a0\u00bb : Pourquoi le restaurant d&rsquo;Anthony \u00e0 Quintenas a-t-il ferm\u00e9 ses portes malgr\u00e9 l&rsquo;aide de Philippe Etchebest ?<\/p>\n","protected":false},"excerpt":{"rendered":"Par Mathis Ferrut | Journaliste Passionn\u00e9 par le monde des m\u00e9dias depuis sa tendre enfance, la t\u00e9l\u00e9vision et&hellip;\n","protected":false},"author":2,"featured_media":366892,"comment_status":"","ping_status":"","sticky":false,"template":"","format":"standard","meta":{"footnotes":""},"categories":[1356],"tags":[58,59,1011,27,252,1364],"class_list":{"0":"post-366891","1":"post","2":"type-post","3":"status-publish","4":"format-standard","5":"has-post-thumbnail","7":"category-television","8":"tag-divertissement","9":"tag-entertainment","10":"tag-fr","11":"tag-france","12":"tag-television","13":"tag-tv"},"share_on_mastodon":{"url":"https:\/\/pubeurope.com\/@fr\/115148749126294257","error":""},"_links":{"self":[{"href":"https:\/\/www.europesays.com\/fr\/wp-json\/wp\/v2\/posts\/366891","targetHints":{"allow":["GET"]}}],"collection":[{"href":"https:\/\/www.europesays.com\/fr\/wp-json\/wp\/v2\/posts"}],"about":[{"href":"https:\/\/www.europesays.com\/fr\/wp-json\/wp\/v2\/types\/post"}],"author":[{"embeddable":true,"href":"https:\/\/www.europesays.com\/fr\/wp-json\/wp\/v2\/users\/2"}],"replies":[{"embeddable":true,"href":"https:\/\/www.europesays.com\/fr\/wp-json\/wp\/v2\/comments?post=366891"}],"version-history":[{"count":0,"href":"https:\/\/www.europesays.com\/fr\/wp-json\/wp\/v2\/posts\/366891\/revisions"}],"wp:featuredmedia":[{"embeddable":true,"href":"https:\/\/www.europesays.com\/fr\/wp-json\/wp\/v2\/media\/366892"}],"wp:attachment":[{"href":"https:\/\/www.europesays.com\/fr\/wp-json\/wp\/v2\/media?parent=366891"}],"wp:term":[{"taxonomy":"category","embeddable":true,"href":"https:\/\/www.europesays.com\/fr\/wp-json\/wp\/v2\/categories?post=366891"},{"taxonomy":"post_tag","embeddable":true,"href":"https:\/\/www.europesays.com\/fr\/wp-json\/wp\/v2\/tags?post=366891"}],"curies":[{"name":"wp","href":"https:\/\/api.w.org\/{rel}","templated":true}]}}