{"id":366893,"date":"2025-09-05T00:00:19","date_gmt":"2025-09-05T00:00:19","guid":{"rendered":"https:\/\/www.europesays.com\/fr\/366893\/"},"modified":"2025-09-05T00:00:19","modified_gmt":"2025-09-05T00:00:19","slug":"le-groupe-enhypen-enchante-laccor-arena-pour-son-premier-concert-parisien","status":"publish","type":"post","link":"https:\/\/www.europesays.com\/fr\/366893\/","title":{"rendered":"Le groupe ENHYPEN enchante l\u2019Accor Arena pour son premier concert parisien"},"content":{"rendered":"<p>HIER SOIR \u2013 Pour la toute premi\u00e8re fois, ENHYPEN a pos\u00e9 ses valises \u00e0 Paris. Dans un Accor Arena en fusion, le boys band sud-cor\u00e9en a offert \u00e0 ses fans un show d\u2019une grande intensit\u00e9. Nous y \u00e9tions.<\/p>\n<p>Chaussures \u00e0 plateforme, robes bordeaux et lightsticks en main\u00a0: le ton est donn\u00e9 devant l\u2019Accor Arena. Face aux portes du b\u00e2timent, la foule se presse pour rejoindre les gradins et ne rien manquer du show \u00e0 venir. \u00c0 19\u00a0h\u00a030 pr\u00e9cises, les sept membres <a href=\"https:\/\/www.parismatch.com\/culture\/musique\/stray-kids-enhypen-boyz-les-groupes-de-k-pop-enflamment-le-festival-du-music-bank-paris-223970\" rel=\"nofollow noopener\" target=\"_blank\">d\u2019ENHYPEN<\/a> font irruption sur sc\u00e8ne. Et aussit\u00f4t, c\u2019est un raz-de-mar\u00e9e sonore\u00a0: cris, pleurs, chants, les fans exultent. Il faut dire que les \u00ab\u00a0ENGENE\u00a0\u00bb Fran\u00e7ais (nom de leur fanbase) ont attendu longtemps. Apr\u00e8s deux premi\u00e8res tourn\u00e9es mondiales sans passage \u00e0 Paris, le groupe sud-cor\u00e9en s\u2019est enfin d\u00e9cid\u00e9 \u00e0 faire un saut par la capitale, dernier stop de sa tourn\u00e9e\u00a0: \u00ab\u00a0Walk the Line\u00a0\u00bb.<\/p>\n<p>Form\u00e9 en 2020, le boys band compos\u00e9 de Heeseung, Jay, Jake, Sunghoon, Sunoo, Jungwon et Ni-ki s\u2019est impos\u00e9 en un temps record comme l\u2019une des figures incontournables de la <a href=\"https:\/\/www.parismatch.com\/culture\/musique\/le-groupe-de-k-pop-seventeen-accuse-de-tricher-avec-lia-il-repond-239774\" rel=\"nofollow noopener\" target=\"_blank\">K-pop<\/a>. En seulement cinq ans, ils ont plac\u00e9 cinq albums dans le top 10 du Billboard notamment \u00ab\u00a0ROMANCE\u00a0: UNTOLD\u00a0\u00bb, et \u00ab\u00a0DESIRE\u00a0: UNLEASH\u00a0\u00bb. Apr\u00e8s avoir conquis la Cor\u00e9e, les \u00c9tats-Unis et plusieurs capitales europ\u00e9ennes, Paris s\u2019imposait donc comme une \u00e9tape attendue.<\/p>\n<p>    La suite apr\u00e8s cette publicit\u00e9<\/p>\n<p>    <img decoding=\"async\" src=\"https:\/\/www.europesays.com\/fr\/wp-content\/uploads\/2025\/09\/en_paris_01.jpg\" alt=\"Le groupe ENHYPEN enchante l\u2019Accor Arena pour son premier concert parisien, le 3 septembre 2025.\" loading=\"lazy\"\/><\/p>\n<p>\n      Le groupe ENHYPEN enchante l\u2019Accor Arena pour son premier concert parisien, le 3 septembre 2025.<\/p>\n<p>                                \u00a9 BELIFT LAB<\/p>\n<p>Avec l\u2019Accor Arena comme terrain de jeu, le groupe a offert aux fans un show parfaitement calibr\u00e9 o\u00f9 chaque morceau a \u00e9t\u00e9 pens\u00e9 comme un tableau. Salle rouge sang pour \u00ab\u00a0Brought the Heat Back\u00a0\u00bb, chor\u00e9graphie synchronis\u00e9e pour \u00ab\u00a0ParadoXXX Invasion\u00a0\u00bb, ambiance club sur \u00ab\u00a0Go Big or Go Home\u00a0\u00bb. Sur \u00ab\u00a0Fever\u00a0\u00bb, le public saute m\u00eame en rythme tandis que les feux d\u2019artifice embrasent la sc\u00e8ne.<\/p>\n<p>    La suite apr\u00e8s cette publicit\u00e9<\/p>\n<p>ENHYPEN joue avec le public<\/p>\n<p>Entre deux titres, les gar\u00e7ons <a href=\"https:\/\/www.parismatch.com\/people\/au-defile-prada-juliette-binoche-ose-le-melange-des-styles-pari-reussi-234895\" rel=\"nofollow noopener\" target=\"_blank\">habill\u00e9s en Prada <\/a>s\u2019adressent aux ENGENES via une traductrice\u00a0: \u00ab\u00a0On sait que vous nous avez attendus longtemps\u00a0\u00bb, souffle l\u2019un d\u2019eux. \u00c0 les entendre, le public, aux anges, tape du pied et finit par s\u2019amuser d\u2019un \u00ab\u00a0popopolopopo\u00a0\u00bb depuis les gradins. Apr\u00e8s un interlude vid\u00e9o, le spectacle reprend de plus belle. Les ambiances s\u2019encha\u00eenent sans temps mort\u00a0: une sensualit\u00e9 assum\u00e9e sur \u00ab\u00a0Given-Taken\u00a0\u00bb, une s\u00e9quence \u00e9motion avec \u00ab\u00a0Lucifer\u00a0\u00bb, avant l\u2019explosion rock de \u00ab\u00a0Blessed-Cursed\u00a0\u00bb d\u00e9marr\u00e9e \u00e0 la guitare \u00e9lectrique.<\/p>\n<p>    <img decoding=\"async\" src=\"https:\/\/www.europesays.com\/fr\/wp-content\/uploads\/2025\/09\/en_paris_02.jpg\" alt=\"Le groupe ENHYPEN enchante l\u2019Accor Arena pour son premier concert parisien, le 3 septembre 2025.\" loading=\"lazy\"\/><\/p>\n<p>\n      Le groupe ENHYPEN enchante l\u2019Accor Arena pour son premier concert parisien, le 3 septembre 2025.<\/p>\n<p>                                \u00a9 BELIFT LAB<\/p>\n<p>\u00c0 chaque morceau, les pas de danse r\u00e9alis\u00e9s avec brio subliment le tout. Et si le show promet rythme et encha\u00eenement, il laisse aussi la place aux moments de communion avec les fans. L\u2019Accor Arena reprend ainsi \u00ab\u00a0Bad Desire\u00a0\u00bb a cappella, Heeseung rejoue sa partie en solo sur \u00ab\u00a0Loose\u00a0\u00bb, et le public scande \u00ab\u00a0On n\u2019est pas fatigu\u00e9\u00a0\u00bb pour prolonger la f\u00eate. Lorsque le groupe part se changer, la cam\u00e9ra s\u2019attarde m\u00eame sur les pancartes brandies dans la foule\u00a0: \u00ab\u00a0I skipped class to come here\u00a0\u00bb, \u00ab\u00a0ENHYPEN save me\u00a0\u00bb peut-on lire sur grand \u00e9cran.<\/p>\n<p>    La suite apr\u00e8s cette publicit\u00e9<\/p>\n<p>    La suite apr\u00e8s cette publicit\u00e9<\/p>\n<p>L\u2019heure des adieux<\/p>\n<p>Apr\u00e8s plus de deux heures de show vient le moment des adieux. Chaque membre prend alors la parole pour livrer son ressenti, l\u2019un apr\u00e8s l\u2019autre. Ni-ki ouvre le bal\u00a0: \u00ab\u00a0Avant de monter sur sc\u00e8ne, j\u2019entendais d\u00e9j\u00e0 votre voix depuis les loges\u00a0\u00bb, confie-t-il. Les remerciements s\u2019encha\u00eenent &#8211; bien qu\u2019un peu longs pour qui ne serait pas habitu\u00e9 aux concerts de K-pop &#8211; et ponctu\u00e9s de promesses de revenir \u00ab\u00a0avec un album encore meilleur\u00a0\u00bb et de quelques mots de fran\u00e7ais\u00a0: \u00ab\u00a0baguette\u00a0\u00bb, \u00ab\u00a0raclette\u00a0\u00bb, d\u00e9clenchant le rire collectif.<\/p>\n<p>    <img decoding=\"async\" src=\"https:\/\/www.europesays.com\/fr\/wp-content\/uploads\/2025\/09\/en_paris_06.jpg\" alt=\"Le groupe ENHYPEN enchante l\u2019Accor Arena pour son premier concert parisien, le 3 septembre 2025.\" loading=\"lazy\"\/><\/p>\n<p>\n      Le groupe ENHYPEN enchante l\u2019Accor Arena pour son premier concert parisien, le 3 septembre 2025.<\/p>\n<p>                                \u00a9 BELIFT LAB<\/p>\n<p>Apr\u00e8s une premi\u00e8re sortie de sc\u00e8ne, le groupe remonte pour le bouquet final. Confettis, drapeau tricolore brandi, et ultime \u00ab\u00a0Je t\u2019aime Paris\u00a0\u00bb lanc\u00e9 dans la fum\u00e9e. Le rappel finit en apoth\u00e9ose\u00a0: toute la salle clame les paroles de Drunk-Dazed avant que les gar\u00e7ons ne disparaissent pour de bon. \u00c0 22\u00a0heures tout pile les lumi\u00e8res se rallument, les fans quittent leurs si\u00e8ges avec l\u2019espoir de revoir leurs idoles un jour \u00e0 Paris.<\/p>\n","protected":false},"excerpt":{"rendered":"HIER SOIR \u2013 Pour la toute premi\u00e8re fois, ENHYPEN a pos\u00e9 ses valises \u00e0 Paris. Dans un Accor&hellip;\n","protected":false},"author":2,"featured_media":366894,"comment_status":"","ping_status":"","sticky":false,"template":"","format":"standard","meta":{"footnotes":""},"categories":[1355],"tags":[58,59,1011,27,1361,873],"class_list":{"0":"post-366893","1":"post","2":"type-post","3":"status-publish","4":"format-standard","5":"has-post-thumbnail","7":"category-musique","8":"tag-divertissement","9":"tag-entertainment","10":"tag-fr","11":"tag-france","12":"tag-music","13":"tag-musique"},"share_on_mastodon":{"url":"https:\/\/pubeurope.com\/@fr\/115148752683006756","error":""},"_links":{"self":[{"href":"https:\/\/www.europesays.com\/fr\/wp-json\/wp\/v2\/posts\/366893","targetHints":{"allow":["GET"]}}],"collection":[{"href":"https:\/\/www.europesays.com\/fr\/wp-json\/wp\/v2\/posts"}],"about":[{"href":"https:\/\/www.europesays.com\/fr\/wp-json\/wp\/v2\/types\/post"}],"author":[{"embeddable":true,"href":"https:\/\/www.europesays.com\/fr\/wp-json\/wp\/v2\/users\/2"}],"replies":[{"embeddable":true,"href":"https:\/\/www.europesays.com\/fr\/wp-json\/wp\/v2\/comments?post=366893"}],"version-history":[{"count":0,"href":"https:\/\/www.europesays.com\/fr\/wp-json\/wp\/v2\/posts\/366893\/revisions"}],"wp:featuredmedia":[{"embeddable":true,"href":"https:\/\/www.europesays.com\/fr\/wp-json\/wp\/v2\/media\/366894"}],"wp:attachment":[{"href":"https:\/\/www.europesays.com\/fr\/wp-json\/wp\/v2\/media?parent=366893"}],"wp:term":[{"taxonomy":"category","embeddable":true,"href":"https:\/\/www.europesays.com\/fr\/wp-json\/wp\/v2\/categories?post=366893"},{"taxonomy":"post_tag","embeddable":true,"href":"https:\/\/www.europesays.com\/fr\/wp-json\/wp\/v2\/tags?post=366893"}],"curies":[{"name":"wp","href":"https:\/\/api.w.org\/{rel}","templated":true}]}}