{"id":366895,"date":"2025-09-05T00:01:56","date_gmt":"2025-09-05T00:01:56","guid":{"rendered":"https:\/\/www.europesays.com\/fr\/366895\/"},"modified":"2025-09-05T00:01:56","modified_gmt":"2025-09-05T00:01:56","slug":"ces-10-repliques-viennent-elles-de-taxi-les-visiteurs-ou-le-diner-de-cons","status":"publish","type":"post","link":"https:\/\/www.europesays.com\/fr\/366895\/","title":{"rendered":"ces 10 r\u00e9pliques viennent-elles de Taxi, Les Visiteurs ou Le D\u00eener de Cons ?"},"content":{"rendered":"<p><p><a href=\"https:\/\/www.serieously.com\" rel=\"nofollow noopener\" target=\"_blank\">Accueil<\/a> &gt; <a href=\"https:\/\/www.serieously.com\/quiz\/\" rel=\"nofollow noopener\" target=\"_blank\">Quiz<\/a> &gt; Quiz : ces 10 r\u00e9pliques viennent-elles de Taxi, Les Visiteurs ou Le D\u00eener de Cons ?<\/p>\n<\/p>\n<p class=\"o-article__published-by o-article__bullets\">\n            Publi\u00e9 le<br \/>\n                        4 septembre 2025 \u00e0 13 h 00<\/p>\n<p>             Par<br \/>\n                <a href=\"https:\/\/www.serieously.com\/author\/eliott\/\" rel=\"nofollow noopener\" target=\"_blank\">Eliott<br \/>\n                    Azoulai<\/a><\/p>\n<p><strong>Tu es tr\u00e8s friand de com\u00e9dies fran\u00e7aises ? La r\u00e9dac de Serieously te met alors au d\u00e9fi de retrouver si les dix r\u00e9pliques de ce quiz proviennent du film Taxi, Les Visiteurs ou Le D\u00eener de Cons. Bonne chance !<\/strong><\/p>\n<p>Cette r\u00e9plique vient-elle de Taxi, Les Visiteurs ou Le D\u00eener de Cons ?<\/p>\n<p>\t\t\t\t\t<img decoding=\"async\" src=\"https:\/\/www.europesays.com\/fr\/wp-content\/uploads\/2025\/09\/repliquetaxivisiteursdiner1-min.jpg\" alt=\"\u00a9 Walt Disney Studios Motion Pictures International \/ ARP S\u00e9lection\" width=\"400\" height=\"225\" loading=\"lazy\" style=\"aspect-ratio: 16\/9; object-fit: cover;\"\/><\/p>\n<p>\u00a9 Walt Disney Studios Motion Pictures International \/ ARP S\u00e9lection<\/p>\n<p>\t\t\t\t\t\t\t\t\t<img decoding=\"async\" src=\"https:\/\/www.europesays.com\/fr\/wp-content\/uploads\/2025\/09\/taxi-emilien-daniel-galerie.jpg\" alt=\"Taxi\" width=\"150\" height=\"150\" loading=\"lazy\"\/><\/p>\n<p>\n\t\t\t\t\t\t\t\t\tTaxi\n\t\t\t\t\t\t\t\t<\/p>\n<p>\t\t\t\t\t\t\t\t\t<img decoding=\"async\" src=\"https:\/\/www.europesays.com\/fr\/wp-content\/uploads\/2025\/09\/les-visiteurs-galerie.jpg\" alt=\"Les Visiteurs\" width=\"150\" height=\"150\" loading=\"lazy\"\/><\/p>\n<p>\n\t\t\t\t\t\t\t\t\tLes Visiteurs\n\t\t\t\t\t\t\t\t<\/p>\n<p>\t\t\t\t\t\t\t\t\t<img decoding=\"async\" src=\"https:\/\/www.europesays.com\/fr\/wp-content\/uploads\/2025\/09\/collage-sans-titre-30-min.jpg\" alt=\"Le D\u00eener de Cons\" width=\"150\" height=\"150\" loading=\"lazy\"\/><\/p>\n<p>\n\t\t\t\t\t\t\t\t\tLe D\u00eener de Cons\n\t\t\t\t\t\t\t\t<\/p>\n<p class=\"p1\">Cet \u00e9change mythique a lieu dans le film Le D\u00eener de Cons.<\/p>\n<p>Cette r\u00e9plique vient-elle de Taxi, Les Visiteurs ou Le D\u00eener de Cons ?<\/p>\n<p>\t\t\t\t\t<img decoding=\"async\" src=\"https:\/\/www.europesays.com\/fr\/wp-content\/uploads\/2025\/09\/repliquetaxivisiteursdiner2-min.jpg\" alt=\"\u00a9 Walt Disney Studios Motion Pictures International \/ ARP S\u00e9lection\" width=\"400\" height=\"225\" loading=\"lazy\" style=\"aspect-ratio: 16\/9; object-fit: cover;\"\/><\/p>\n<p>\u00a9 Walt Disney Studios Motion Pictures International \/ ARP S\u00e9lection<\/p>\n<p>\t\t\t\t\t\t\t\t\t<img decoding=\"async\" src=\"https:\/\/www.europesays.com\/fr\/wp-content\/uploads\/2025\/09\/taxi-emilien-daniel-galerie.jpg\" alt=\"Taxi\" width=\"150\" height=\"150\" loading=\"lazy\"\/><\/p>\n<p>\n\t\t\t\t\t\t\t\t\tTaxi\n\t\t\t\t\t\t\t\t<\/p>\n<p>\t\t\t\t\t\t\t\t\t<img decoding=\"async\" src=\"https:\/\/www.europesays.com\/fr\/wp-content\/uploads\/2025\/09\/les-visiteurs-galerie.jpg\" alt=\"Les Visiteurs\" width=\"150\" height=\"150\" loading=\"lazy\"\/><\/p>\n<p>\n\t\t\t\t\t\t\t\t\tLes Visiteurs\n\t\t\t\t\t\t\t\t<\/p>\n<p>\t\t\t\t\t\t\t\t\t<img decoding=\"async\" src=\"https:\/\/www.europesays.com\/fr\/wp-content\/uploads\/2025\/09\/collage-sans-titre-30-min.jpg\" alt=\"Le D\u00eener de Cons\" width=\"150\" height=\"150\" loading=\"lazy\"\/><\/p>\n<p>\n\t\t\t\t\t\t\t\t\tLe D\u00eener de Cons\n\t\t\t\t\t\t\t\t<\/p>\n<p class=\"p1\">Il s\u2019agit d\u2019une r\u00e9plique de Jacquouille dans Les Visiteurs.<\/p>\n<p>Cette r\u00e9plique vient-elle de Taxi, Les Visiteurs ou Le D\u00eener de Cons ?<\/p>\n<p>\t\t\t\t\t<img decoding=\"async\" src=\"https:\/\/www.europesays.com\/fr\/wp-content\/uploads\/2025\/09\/repliquetaxivisiteursdiner3-min.jpg\" alt=\"\u00a9 Walt Disney Studios Motion Pictures International \/ ARP S\u00e9lection\" width=\"400\" height=\"225\" loading=\"lazy\" style=\"aspect-ratio: 16\/9; object-fit: cover;\"\/><\/p>\n<p>\u00a9 Walt Disney Studios Motion Pictures International \/ ARP S\u00e9lection<\/p>\n<p>\t\t\t\t\t\t\t\t\t<img decoding=\"async\" src=\"https:\/\/www.europesays.com\/fr\/wp-content\/uploads\/2025\/09\/taxi-emilien-daniel-galerie.jpg\" alt=\"Taxi\" width=\"150\" height=\"150\" loading=\"lazy\"\/><\/p>\n<p>\n\t\t\t\t\t\t\t\t\tTaxi\n\t\t\t\t\t\t\t\t<\/p>\n<p>\t\t\t\t\t\t\t\t\t<img decoding=\"async\" src=\"https:\/\/www.europesays.com\/fr\/wp-content\/uploads\/2025\/09\/les-visiteurs-galerie.jpg\" alt=\"Les Visiteurs\" width=\"150\" height=\"150\" loading=\"lazy\"\/><\/p>\n<p>\n\t\t\t\t\t\t\t\t\tLes Visiteurs\n\t\t\t\t\t\t\t\t<\/p>\n<p>\t\t\t\t\t\t\t\t\t<img decoding=\"async\" src=\"https:\/\/www.europesays.com\/fr\/wp-content\/uploads\/2025\/09\/collage-sans-titre-30-min.jpg\" alt=\"Le D\u00eener de Cons\" width=\"150\" height=\"150\" loading=\"lazy\"\/><\/p>\n<p>\n\t\t\t\t\t\t\t\t\tLe D\u00eener de Cons\n\t\t\t\t\t\t\t\t<\/p>\n<p class=\"p1\">Cette r\u00e9plique est tir\u00e9e des Visiteurs.<\/p>\n<p>Cette r\u00e9plique vient-elle de Taxi, Les Visiteurs ou Le D\u00eener de Cons ?<\/p>\n<p>\t\t\t\t\t<img decoding=\"async\" src=\"https:\/\/www.europesays.com\/fr\/wp-content\/uploads\/2025\/09\/repliquetaxivisiteursdiner4-min.jpg\" alt=\"\u00a9 Walt Disney Studios Motion Pictures International \/ ARP S\u00e9lection\" width=\"400\" height=\"225\" loading=\"lazy\" style=\"aspect-ratio: 16\/9; object-fit: cover;\"\/><\/p>\n<p>\u00a9 Walt Disney Studios Motion Pictures International \/ ARP S\u00e9lection<\/p>\n<p>\t\t\t\t\t\t\t\t\t<img decoding=\"async\" src=\"https:\/\/www.europesays.com\/fr\/wp-content\/uploads\/2025\/09\/taxi-emilien-daniel-galerie.jpg\" alt=\"Taxi\" width=\"150\" height=\"150\" loading=\"lazy\"\/><\/p>\n<p>\n\t\t\t\t\t\t\t\t\tTaxi\n\t\t\t\t\t\t\t\t<\/p>\n<p>\t\t\t\t\t\t\t\t\t<img decoding=\"async\" src=\"https:\/\/www.europesays.com\/fr\/wp-content\/uploads\/2025\/09\/les-visiteurs-galerie.jpg\" alt=\"Les Visiteurs\" width=\"150\" height=\"150\" loading=\"lazy\"\/><\/p>\n<p>\n\t\t\t\t\t\t\t\t\tLes Visiteurs\n\t\t\t\t\t\t\t\t<\/p>\n<p>\t\t\t\t\t\t\t\t\t<img decoding=\"async\" src=\"https:\/\/www.europesays.com\/fr\/wp-content\/uploads\/2025\/09\/collage-sans-titre-30-min.jpg\" alt=\"Le D\u00eener de Cons\" width=\"150\" height=\"150\" loading=\"lazy\"\/><\/p>\n<p>\n\t\t\t\t\t\t\t\t\tLe D\u00eener de Cons\n\t\t\t\t\t\t\t\t<\/p>\n<p class=\"p1\">Il fallait reconna\u00eetre une phrase culte de Pierre Brochant, \u00e0 propos de Fran\u00e7ois Pignon, dans Le D\u00eener de Cons.<\/p>\n<p>Cette r\u00e9plique vient-elle de Taxi, Les Visiteurs ou Le D\u00eener de Cons ?<\/p>\n<p>\t\t\t\t\t<img decoding=\"async\" src=\"https:\/\/www.europesays.com\/fr\/wp-content\/uploads\/2025\/09\/repliquetaxivisiteursdiner5-min.jpg\" alt=\"\u00a9 Walt Disney Studios Motion Pictures International \/ ARP S\u00e9lection\" width=\"400\" height=\"225\" loading=\"lazy\" style=\"aspect-ratio: 16\/9; object-fit: cover;\"\/><\/p>\n<p>\u00a9 Walt Disney Studios Motion Pictures International \/ ARP S\u00e9lection<\/p>\n<p>\t\t\t\t\t\t\t\t\t<img decoding=\"async\" src=\"https:\/\/www.europesays.com\/fr\/wp-content\/uploads\/2025\/09\/taxi-emilien-daniel-galerie.jpg\" alt=\"Taxi\" width=\"150\" height=\"150\" loading=\"lazy\"\/><\/p>\n<p>\n\t\t\t\t\t\t\t\t\tTaxi\n\t\t\t\t\t\t\t\t<\/p>\n<p>\t\t\t\t\t\t\t\t\t<img decoding=\"async\" src=\"https:\/\/www.europesays.com\/fr\/wp-content\/uploads\/2025\/09\/les-visiteurs-galerie.jpg\" alt=\"Les Visiteurs\" width=\"150\" height=\"150\" loading=\"lazy\"\/><\/p>\n<p>\n\t\t\t\t\t\t\t\t\tLes Visiteurs\n\t\t\t\t\t\t\t\t<\/p>\n<p>\t\t\t\t\t\t\t\t\t<img decoding=\"async\" src=\"https:\/\/www.europesays.com\/fr\/wp-content\/uploads\/2025\/09\/collage-sans-titre-30-min.jpg\" alt=\"Le D\u00eener de Cons\" width=\"150\" height=\"150\" loading=\"lazy\"\/><\/p>\n<p>\n\t\t\t\t\t\t\t\t\tLe D\u00eener de Cons\n\t\t\t\t\t\t\t\t<\/p>\n<p class=\"p1\">C\u2019est une r\u00e9plique du film Taxi.<\/p>\n<p>Cette r\u00e9plique vient-elle de Taxi, Les Visiteurs ou Le D\u00eener de Cons ?<\/p>\n<p>\t\t\t\t\t<img decoding=\"async\" src=\"https:\/\/www.europesays.com\/fr\/wp-content\/uploads\/2025\/09\/repliquetaxivisiteursdiner6-min.jpg\" alt=\"\u00a9 Walt Disney Studios Motion Pictures International \/ ARP S\u00e9lection\" width=\"400\" height=\"225\" loading=\"lazy\" style=\"aspect-ratio: 16\/9; object-fit: cover;\"\/><\/p>\n<p>\u00a9 Walt Disney Studios Motion Pictures International \/ ARP S\u00e9lection<\/p>\n<p>\t\t\t\t\t\t\t\t\t<img decoding=\"async\" src=\"https:\/\/www.europesays.com\/fr\/wp-content\/uploads\/2025\/09\/taxi-emilien-daniel-galerie.jpg\" alt=\"Taxi\" width=\"150\" height=\"150\" loading=\"lazy\"\/><\/p>\n<p>\n\t\t\t\t\t\t\t\t\tTaxi\n\t\t\t\t\t\t\t\t<\/p>\n<p>\t\t\t\t\t\t\t\t\t<img decoding=\"async\" src=\"https:\/\/www.europesays.com\/fr\/wp-content\/uploads\/2025\/09\/les-visiteurs-galerie.jpg\" alt=\"Les Visiteurs\" width=\"150\" height=\"150\" loading=\"lazy\"\/><\/p>\n<p>\n\t\t\t\t\t\t\t\t\tLes Visiteurs\n\t\t\t\t\t\t\t\t<\/p>\n<p>\t\t\t\t\t\t\t\t\t<img decoding=\"async\" src=\"https:\/\/www.europesays.com\/fr\/wp-content\/uploads\/2025\/09\/collage-sans-titre-30-min.jpg\" alt=\"Le D\u00eener de Cons\" width=\"150\" height=\"150\" loading=\"lazy\"\/><\/p>\n<p>\n\t\t\t\t\t\t\t\t\tLe D\u00eener de Cons\n\t\t\t\t\t\t\t\t<\/p>\n<p class=\"p1\">Il s\u2019agit d\u2019une r\u00e9plique de Daniel dans Taxi.<\/p>\n<p>Cette r\u00e9plique vient-elle de Taxi, Les Visiteurs ou Le D\u00eener de Cons ?<\/p>\n<p>\t\t\t\t\t<img decoding=\"async\" src=\"https:\/\/www.europesays.com\/fr\/wp-content\/uploads\/2025\/09\/repliquetaxivisiteursdiner7-min.jpg\" alt=\"\u00a9 Walt Disney Studios Motion Pictures International \/ ARP S\u00e9lection\" width=\"400\" height=\"225\" loading=\"lazy\" style=\"aspect-ratio: 16\/9; object-fit: cover;\"\/><\/p>\n<p>\u00a9 Walt Disney Studios Motion Pictures International \/ ARP S\u00e9lection<\/p>\n<p>\t\t\t\t\t\t\t\t\t<img decoding=\"async\" src=\"https:\/\/www.europesays.com\/fr\/wp-content\/uploads\/2025\/09\/taxi-emilien-daniel-galerie.jpg\" alt=\"Taxi\" width=\"150\" height=\"150\" loading=\"lazy\"\/><\/p>\n<p>\n\t\t\t\t\t\t\t\t\tTaxi\n\t\t\t\t\t\t\t\t<\/p>\n<p>\t\t\t\t\t\t\t\t\t<img decoding=\"async\" src=\"https:\/\/www.europesays.com\/fr\/wp-content\/uploads\/2025\/09\/les-visiteurs-galerie.jpg\" alt=\"Les Visiteurs\" width=\"150\" height=\"150\" loading=\"lazy\"\/><\/p>\n<p>\n\t\t\t\t\t\t\t\t\tLes Visiteurs\n\t\t\t\t\t\t\t\t<\/p>\n<p>\t\t\t\t\t\t\t\t\t<img decoding=\"async\" src=\"https:\/\/www.europesays.com\/fr\/wp-content\/uploads\/2025\/09\/collage-sans-titre-30-min.jpg\" alt=\"Le D\u00eener de Cons\" width=\"150\" height=\"150\" loading=\"lazy\"\/><\/p>\n<p>\n\t\t\t\t\t\t\t\t\tLe D\u00eener de Cons\n\t\t\t\t\t\t\t\t<\/p>\n<p class=\"p1\">Cette r\u00e9plique est sign\u00e9e Godefroy de Montmirail dans Les Visiteurs.<\/p>\n<p>Cette r\u00e9plique vient-elle de Taxi, Les Visiteurs ou Le D\u00eener de Cons ?<\/p>\n<p>\t\t\t\t\t<img decoding=\"async\" src=\"https:\/\/www.europesays.com\/fr\/wp-content\/uploads\/2025\/09\/repliquetaxivisiteursdiner8-min.jpg\" alt=\"\u00a9 Walt Disney Studios Motion Pictures International \/ ARP S\u00e9lection\" width=\"400\" height=\"225\" loading=\"lazy\" style=\"aspect-ratio: 16\/9; object-fit: cover;\"\/><\/p>\n<p>\u00a9 Walt Disney Studios Motion Pictures International \/ ARP S\u00e9lection<\/p>\n<p>\t\t\t\t\t\t\t\t\t<img decoding=\"async\" src=\"https:\/\/www.europesays.com\/fr\/wp-content\/uploads\/2025\/09\/taxi-emilien-daniel-galerie.jpg\" alt=\"Taxi\" width=\"150\" height=\"150\" loading=\"lazy\"\/><\/p>\n<p>\n\t\t\t\t\t\t\t\t\tTaxi\n\t\t\t\t\t\t\t\t<\/p>\n<p>\t\t\t\t\t\t\t\t\t<img decoding=\"async\" src=\"https:\/\/www.europesays.com\/fr\/wp-content\/uploads\/2025\/09\/les-visiteurs-galerie.jpg\" alt=\"Les Visiteurs\" width=\"150\" height=\"150\" loading=\"lazy\"\/><\/p>\n<p>\n\t\t\t\t\t\t\t\t\tLes Visiteurs\n\t\t\t\t\t\t\t\t<\/p>\n<p>\t\t\t\t\t\t\t\t\t<img decoding=\"async\" src=\"https:\/\/www.europesays.com\/fr\/wp-content\/uploads\/2025\/09\/collage-sans-titre-30-min.jpg\" alt=\"Le D\u00eener de Cons\" width=\"150\" height=\"150\" loading=\"lazy\"\/><\/p>\n<p>\n\t\t\t\t\t\t\t\t\tLe D\u00eener de Cons\n\t\t\t\t\t\t\t\t<\/p>\n<p class=\"p1\">Il s\u2019agit d\u2019une r\u00e9plique d\u2019\u00c9milien dans Taxi.<\/p>\n<p>Cette r\u00e9plique vient-elle de Taxi, Les Visiteurs ou Le D\u00eener de Cons ?<\/p>\n<p>\t\t\t\t\t<img decoding=\"async\" src=\"https:\/\/www.europesays.com\/fr\/wp-content\/uploads\/2025\/09\/repliquetaxivisiteursdiner9-min.jpg\" alt=\"\u00a9 Walt Disney Studios Motion Pictures International \/ ARP S\u00e9lection\" width=\"400\" height=\"225\" loading=\"lazy\" style=\"aspect-ratio: 16\/9; object-fit: cover;\"\/><\/p>\n<p>\u00a9 Walt Disney Studios Motion Pictures International \/ ARP S\u00e9lection<\/p>\n<p>\t\t\t\t\t\t\t\t\t<img decoding=\"async\" src=\"https:\/\/www.europesays.com\/fr\/wp-content\/uploads\/2025\/09\/taxi-emilien-daniel-galerie.jpg\" alt=\"Taxi\" width=\"150\" height=\"150\" loading=\"lazy\"\/><\/p>\n<p>\n\t\t\t\t\t\t\t\t\tTaxi\n\t\t\t\t\t\t\t\t<\/p>\n<p>\t\t\t\t\t\t\t\t\t<img decoding=\"async\" src=\"https:\/\/www.europesays.com\/fr\/wp-content\/uploads\/2025\/09\/les-visiteurs-galerie.jpg\" alt=\"Les Visiteurs\" width=\"150\" height=\"150\" loading=\"lazy\"\/><\/p>\n<p>\n\t\t\t\t\t\t\t\t\tLes Visiteurs\n\t\t\t\t\t\t\t\t<\/p>\n<p>\t\t\t\t\t\t\t\t\t<img decoding=\"async\" src=\"https:\/\/www.europesays.com\/fr\/wp-content\/uploads\/2025\/09\/collage-sans-titre-30-min.jpg\" alt=\"Le D\u00eener de Cons\" width=\"150\" height=\"150\" loading=\"lazy\"\/><\/p>\n<p>\n\t\t\t\t\t\t\t\t\tLe D\u00eener de Cons\n\t\t\t\t\t\t\t\t<\/p>\n<p class=\"p1\">Il fallait reconna\u00eetre une phrase de Fran\u00e7ois Pignon, \u00e0 Pierre Brochant, dans Le D\u00eener de Cons.<\/p>\n<p>Cette r\u00e9plique vient-elle de Taxi, Les Visiteurs ou Le D\u00eener de Cons ?<\/p>\n<p>\t\t\t\t\t<img decoding=\"async\" src=\"https:\/\/www.europesays.com\/fr\/wp-content\/uploads\/2025\/09\/repliquetaxivisiteursdiner10-min.jpg\" alt=\"\u00a9 Walt Disney Studios Motion Pictures International \/ ARP S\u00e9lection\" width=\"400\" height=\"225\" loading=\"lazy\" style=\"aspect-ratio: 16\/9; object-fit: cover;\"\/><\/p>\n<p>\u00a9 Walt Disney Studios Motion Pictures International \/ ARP S\u00e9lection<\/p>\n<p>\t\t\t\t\t\t\t\t\t<img decoding=\"async\" src=\"https:\/\/www.europesays.com\/fr\/wp-content\/uploads\/2025\/09\/taxi-emilien-daniel-galerie.jpg\" alt=\"Taxi\" width=\"150\" height=\"150\" loading=\"lazy\"\/><\/p>\n<p>\n\t\t\t\t\t\t\t\t\tTaxi\n\t\t\t\t\t\t\t\t<\/p>\n<p>\t\t\t\t\t\t\t\t\t<img decoding=\"async\" src=\"https:\/\/www.europesays.com\/fr\/wp-content\/uploads\/2025\/09\/les-visiteurs-galerie.jpg\" alt=\"Les Visiteurs\" width=\"150\" height=\"150\" loading=\"lazy\"\/><\/p>\n<p>\n\t\t\t\t\t\t\t\t\tLes Visiteurs\n\t\t\t\t\t\t\t\t<\/p>\n<p>\t\t\t\t\t\t\t\t\t<img decoding=\"async\" src=\"https:\/\/www.europesays.com\/fr\/wp-content\/uploads\/2025\/09\/collage-sans-titre-30-min.jpg\" alt=\"Le D\u00eener de Cons\" width=\"150\" height=\"150\" loading=\"lazy\"\/><\/p>\n<p>\n\t\t\t\t\t\t\t\t\tLe D\u00eener de Cons\n\t\t\t\t\t\t\t\t<\/p>\n<p class=\"p1\">On termine avec une r\u00e9plique de Lucien Cheval dans Le D\u00eener de Cons.<\/p>\n<p class=\"o-quiz__result-title\">Bravo !<\/p>\n<p class=\"o-quiz__result-subtitle\">Tu as obtenu un score de [[ score ]]\/[[ questions ]]<\/p>\n<p>\t\t\t\t\t\t\t\t\t<img decoding=\"async\" src=\"https:\/\/www.europesays.com\/fr\/wp-content\/uploads\/2025\/06\/jacquouille-les-visiteurs.jpg\" alt=\"Bravo !\" width=\"768\" height=\"432\" loading=\"lazy\"\/><\/p>\n<p>Incroyable mais vrai : tu as r\u00e9alis\u00e9 un sans-faute \u00e0 notre quiz ! Tu es, de toute \u00e9vidence, un grand fan de com\u00e9dies fran\u00e7aises et notamment de Taxi, Les Visiteurs et Le D\u00eener de Cons. Ce sont des films que tu as vus et revus et qui te font toujours autant rire. Bravo pour ton expertise !<\/p>\n<p>Continue sur ta lanc\u00e9e et fais nos autres <a href=\"https:\/\/www.serieously.com\/films\/taxi\/\" target=\"_blank\" rel=\"noopener nofollow\" aria-label=\"\">quiz sur Taxi<\/a>, <a href=\"https:\/\/www.serieously.com\/films\/les-visiteurs\/\" target=\"_blank\" rel=\"noopener nofollow\" aria-label=\"\">Les Visiteurs<\/a> et\/ou <a href=\"https:\/\/www.serieously.com\/films\/le-diner-de-cons\/\" target=\"_blank\" rel=\"noopener nofollow\" aria-label=\"\">Le D\u00eener de Cons<\/a> par ici.<\/p>\n<p class=\"o-quiz__result-title\">Bien jou\u00e9 !<\/p>\n<p class=\"o-quiz__result-subtitle\">Tu as obtenu un score de [[ score ]]\/[[ questions ]]<\/p>\n<p>\t\t\t\t\t\t\t\t\t<img decoding=\"async\" src=\"https:\/\/www.europesays.com\/fr\/wp-content\/uploads\/2025\/04\/francois-pignon-au-telephone-dans-le-diner-de-cons.jpg\" alt=\"Bien jou\u00e9 !\" width=\"768\" height=\"432\" loading=\"lazy\"\/><\/p>\n<p>C\u2019est un excellent score qui montre tout ton amour pour le cin\u00e9ma fran\u00e7ais et notamment les com\u00e9dies comme Taxi, Les Visiteurs et Le D\u00eener de Cons. Tu ne te lasses pas de revoir ces classiques et de rire aux \u00e9clats devant. Sois fier de toi !<\/p>\n<p>Continue sur ta lanc\u00e9e et fais nos autres <a href=\"https:\/\/www.serieously.com\/films\/taxi\/\" target=\"_blank\" rel=\"noopener nofollow\" aria-label=\"\">quiz sur Taxi<\/a>, <a href=\"https:\/\/www.serieously.com\/films\/les-visiteurs\/\" target=\"_blank\" rel=\"noopener nofollow\" aria-label=\"\">Les Visiteurs<\/a> et\/ou <a href=\"https:\/\/www.serieously.com\/films\/le-diner-de-cons\/\" target=\"_blank\" rel=\"noopener nofollow\" aria-label=\"\">Le D\u00eener de Cons<\/a> par ici.<\/p>\n<p class=\"o-quiz__result-title\">Mouais<\/p>\n<p class=\"o-quiz__result-subtitle\">Tu as obtenu un score de [[ score ]]\/[[ questions ]]<\/p>\n<p>\t\t\t\t\t\t\t\t\t<img decoding=\"async\" src=\"https:\/\/www.europesays.com\/fr\/wp-content\/uploads\/2025\/09\/daniel-dans-taxi.jpg\" alt=\"Mouais\" width=\"768\" height=\"432\" loading=\"lazy\"\/><\/p>\n<p>Quelque chose nous dit que tu es plus fan d\u2019un film que des deux autres, non ? En effet, tu sembles avoir reconnu seulement certaines r\u00e9pliques de notre quiz\u2026 Ou alors, \u00e7a fait bien trop longtemps que tu n\u2019as pas revu ces classiques du cin\u00e9ma fran\u00e7ais !<\/p>\n<p>Entra\u00eene-toi et fais nos autres <a href=\"https:\/\/www.serieously.com\/films\/taxi\/\" target=\"_blank\" rel=\"noopener nofollow\" aria-label=\"\">quiz sur Taxi<\/a>, <a href=\"https:\/\/www.serieously.com\/films\/les-visiteurs\/\" target=\"_blank\" rel=\"noopener nofollow\" aria-label=\"\">Les Visiteurs<\/a> et\/ou <a href=\"https:\/\/www.serieously.com\/films\/le-diner-de-cons\/\" target=\"_blank\" rel=\"noopener nofollow\" aria-label=\"\">Le D\u00eener de Cons<\/a> par ici.<\/p>\n<p>\u00a0<\/p>\n<p class=\"o-quiz__result-title\">\u00c9chec&#8230;<\/p>\n<p class=\"o-quiz__result-subtitle\">Tu as obtenu un score de [[ score ]]\/[[ questions ]]<\/p>\n<p>\t\t\t\t\t\t\t\t\t<img decoding=\"async\" src=\"https:\/\/www.europesays.com\/fr\/wp-content\/uploads\/2025\/04\/quizgrandiledinerdecons7-min.jpg\" alt=\"\u00c9chec...\" width=\"768\" height=\"432\" loading=\"lazy\"\/><\/p>\n<p>A\u00efe a\u00efe a\u00efe\u2026 Comment as-tu pu faire un score aussi d\u00e9sastreux \u00e0 notre quiz ?! Ces films sont pourtant culte et multi-rediffus\u00e9s ! Va vite les (re)voir si tu souhaites faire mieux la prochaine fois !<\/p>\n<p>Rattrape-toi et fais nos autres <a href=\"https:\/\/www.serieously.com\/films\/taxi\/\" target=\"_blank\" rel=\"noopener nofollow\" aria-label=\"\">quiz sur Taxi<\/a>, <a href=\"https:\/\/www.serieously.com\/films\/les-visiteurs\/\" target=\"_blank\" rel=\"noopener nofollow\" aria-label=\"\">Les Visiteurs<\/a> et\/ou <a href=\"https:\/\/www.serieously.com\/films\/le-diner-de-cons\/\" target=\"_blank\" rel=\"noopener nofollow\" aria-label=\"\">Le D\u00eener de Cons<\/a> par ici.<\/p>\n<p>\t\tRecommencer le quiz<\/p>\n<p>\t\t\t<img decoding=\"async\" src=\"https:\/\/www.europesays.com\/fr\/wp-content\/uploads\/2025\/09\/eliott-bleu.jpg\" alt=\"Eliott Azoulai\" width=\"70\" height=\"70\" loading=\"lazy\"\/><\/p>\n<p class=\"m-user__name\">Eliott Azoulai<\/p>\n<p class=\"m-user__job\">Journaliste<\/p>\n<p class=\"m-user__description\">Passionn\u00e9 par les s\u00e9ries depuis ma plus tendre enfance, je voue un culte \u00e0 Desperate Housewives, Ugly Betty et Dynastie. Je suis \u00e9galement tr\u00e8s friand de com\u00e9dies fran\u00e7aises, comme Nos Jours Heureux et Le D\u00eener de Cons, de productions Disney Channel, de musique pop et de Star Academy.<\/p>\n<p>\n\t\t\t\t\t\t\t\t\t\t\t\t@eliottazzz<br \/>\n\t\t\t\t\t\t\t\t\t\t\t\t\t\t\t\t\t\t\tContacter<br \/>\n\t\t\t\t\t\tEliott\n\t\t\t\t\t\t\t\t\t<\/p>\n<p>Lundi&rsquo;spensable<\/p>\n<p class=\"mt-4 mb-4 text-xl text-center\">Le meilleur de <\/p>\n<p> dans ta boite mail<\/p>\n","protected":false},"excerpt":{"rendered":"Accueil &gt; Quiz &gt; Quiz : ces 10 r\u00e9pliques viennent-elles de Taxi, Les Visiteurs ou Le D\u00eener de&hellip;\n","protected":false},"author":2,"featured_media":366896,"comment_status":"","ping_status":"","sticky":false,"template":"","format":"standard","meta":{"footnotes":""},"categories":[1354],"tags":[58,59,1346,1011,27,1360],"class_list":{"0":"post-366895","1":"post","2":"type-post","3":"status-publish","4":"format-standard","5":"has-post-thumbnail","7":"category-films","8":"tag-divertissement","9":"tag-entertainment","10":"tag-films","11":"tag-fr","12":"tag-france","13":"tag-movies"},"share_on_mastodon":{"url":"https:\/\/pubeurope.com\/@fr\/115148761425596670","error":""},"_links":{"self":[{"href":"https:\/\/www.europesays.com\/fr\/wp-json\/wp\/v2\/posts\/366895","targetHints":{"allow":["GET"]}}],"collection":[{"href":"https:\/\/www.europesays.com\/fr\/wp-json\/wp\/v2\/posts"}],"about":[{"href":"https:\/\/www.europesays.com\/fr\/wp-json\/wp\/v2\/types\/post"}],"author":[{"embeddable":true,"href":"https:\/\/www.europesays.com\/fr\/wp-json\/wp\/v2\/users\/2"}],"replies":[{"embeddable":true,"href":"https:\/\/www.europesays.com\/fr\/wp-json\/wp\/v2\/comments?post=366895"}],"version-history":[{"count":0,"href":"https:\/\/www.europesays.com\/fr\/wp-json\/wp\/v2\/posts\/366895\/revisions"}],"wp:featuredmedia":[{"embeddable":true,"href":"https:\/\/www.europesays.com\/fr\/wp-json\/wp\/v2\/media\/366896"}],"wp:attachment":[{"href":"https:\/\/www.europesays.com\/fr\/wp-json\/wp\/v2\/media?parent=366895"}],"wp:term":[{"taxonomy":"category","embeddable":true,"href":"https:\/\/www.europesays.com\/fr\/wp-json\/wp\/v2\/categories?post=366895"},{"taxonomy":"post_tag","embeddable":true,"href":"https:\/\/www.europesays.com\/fr\/wp-json\/wp\/v2\/tags?post=366895"}],"curies":[{"name":"wp","href":"https:\/\/api.w.org\/{rel}","templated":true}]}}