{"id":366903,"date":"2025-09-05T00:05:09","date_gmt":"2025-09-05T00:05:09","guid":{"rendered":"https:\/\/www.europesays.com\/fr\/366903\/"},"modified":"2025-09-05T00:05:09","modified_gmt":"2025-09-05T00:05:09","slug":"xgimi-vise-les-cinephiles-avec-ses-nouveaux-videoprojecteurs-4k-horizon-20-et-le-titan-son-premier-modele-pro-les-numeriques","status":"publish","type":"post","link":"https:\/\/www.europesays.com\/fr\/366903\/","title":{"rendered":"Xgimi vise les cin\u00e9philes avec ses nouveaux vid\u00e9oprojecteurs 4K Horizon 20 et le Titan, son premier mod\u00e8le pro &#8211; Les Num\u00e9riques"},"content":{"rendered":"<ol>\n<li><a href=\"https:\/\/news.google.com\/rss\/articles\/CBMi_AFBVV95cUxPRnR1cVpLRHNOMXN6VkFxNnh0TlkwVUtFS3ZTeGVKcjNrd0dOQnJJTXFjaXVMN2tyeG5oZUIyeDRWLUVyRG1XcmFRNGx1WmtDUUpVSUdaVFhVbE9RdnRNVG9FU1dRV01veG44UjVlLUNEYkV1cWVlWEoya2dzMHFUSzVta1owVzAzc2JSWEZ1TzZUNldDVmRmQmxrN0tjM0xZS0hNSk16Rk05dHlQOVJNMjZ4cjNyWW1LblZHOWl5NHRYaUNTZGZ1NTFmN1hpdFR0VXJ2NEl2RUxPaEpBbXlPMkppRnN0VnpRa0w3UW9uMlVsTFpYdWY3VE1WSVg?oc=5\" target=\"_blank\" rel=\"nofollow noopener\">Xgimi vise les cin\u00e9philes avec ses nouveaux vid\u00e9oprojecteurs 4K Horizon 20 et le Titan, son premier mod\u00e8le pro<\/a>&nbsp;&nbsp;Les Num\u00e9riques<\/li>\n<li><a href=\"https:\/\/news.google.com\/rss\/articles\/CBMiekFVX3lxTE9NOGVScC1jNmxyYmo1Z3FLeWw4QVNROTI2bUF0alN5VWFFQkhWNS15ODJzN2NoQjg4dzd5QzdJbHpaYUZub0hvYzlmVWxEd1IzdGFzdEJPR2I5dnUySUtBbTBrZWpjR1pjQVA2RTNhcjN4Nm1JT1JtSWRB?oc=5\" target=\"_blank\" rel=\"nofollow noopener\">IFA : XGIMI r\u00e9ussit sa rentr\u00e9e avec de nouveaux vid\u00e9oprojecteurs \u00ab\u00a0Horizon 20\u00a0\u00bb et \u00ab\u00a0Titan\u00a0\u00bb<\/a>&nbsp;&nbsp;Presse-citron<\/li>\n<li><a href=\"https:\/\/news.google.com\/rss\/articles\/CBMirAFBVV95cUxNUjRzUEhhcUtubTRJVkhUSFBCTnhnRlpQbVk2X0tUY1J3Zk8teV8yR2VFUzNuV1ZEVmZtTHh2aXlqRjF3RFRwUEpaZENJTURuM2Fkck1iQzc5X3EwYms3N2NDS2QtVjJoQ3BHVkFyYzZsNjBraGh6ODEyYloxYVJmUnp4UjlLWHMxSGdEQ2htcEZvTkR5eWxyTjdWOUNzYk5iQUt5dERSTEJiQVFz?oc=5\" target=\"_blank\" rel=\"nofollow noopener\">IFA 25 &gt; (MAJ) Xgimi Titan 4K, objectif march\u00e9 professionnel et Home Cin\u00e9ma de luxe<\/a>&nbsp;&nbsp;AVcesar<\/li>\n<li><a href=\"https:\/\/news.google.com\/rss\/articles\/CBMipwFBVV95cUxOQnQwOENiNnI4Z1pfSUpDXzlrRTUyemhQYlBQSmwwY2Q2c0x0Z1pla0lqM01LejktVm02QlFQVkFUX3owRUtDTXVDRGVrWktsbTN4UWl0Y0NHR3dlM2ZYZDJQN2R3Z2syZDZURXJNSGFmZm9qOXZ5MU1kSTR3Wm1UU0NTWVU4UklBOW5xa0NWbF9PWno0WThSbVJsV05iRXRCbkg0Y1hGNA?oc=5\" target=\"_blank\" rel=\"nofollow noopener\">XGIMI veut casser les codes de la projection pro avec Titan<\/a>&nbsp;&nbsp;Clubic<\/li>\n<li><a href=\"https:\/\/news.google.com\/rss\/articles\/CBMiuAFBVV95cUxPc2NwRHJmMU1BWW1rWElyZlNSdDZldm1VTXRyZmlsZElPcjI1U3BGaUN5S09QLVhCeTlnTk9xODhpa0swYm83TjVDX2NzNkFrQVVQSVptU25vYTFBVzVCSGdGcTBrUnpJV3hhSEZVN2ZVMi1OMUMyaXQ1b2c1R3l1c3hvcG1oeTQxc3VLRk16T0RiYk1PMFJEdl9JaFR4SUN0THpHSW0zSUM4ZmZlUW54cGJYdnVBTE9w?oc=5\" target=\"_blank\" rel=\"nofollow noopener\">Xgimi Horizon 20 Series : prochaines r\u00e9f\u00e9rences pour le cin\u00e9ma \u00e0 la maison ?<\/a>&nbsp;&nbsp;Frandroid<\/li>\n<\/ol>\n","protected":false},"excerpt":{"rendered":"Xgimi vise les cin\u00e9philes avec ses nouveaux vid\u00e9oprojecteurs 4K Horizon 20 et le Titan, son premier mod\u00e8le pro&nbsp;&nbsp;Les&hellip;\n","protected":false},"author":2,"featured_media":1445,"comment_status":"","ping_status":"","sticky":false,"template":"","format":"standard","meta":{"footnotes":""},"categories":[7],"tags":[1011,27,43,40,41,39,42,44],"class_list":{"0":"post-366903","1":"post","2":"type-post","3":"status-publish","4":"format-standard","5":"has-post-thumbnail","7":"category-sciences-et-technologies","8":"tag-fr","9":"tag-france","10":"tag-science","11":"tag-science-and-technology","12":"tag-sciences","13":"tag-sciences-et-technologies","14":"tag-technologies","15":"tag-technology"},"share_on_mastodon":{"url":"https:\/\/pubeurope.com\/@fr\/115148772106882682","error":""},"_links":{"self":[{"href":"https:\/\/www.europesays.com\/fr\/wp-json\/wp\/v2\/posts\/366903","targetHints":{"allow":["GET"]}}],"collection":[{"href":"https:\/\/www.europesays.com\/fr\/wp-json\/wp\/v2\/posts"}],"about":[{"href":"https:\/\/www.europesays.com\/fr\/wp-json\/wp\/v2\/types\/post"}],"author":[{"embeddable":true,"href":"https:\/\/www.europesays.com\/fr\/wp-json\/wp\/v2\/users\/2"}],"replies":[{"embeddable":true,"href":"https:\/\/www.europesays.com\/fr\/wp-json\/wp\/v2\/comments?post=366903"}],"version-history":[{"count":0,"href":"https:\/\/www.europesays.com\/fr\/wp-json\/wp\/v2\/posts\/366903\/revisions"}],"wp:featuredmedia":[{"embeddable":true,"href":"https:\/\/www.europesays.com\/fr\/wp-json\/wp\/v2\/media\/1445"}],"wp:attachment":[{"href":"https:\/\/www.europesays.com\/fr\/wp-json\/wp\/v2\/media?parent=366903"}],"wp:term":[{"taxonomy":"category","embeddable":true,"href":"https:\/\/www.europesays.com\/fr\/wp-json\/wp\/v2\/categories?post=366903"},{"taxonomy":"post_tag","embeddable":true,"href":"https:\/\/www.europesays.com\/fr\/wp-json\/wp\/v2\/tags?post=366903"}],"curies":[{"name":"wp","href":"https:\/\/api.w.org\/{rel}","templated":true}]}}