{"id":366904,"date":"2025-09-05T00:06:14","date_gmt":"2025-09-05T00:06:14","guid":{"rendered":"https:\/\/www.europesays.com\/fr\/366904\/"},"modified":"2025-09-05T00:06:14","modified_gmt":"2025-09-05T00:06:14","slug":"la-cour-des-comptes-preconise-de-tailler-dans-les-36-milliards-depenses-chaque-annee-par-la-secu","status":"publish","type":"post","link":"https:\/\/www.europesays.com\/fr\/366904\/","title":{"rendered":"la Cour des comptes pr\u00e9conise de tailler dans les 36\u00a0milliards d\u00e9pens\u00e9s chaque ann\u00e9e par la S\u00e9cu"},"content":{"rendered":"<p><strong>D\u00c9CRYPTAGE <\/strong>&#8211; Face \u00e0 une forte hausse des d\u00e9penses, la Cour recommande d\u2019identifier les professionnels qui ont tendance \u00e0 surcharger les ordonnances, et de mieux accompagner les prescriptions r\u00e9alis\u00e9es pour lutter contre les m\u00e9susages.<\/p>\n<p class=\"fig-paragraph\">Derri\u00e8re un simple cachet se cache tout un syst\u00e8me, qui non seulement co\u00fbte cher \u00e0 la collectivit\u00e9, mais s\u2019av\u00e8re \u00e9galement polluant et potentiellement dangereux pour la sant\u00e9. Dans un rapport publi\u00e9 ce jeudi sur le bon usage des m\u00e9dicaments en France,\u00a0<a href=\"http:\/\/www.lefigaro.fr\/actualite-france\/la-cour-des-comptes-cimetiere-des-elephants-socialistes-ou-pierre-moscovici-fait-regner-la-loi-de-la-jungle-20250718\" data-fig-type=\"Article\" data-gtm-custom-categorie=\"navigation\" data-gtm-custom-action=\"crossclick\" data-gtm-custom-label=\"Contextuel\" data-gtm-event=\"customEventSPE\" data-fig-domain=\"LEFIGARO\" rel=\"nofollow noopener\" target=\"_blank\">la Cour des comptes<\/a>\u00a0pr\u00e9conise un traitement de choc pour diminuer les d\u00e9penses faites par l\u2019Assurance-maladie. Car il y a fort \u00e0 faire\u00a0: en 2023 les remboursements de produits de sant\u00e9 ont co\u00fbt\u00e9 plus de 36\u00a0milliards d\u2019euros \u00e0 cette caisse\u00a0<a href=\"http:\/\/www.lefigaro.fr\/conjoncture\/comment-le-gouvernement-veut-redresser-les-comptes-de-la-securite-sociale-20250603\" data-fig-type=\"Article\" data-gtm-custom-categorie=\"navigation\" data-gtm-custom-action=\"crossclick\" data-gtm-custom-label=\"Contextuel\" data-gtm-event=\"customEventSPE\" data-fig-domain=\"LEFIGARO\" rel=\"nofollow noopener\" target=\"_blank\">de la S\u00e9curit\u00e9 sociale<\/a>. Une dynamique dispendieuse que seules des mesures fortes pourraient r\u00e9ussir \u00e0 enrayer.<\/p>\n<p class=\"fig-paragraph\">Pour que les m\u00e9dicaments co\u00fbtent moins cher \u00e0 l\u2019Assurance-maladie, il faut d\u2019abord intervenir en amont, notent les Sages de la Rue Cambon. Les d\u00e9penses de remboursement de m\u00e9dicaments ont augment\u00e9 de pr\u00e8s de 12\u00a0% entre 2019 et 2023, mais ce ph\u00e9nom\u00e8ne s\u2019observe \u00ab\u00a0plus particuli\u00e8rement sur les m\u00e9dicaments et sur les prescriptions des m\u00e9decins exer\u00e7ant en \u00e9tablissements de sant\u00e9\u00a0\u00bb, en lien\u2026<\/p>\n<p class=\"fig-premium-paywall__infos\">\n        Cet article est r\u00e9serv\u00e9 aux abonn\u00e9s.        Il vous reste 82% \u00e0 d\u00e9couvrir.\n    <\/p>\n<p>                <img  data- alt=\"Le Figaro\" class=\"fig-img--complete fig-img\"\/><\/p>\n<p class=\"fig-premium-paywall__title\">Vente Flash<\/p>\n<p class=\"fig-premium-paywall__subtitle\">4,99\u20ac par mois pendant 12 mois. Sans engagement<\/p>\n<p class=\"fig-premium-paywall__connect\">\n                D\u00e9j\u00e0 abonn\u00e9\u00a0?                <a class=\"fig-premium-paywall__connect-link\" href=\"https:\/\/connect.lefigaro.fr\/login?client=horizon_web&amp;type=main&amp;redirect_uri=https%3A%2F%2Fwww.lefigaro.fr%2Fconjoncture%2Fmedicaments-la-cour-des-comptes-preconise-de-tailler-dans-les-36-milliards-depenses-chaque-annee-par-la-secu-20250904\" data-js-gtm=\"{&quot;customCategorie&quot;: &quot;conversion&quot;, &quot;customAction&quot;: &quot;before_Landing_Connexion_paywall_auto&quot;, &quot;customLabel&quot;: &quot;bGVmaWdhcm8uZnJfXzFmMDg5NzFkLTExZGMtNjhkOC05YzFjLTJmY2MwMTA4MjA0Yl9fQXJ0aWNsZQ==_M\u00e9dicaments\u00a0: la Cour des comptes pr\u00e9conise de tailler dans les 36\u00a0milliards d\u00e9pens\u00e9s chaque ann\u00e9e par la S\u00e9cu_394&quot;, &quot;customIDSPE&quot;: &quot;bGVmaWdhcm8uZnJfXzFmMDg5NzFkLTExZGMtNjhkOC05YzFjLTJmY2MwMTA4MjA0Yl9fQXJ0aWNsZQ==&quot;, &quot;event&quot;: &quot;customEventSPE&quot;}\" rel=\"nofollow noopener\" target=\"_blank\"><br \/>\n                    Connectez-vous<br \/>\n                <\/a>\n            <\/p>\n","protected":false},"excerpt":{"rendered":"D\u00c9CRYPTAGE &#8211; Face \u00e0 une forte hausse des d\u00e9penses, la Cour recommande d\u2019identifier les professionnels qui ont tendance&hellip;\n","protected":false},"author":2,"featured_media":366905,"comment_status":"","ping_status":"","sticky":false,"template":"","format":"standard","meta":{"footnotes":""},"categories":[6],"tags":[732,35,33,34,1011,27,71],"class_list":{"0":"post-366904","1":"post","2":"type-post","3":"status-publish","4":"format-standard","5":"has-post-thumbnail","7":"category-economie","8":"tag-assurance-maladie","9":"tag-business","10":"tag-economie","11":"tag-economy","12":"tag-fr","13":"tag-france","14":"tag-sante"},"share_on_mastodon":{"url":"https:\/\/pubeurope.com\/@fr\/115148776337865070","error":""},"_links":{"self":[{"href":"https:\/\/www.europesays.com\/fr\/wp-json\/wp\/v2\/posts\/366904","targetHints":{"allow":["GET"]}}],"collection":[{"href":"https:\/\/www.europesays.com\/fr\/wp-json\/wp\/v2\/posts"}],"about":[{"href":"https:\/\/www.europesays.com\/fr\/wp-json\/wp\/v2\/types\/post"}],"author":[{"embeddable":true,"href":"https:\/\/www.europesays.com\/fr\/wp-json\/wp\/v2\/users\/2"}],"replies":[{"embeddable":true,"href":"https:\/\/www.europesays.com\/fr\/wp-json\/wp\/v2\/comments?post=366904"}],"version-history":[{"count":0,"href":"https:\/\/www.europesays.com\/fr\/wp-json\/wp\/v2\/posts\/366904\/revisions"}],"wp:featuredmedia":[{"embeddable":true,"href":"https:\/\/www.europesays.com\/fr\/wp-json\/wp\/v2\/media\/366905"}],"wp:attachment":[{"href":"https:\/\/www.europesays.com\/fr\/wp-json\/wp\/v2\/media?parent=366904"}],"wp:term":[{"taxonomy":"category","embeddable":true,"href":"https:\/\/www.europesays.com\/fr\/wp-json\/wp\/v2\/categories?post=366904"},{"taxonomy":"post_tag","embeddable":true,"href":"https:\/\/www.europesays.com\/fr\/wp-json\/wp\/v2\/tags?post=366904"}],"curies":[{"name":"wp","href":"https:\/\/api.w.org\/{rel}","templated":true}]}}