{"id":366911,"date":"2025-09-05T00:10:10","date_gmt":"2025-09-05T00:10:10","guid":{"rendered":"https:\/\/www.europesays.com\/fr\/366911\/"},"modified":"2025-09-05T00:10:10","modified_gmt":"2025-09-05T00:10:10","slug":"unieux-retire-le-thon-de-ces-menus-de-cantine-la-maison-de-sante-de-firminy-continue-son-developpement-des-rails-de-pres-de-200-ans-ont-ete-decouverts-a-andrezieux-boutheon-les-nouveaux-eleves-d","status":"publish","type":"post","link":"https:\/\/www.europesays.com\/fr\/366911\/","title":{"rendered":"Unieux retire le thon de ces menus de cantine \/ La maison de sant\u00e9 de Firminy continue son d\u00e9veloppement \/ Des rails de pr\u00e8s de 200 ans ont \u00e9t\u00e9 d\u00e9couverts \u00e0 Andr\u00e9zieux-Bouth\u00e9on \/ Les nouveaux \u00e9l\u00e8ves de l&rsquo;\u00e9cole des mines font leur journ\u00e9e d&rsquo;int\u00e9gration dan &#8211; Le JT"},"content":{"rendered":"<p>Prochaine \u00e9mission<\/p>\n<p> 5 septembre \u00e0 19:00<\/p>\n<p>\t\t\t\t\t\t\t\t&#8211; Orages : foudre et inondations frappent Saint-Galmier, et Saint-Chamond, sans bless\u00e9s.<\/p>\n<p>&#8211; Bruno Retailleau attendu vendredi dans la Loire, \u00e0 Saint-Just-en-Chevalet et Roanne.<\/p>\n<p>&#8211; Unieux et d&rsquo;autres communes retirent le thon des cantines scolaires pour exc\u00e8s de mercure.<\/p>\n<p>&#8211; Loire : 22 enqu\u00eates ouvertes sur une arnaque bancaire impliquant de faux conseillers et coursiers.<\/p>\n<p>&#8211; Le canal d&rsquo;Uzor inaugur\u00e9 apr\u00e8s de longs travaux alliant \u00e9cologie et patrimoine local.<\/p>\n<p>&#8211; \u00c0 Firminy, la maison de sant\u00e9 accueille deux nouveaux praticiens pour renforcer l&rsquo;offre m\u00e9dicale.<\/p>\n<p>&#8211; Deux plaintes pour harc\u00e8lement et outrages sexistes visent Roland Romeyer, ex-dirigeant de l&rsquo;ASSE.<\/p>\n<p>&#8211; La pr\u00e9fecture confirme la pr\u00e9sence d&rsquo;un loup dans le Pilat et le Gier apr\u00e8s des attaques d&rsquo;ovins.<\/p>\n<p>&#8211; Journ\u00e9e d&rsquo;int\u00e9gration : les \u00e9tudiants de l&rsquo;\u00e9cole des Mines de Saint-\u00c9tienne d\u00e9couvrent l&rsquo;agriculture au Pilat.<\/p>\n<p>&#8211; \u00c0 Andr\u00e9zieux-Bouth\u00e9on, des rails de 1827, vestiges de la premi\u00e8re ligne ferroviaire fran\u00e7aise, retrouv\u00e9s.<\/p>\n<p>&#8211; Dans la Loire, trois g\u00e9n\u00e9rations n\u00e9es le 6 ao\u00fbt transforment une date en anniversaire familial.&#13;\n\t\t\t\t\t\t\t\t<\/p>\n<p><strong>Retrouvez toute l&rsquo;info de la Loire du lundi au vendredi a\u0300 19h<\/strong><\/p>\n<p>Rediffusion : 20h30 \/ 22h30 \/ 6h00 \/ 7h00 \/ 8h00 \/ 9h00 \/ 12h30 \/ 13h30<\/p>\n","protected":false},"excerpt":{"rendered":"Prochaine \u00e9mission 5 septembre \u00e0 19:00 &#8211; Orages : foudre et inondations frappent Saint-Galmier, et Saint-Chamond, sans bless\u00e9s.&hellip;\n","protected":false},"author":2,"featured_media":366912,"comment_status":"","ping_status":"","sticky":false,"template":"","format":"standard","meta":{"footnotes":""},"categories":[9653],"tags":[1111,11,2430,1777,674,1011,27,12,25,4001],"class_list":{"0":"post-366911","1":"post","2":"type-post","3":"status-publish","4":"format-standard","5":"has-post-thumbnail","7":"category-saint-etienne","8":"tag-actu","9":"tag-actualites","10":"tag-auvergne-rhone-alpes","11":"tag-eu","12":"tag-europe","13":"tag-fr","14":"tag-france","15":"tag-news","16":"tag-republique-francaise","17":"tag-saint-etienne"},"share_on_mastodon":{"url":"https:\/\/pubeurope.com\/@fr\/115148791744013348","error":""},"_links":{"self":[{"href":"https:\/\/www.europesays.com\/fr\/wp-json\/wp\/v2\/posts\/366911","targetHints":{"allow":["GET"]}}],"collection":[{"href":"https:\/\/www.europesays.com\/fr\/wp-json\/wp\/v2\/posts"}],"about":[{"href":"https:\/\/www.europesays.com\/fr\/wp-json\/wp\/v2\/types\/post"}],"author":[{"embeddable":true,"href":"https:\/\/www.europesays.com\/fr\/wp-json\/wp\/v2\/users\/2"}],"replies":[{"embeddable":true,"href":"https:\/\/www.europesays.com\/fr\/wp-json\/wp\/v2\/comments?post=366911"}],"version-history":[{"count":0,"href":"https:\/\/www.europesays.com\/fr\/wp-json\/wp\/v2\/posts\/366911\/revisions"}],"wp:featuredmedia":[{"embeddable":true,"href":"https:\/\/www.europesays.com\/fr\/wp-json\/wp\/v2\/media\/366912"}],"wp:attachment":[{"href":"https:\/\/www.europesays.com\/fr\/wp-json\/wp\/v2\/media?parent=366911"}],"wp:term":[{"taxonomy":"category","embeddable":true,"href":"https:\/\/www.europesays.com\/fr\/wp-json\/wp\/v2\/categories?post=366911"},{"taxonomy":"post_tag","embeddable":true,"href":"https:\/\/www.europesays.com\/fr\/wp-json\/wp\/v2\/tags?post=366911"}],"curies":[{"name":"wp","href":"https:\/\/api.w.org\/{rel}","templated":true}]}}