{"id":366913,"date":"2025-09-05T00:11:11","date_gmt":"2025-09-05T00:11:11","guid":{"rendered":"https:\/\/www.europesays.com\/fr\/366913\/"},"modified":"2025-09-05T00:11:11","modified_gmt":"2025-09-05T00:11:11","slug":"lasse-recrute-un-jeune-international-malien-off","status":"publish","type":"post","link":"https:\/\/www.europesays.com\/fr\/366913\/","title":{"rendered":"l&rsquo;ASSE recrute un jeune international malien (off)"},"content":{"rendered":"<p>Zapping Foot National Entretien &#8211; Les dessous du football amateur, avec Romain Molina<\/p>\n<p>Alors que le mercato estival a officiellement ferm\u00e9 ses portes le lundi 1er septembre, les clubs fran\u00e7ais continuent de s&rsquo;activer pour renforcer leurs effectifs. Dans ce contexte, l&rsquo;AS Saint-\u00c9tienne a officialis\u00e9 l&rsquo;arriv\u00e9e d&rsquo;un jeune espoir africain, Modibo Sissoko. Le milieu de terrain de 18 ans a \u00e9t\u00e9 recrut\u00e9 en provenance du Guidars FC, au Mali, sous la forme d&rsquo;un pr\u00eat assorti d&rsquo;une option d&rsquo;achat. Un renfort de choix qui, dans un premier temps, viendra garnir les rangs de l&rsquo;\u00e9quipe r\u00e9serve st\u00e9phanoise en National 3.<\/p>\n<blockquote class=\"twitter-tweet\">\n<p dir=\"ltr\" lang=\"fr\">Jeune international malien \ud83c\uddf2\ud83c\uddf1, Modibo Sissoko (18 ans) rejoint l\u2019AS Saint-\u00c9tienne !<\/p>\n<p>Le milieu de terrain offensif pr\u00eat\u00e9 avec option d&rsquo;achat par le Guidars FC (Mali) \u00e9voluera d&rsquo;abord avec le groupe R\u00e9serve \ud83d\udc47<\/p>\n<p>\u2014 AS Saint-\u00c9tienne (@ASSEofficiel) <a href=\"https:\/\/twitter.com\/ASSEofficiel\/status\/1963602960656880083?ref_src=twsrc%5Etfw\" rel=\"nofollow noopener\" target=\"_blank\">September 4, 2025<\/a><\/p>\n<\/blockquote>\n<p><strong>Une ambition affich\u00e9e pour l&rsquo;avenir<\/strong><\/p>\n<p>Cette arriv\u00e9e s&rsquo;inscrit dans la politique de l&rsquo;AS Saint-\u00c9tienne de miser sur de jeunes talents prometteurs. Pour Modibo Sissoko, l&rsquo;objectif est clair : \u00ab\u00a0Travailler dur, progresser chaque jour et aider l\u2019\u00e9quipe r\u00e9serve est mon projet avec l&rsquo;AS Saint-\u00c9tienne\u00a0\u00bb, a-t-il d\u00e9clar\u00e9. Le jeune Malien nourrit \u00e9galement des ambitions \u00e0 plus long terme. \u00ab\u00a0Mon objectif \u00e0 plus long terme est aussi de pouvoir montrer toutes mes qualit\u00e9s pour m\u00e9riter ma chance \u00e0 l&rsquo;\u00e9chelon sup\u00e9rieur et un jour, int\u00e9grer l\u2019\u00e9quipe premi\u00e8re. Je vais tout faire pour.\u00a0\u00bb Des propos qui t\u00e9moignent de sa d\u00e9termination \u00e0 s&rsquo;imposer en France et \u00e0 gravir les \u00e9chelons au sein du club.<\/p>\n<p>Partagez cette info avec vos amis et vos proches en cliquant ici<br \/>Pour r\u00e9sumer<\/p>\n<p>Modibo Sissoko, jeune milieu de terrain malien de 18 ans, est la nouvelle recrue de l&rsquo;AS Saint-\u00c9tienne. Le club l&rsquo;a recrut\u00e9 sous la forme d&rsquo;un pr\u00eat avec option d&rsquo;achat en provenance du Guidars FC. Dans un premier temps, il \u00e9voluera avec l&rsquo;\u00e9quipe r\u00e9serve en National 3.<\/p>\n<p> <img decoding=\"async\" width=\"76\" height=\"76\" loading=\"lazy\" src=\"https:\/\/static.wui.fr\/images_v3\/avatar-footnational.png\" alt=\"Aris Djennadi\"\/><script async src=\"https:\/\/platform.twitter.com\/widgets.js\" charset=\"utf-8\"><\/script><\/p>\n","protected":false},"excerpt":{"rendered":"Zapping Foot National Entretien &#8211; Les dessous du football amateur, avec Romain Molina Alors que le mercato estival&hellip;\n","protected":false},"author":2,"featured_media":366914,"comment_status":"","ping_status":"","sticky":false,"template":"","format":"standard","meta":{"footnotes":""},"categories":[9653],"tags":[1111,11,2430,1777,674,1011,27,12,25,4001],"class_list":{"0":"post-366913","1":"post","2":"type-post","3":"status-publish","4":"format-standard","5":"has-post-thumbnail","7":"category-saint-etienne","8":"tag-actu","9":"tag-actualites","10":"tag-auvergne-rhone-alpes","11":"tag-eu","12":"tag-europe","13":"tag-fr","14":"tag-france","15":"tag-news","16":"tag-republique-francaise","17":"tag-saint-etienne"},"share_on_mastodon":{"url":"https:\/\/pubeurope.com\/@fr\/115148795686219743","error":""},"_links":{"self":[{"href":"https:\/\/www.europesays.com\/fr\/wp-json\/wp\/v2\/posts\/366913","targetHints":{"allow":["GET"]}}],"collection":[{"href":"https:\/\/www.europesays.com\/fr\/wp-json\/wp\/v2\/posts"}],"about":[{"href":"https:\/\/www.europesays.com\/fr\/wp-json\/wp\/v2\/types\/post"}],"author":[{"embeddable":true,"href":"https:\/\/www.europesays.com\/fr\/wp-json\/wp\/v2\/users\/2"}],"replies":[{"embeddable":true,"href":"https:\/\/www.europesays.com\/fr\/wp-json\/wp\/v2\/comments?post=366913"}],"version-history":[{"count":0,"href":"https:\/\/www.europesays.com\/fr\/wp-json\/wp\/v2\/posts\/366913\/revisions"}],"wp:featuredmedia":[{"embeddable":true,"href":"https:\/\/www.europesays.com\/fr\/wp-json\/wp\/v2\/media\/366914"}],"wp:attachment":[{"href":"https:\/\/www.europesays.com\/fr\/wp-json\/wp\/v2\/media?parent=366913"}],"wp:term":[{"taxonomy":"category","embeddable":true,"href":"https:\/\/www.europesays.com\/fr\/wp-json\/wp\/v2\/categories?post=366913"},{"taxonomy":"post_tag","embeddable":true,"href":"https:\/\/www.europesays.com\/fr\/wp-json\/wp\/v2\/tags?post=366913"}],"curies":[{"name":"wp","href":"https:\/\/api.w.org\/{rel}","templated":true}]}}