{"id":366915,"date":"2025-09-05T00:12:23","date_gmt":"2025-09-05T00:12:23","guid":{"rendered":"https:\/\/www.europesays.com\/fr\/366915\/"},"modified":"2025-09-05T00:12:23","modified_gmt":"2025-09-05T00:12:23","slug":"conference-sciences-societe-quel-type-de-connaissances-produit-la-physique-factuel","status":"publish","type":"post","link":"https:\/\/www.europesays.com\/fr\/366915\/","title":{"rendered":"[Conf\u00e9rence Sciences &#038; Soci\u00e9t\u00e9] Quel type de connaissances produit la physique ? &#8211; Factuel"},"content":{"rendered":"<p>Temps de lecture : 1 minute<\/p>\n<p>Informations pratiques<\/p>\n<p><strong>Localisation<\/strong> : IUT Nancy-Charlemagne, 2 Ter Boulevard Charlemagne<\/p>\n<p> <strong>Date de d\u00e9but<\/strong> : 02\/10\/2025 19:00 <strong>Date de fin<\/strong> : 02\/10\/2025 20:30<\/p>\n<p>Pour cette nouvelle rentr\u00e9e, nous vous invitons \u00e0 assister \u00e0 la prochaine conf\u00e9rence Sciences et Soci\u00e9t\u00e9 qui aura lieu jeudi 2 octobre \u00e0 19h dans l\u2019amphith\u00e9\u00e2tre Bott\u00e9 de l\u2019IUT Nancy-Charlemagne. Pablo Jensen, Directeur de recherche CNRS \u00e0 l\u2019ENS de Lyon, donnera une conf\u00e9rence qui a pour titre : Quel type de connaissances produit la physique ?\u00a0<\/p>\n<p>R\u00e9sum\u00e9 :\u00a0La physique est g\u00e9n\u00e9ralement vue comme une mani\u00e8re neutre de conna\u00eetre le monde, qu\u2019il faut dissocier de ses \u00e9ventuellement mauvaises \u00ab applications \u00bb. Le but de cette conf\u00e9rence est de questionner cette id\u00e9e en s\u2019appuyant sur l\u2019histoire et la philosophie des sciences, en abordant notamment l\u2019invention de la physique moderne par Galil\u00e9e voici quatre si\u00e8cles. Ce retour aux origines nous permettra de mieux comprendre l\u2019enchev\u00eatrement profond de notre science avec la technologie et le type de connaissances sp\u00e9cifiques qu\u2019elle produit. Cela est indispensable pour r\u00e9fl\u00e9chir \u00e0 son devenir face \u00e0 la mutation\u00a0 environnementale en cours.<\/p>\n<p>Retrouvez toutes les informations du cycle de conf\u00e9rences Sciences &amp; Soci\u00e9t\u00e9 sur notre site web : <a href=\"https:\/\/conferences-sciences-et-societe.univ-lorraine.fr\/\" rel=\"nofollow noopener\" target=\"_blank\">\u00a0conferences-sciences-et-societe.univ-lorraine.fr<\/a><\/p>\n<p><\/p>\n","protected":false},"excerpt":{"rendered":"Temps de lecture : 1 minute Informations pratiques Localisation : IUT Nancy-Charlemagne, 2 Ter Boulevard Charlemagne Date de&hellip;\n","protected":false},"author":2,"featured_media":366916,"comment_status":"","ping_status":"","sticky":false,"template":"","format":"standard","meta":{"footnotes":""},"categories":[9635],"tags":[1111,11,1777,674,1011,27,775,1702,12,25],"class_list":{"0":"post-366915","1":"post","2":"type-post","3":"status-publish","4":"format-standard","5":"has-post-thumbnail","7":"category-nancy","8":"tag-actu","9":"tag-actualites","10":"tag-eu","11":"tag-europe","12":"tag-fr","13":"tag-france","14":"tag-grand-est","15":"tag-nancy","16":"tag-news","17":"tag-republique-francaise"},"share_on_mastodon":{"url":"https:\/\/pubeurope.com\/@fr\/115148799663962613","error":""},"_links":{"self":[{"href":"https:\/\/www.europesays.com\/fr\/wp-json\/wp\/v2\/posts\/366915","targetHints":{"allow":["GET"]}}],"collection":[{"href":"https:\/\/www.europesays.com\/fr\/wp-json\/wp\/v2\/posts"}],"about":[{"href":"https:\/\/www.europesays.com\/fr\/wp-json\/wp\/v2\/types\/post"}],"author":[{"embeddable":true,"href":"https:\/\/www.europesays.com\/fr\/wp-json\/wp\/v2\/users\/2"}],"replies":[{"embeddable":true,"href":"https:\/\/www.europesays.com\/fr\/wp-json\/wp\/v2\/comments?post=366915"}],"version-history":[{"count":0,"href":"https:\/\/www.europesays.com\/fr\/wp-json\/wp\/v2\/posts\/366915\/revisions"}],"wp:featuredmedia":[{"embeddable":true,"href":"https:\/\/www.europesays.com\/fr\/wp-json\/wp\/v2\/media\/366916"}],"wp:attachment":[{"href":"https:\/\/www.europesays.com\/fr\/wp-json\/wp\/v2\/media?parent=366915"}],"wp:term":[{"taxonomy":"category","embeddable":true,"href":"https:\/\/www.europesays.com\/fr\/wp-json\/wp\/v2\/categories?post=366915"},{"taxonomy":"post_tag","embeddable":true,"href":"https:\/\/www.europesays.com\/fr\/wp-json\/wp\/v2\/tags?post=366915"}],"curies":[{"name":"wp","href":"https:\/\/api.w.org\/{rel}","templated":true}]}}