{"id":366917,"date":"2025-09-05T00:13:22","date_gmt":"2025-09-05T00:13:22","guid":{"rendered":"https:\/\/www.europesays.com\/fr\/366917\/"},"modified":"2025-09-05T00:13:22","modified_gmt":"2025-09-05T00:13:22","slug":"le-grand-deballage-de-la-rentree-anime-les-rues-de-nancy-ce-week-end","status":"publish","type":"post","link":"https:\/\/www.europesays.com\/fr\/366917\/","title":{"rendered":"Le Grand D\u00e9ballage de la rentr\u00e9e anime les rues de Nancy ce week-end"},"content":{"rendered":"<p>        <strong>Mode, d\u00e9co, beaut\u00e9\u2026 Ce vendredi 5 et samedi 6 septembre, pr\u00e8s d&rsquo;une centaine de commer\u00e7ants nanc\u00e9iens sortent devant leurs boutiques pour pr\u00e9senter leurs nouvelles collections, proposer des promotions et faire d\u00e9couvrir leurs univers.<\/strong><\/p>\n<p>Pour c\u00e9l\u00e9brer la rentr\u00e9e, de nombreux commerces du centre-ville de Nancy agrandissent leur surface de vente dans la rue. L\u2019occasion id\u00e9ale de fl\u00e2ner dans le c\u0153ur de ville et de profiter d\u2019animations gratuites. Pour cette nouvelle \u00e9dition, pr\u00e8s d&rsquo;une centaine de commer\u00e7ants participent \u00e0 l\u2019op\u00e9ration Grand D\u00e9ballage, en installant leurs stands devant leurs enseignes. Mode, d\u00e9co, gourmandises ou beaut\u00e9, toutes les envies se trouveront au d\u00e9tour des rues Gambetta, Saint-Jean, Saint-Dizier ou encore de la Grande Rue.<\/p>\n<p><strong>Un stand et des animations gratuites<\/strong><\/p>\n<p>Cette \u00e9dition s\u2019enrichit d\u2019une touche artisanale gr\u00e2ce \u00e0 l\u2019ASMA (Association de Soutien aux M\u00e9tiers d\u2019Art). Une quinzaine de cr\u00e9ateurs lorrains exposeront leurs produits locaux, \u00e0 d\u00e9couvrir notamment dans les rues Gambetta, des Dominicains, du Pont-Mouja et Saint-Jean.<\/p>\n<p>L&rsquo;association les Vitrines de Nancy tiendra son stand rue des Dominicains, pr\u00e8s de l\u2019Office de Tourisme. Les visiteurs pourront participer au Jeu du Grand D\u00e9ballage : en retrouvant cinq indices diss\u00e9min\u00e9s chez les commer\u00e7ants, ils repartiront avec 10 \u20ac de shopping offerts. C\u00f4t\u00e9 ambiance, BabyChou Services proposera du maquillage gratuit pour les enfants, tandis que la troupe N\u00e9o Samba \u00e9 Vida animera les rues au rythme de la musique br\u00e9silienne.<\/p>\n<p>Infos pratiques. Le grand d\u00e9ballage en c\u0153ur de ville de Nancy \u2013 rues Gambetta, Saint-Jean, des Dominicains, Saint-Dizier, Grande Rue\u2026 Vendredi 5 et samedi 6 septembre 2025.<\/p>\n<p><img loading=\"lazy\" decoding=\"async\" src=\"https:\/\/www.europesays.com\/fr\/wp-content\/uploads\/2025\/09\/liste.jpg\" alt=\"liste\" width=\"900\" height=\"500\"\/><\/p>\n<p>\t\t\t\t\t\t<a href=\"https:\/\/www.pinterest.com\/pin\/create\/button\/\" data-pin-do=\"buttonBookmark\" data-pin-color=\"red\" rel=\"nofollow noopener\" target=\"_blank\"><img decoding=\"async\" src=\"https:\/\/www.europesays.com\/fr\/wp-content\/uploads\/2025\/04\/pinit_fg_en_rect_red_20.png\" alt=\"Pin It\"\/><\/a><\/p>\n","protected":false},"excerpt":{"rendered":"Mode, d\u00e9co, beaut\u00e9\u2026 Ce vendredi 5 et samedi 6 septembre, pr\u00e8s d&rsquo;une centaine de commer\u00e7ants nanc\u00e9iens sortent devant&hellip;\n","protected":false},"author":2,"featured_media":185947,"comment_status":"","ping_status":"","sticky":false,"template":"","format":"standard","meta":{"footnotes":""},"categories":[9635],"tags":[1111,11,1777,674,1011,27,775,1702,12,25],"class_list":{"0":"post-366917","1":"post","2":"type-post","3":"status-publish","4":"format-standard","5":"has-post-thumbnail","7":"category-nancy","8":"tag-actu","9":"tag-actualites","10":"tag-eu","11":"tag-europe","12":"tag-fr","13":"tag-france","14":"tag-grand-est","15":"tag-nancy","16":"tag-news","17":"tag-republique-francaise"},"share_on_mastodon":{"url":"https:\/\/pubeurope.com\/@fr\/115148803623583884","error":""},"_links":{"self":[{"href":"https:\/\/www.europesays.com\/fr\/wp-json\/wp\/v2\/posts\/366917","targetHints":{"allow":["GET"]}}],"collection":[{"href":"https:\/\/www.europesays.com\/fr\/wp-json\/wp\/v2\/posts"}],"about":[{"href":"https:\/\/www.europesays.com\/fr\/wp-json\/wp\/v2\/types\/post"}],"author":[{"embeddable":true,"href":"https:\/\/www.europesays.com\/fr\/wp-json\/wp\/v2\/users\/2"}],"replies":[{"embeddable":true,"href":"https:\/\/www.europesays.com\/fr\/wp-json\/wp\/v2\/comments?post=366917"}],"version-history":[{"count":0,"href":"https:\/\/www.europesays.com\/fr\/wp-json\/wp\/v2\/posts\/366917\/revisions"}],"wp:featuredmedia":[{"embeddable":true,"href":"https:\/\/www.europesays.com\/fr\/wp-json\/wp\/v2\/media\/185947"}],"wp:attachment":[{"href":"https:\/\/www.europesays.com\/fr\/wp-json\/wp\/v2\/media?parent=366917"}],"wp:term":[{"taxonomy":"category","embeddable":true,"href":"https:\/\/www.europesays.com\/fr\/wp-json\/wp\/v2\/categories?post=366917"},{"taxonomy":"post_tag","embeddable":true,"href":"https:\/\/www.europesays.com\/fr\/wp-json\/wp\/v2\/tags?post=366917"}],"curies":[{"name":"wp","href":"https:\/\/api.w.org\/{rel}","templated":true}]}}