{"id":366918,"date":"2025-09-05T00:14:16","date_gmt":"2025-09-05T00:14:16","guid":{"rendered":"https:\/\/www.europesays.com\/fr\/366918\/"},"modified":"2025-09-05T00:14:16","modified_gmt":"2025-09-05T00:14:16","slug":"un-jeune-requin-retrouve-mort-en-bord-de-mer-a-six-fours","status":"publish","type":"post","link":"https:\/\/www.europesays.com\/fr\/366918\/","title":{"rendered":"Un jeune requin retrouv\u00e9 mort en bord de mer \u00e0 Six-Fours"},"content":{"rendered":"<p>D\u2019apr\u00e8s certains t\u00e9moignages, le corps de l\u2019animal aurait d\u00e9riv\u00e9 dans la <strong>lagune du Brusc<\/strong> avant de s\u2019\u00e9chouer pr\u00e8s du <strong>pont du Gaou<\/strong>, c\u00f4t\u00e9 lagune.<\/p>\n<p>Long de 2,3m\u00e8tres et de couleur brune, ce squale ressemble fortement \u00e0 un <strong>requin renard<\/strong> juv\u00e9nile. Il pr\u00e9sente une plaie au niveau de l\u2019abdomen.<\/p>\n<p>D\u00e9couvert en d\u00e9but d\u2019apr\u00e8s-midi, le corps de l\u2019animal a \u00e9t\u00e9 sorti de l\u2019eau par le service s\u00e9curit\u00e9 intervention du port du Brusc. Il sera remis \u00e0 un \u00e9quarrisseur, indique-t-on en mairie de Six-Fours.<\/p>\n<p><strong>Une esp\u00e8ce inoffensive<\/strong><\/p>\n<p>Si l\u2019on ignore \u00e0 ce stade les causes de la mort du squale, sa pr\u00e9sence n\u2019est pas particuli\u00e8rement inqui\u00e9tante puisque le requin renard est une <strong>esp\u00e8ce totalement inoffensive<\/strong> pour les baigneurs.<\/p>\n<p>En g\u00e9n\u00e9ral, ces squales ne d\u00e9passent pas les 5m\u00e8tres \u00e0 l&rsquo;\u00e2ge adulte (queue comprise, qui repr\u00e9sente souvent plus de la moiti\u00e9 de leur longueur).<\/p>\n<p>Ils \u00e9voluent dans les eaux c\u00f4ti\u00e8res et oc\u00e9aniques temp\u00e9r\u00e9es et ne s&rsquo;approchent que rarement des c\u00f4tes.<\/p>\n","protected":false},"excerpt":{"rendered":"D\u2019apr\u00e8s certains t\u00e9moignages, le corps de l\u2019animal aurait d\u00e9riv\u00e9 dans la lagune du Brusc avant de s\u2019\u00e9chouer pr\u00e8s&hellip;\n","protected":false},"author":2,"featured_media":366919,"comment_status":"","ping_status":"","sticky":false,"template":"","format":"standard","meta":{"footnotes":""},"categories":[9619],"tags":[1111,11,1777,674,118,1011,27,12,882,25,2310],"class_list":{"0":"post-366918","1":"post","2":"type-post","3":"status-publish","4":"format-standard","5":"has-post-thumbnail","7":"category-toulon","8":"tag-actu","9":"tag-actualites","10":"tag-eu","11":"tag-europe","12":"tag-faits-divers","13":"tag-fr","14":"tag-france","15":"tag-news","16":"tag-provence-alpes-cote-dazur","17":"tag-republique-francaise","18":"tag-toulon"},"share_on_mastodon":{"url":"https:\/\/pubeurope.com\/@fr\/115148807500656550","error":""},"_links":{"self":[{"href":"https:\/\/www.europesays.com\/fr\/wp-json\/wp\/v2\/posts\/366918","targetHints":{"allow":["GET"]}}],"collection":[{"href":"https:\/\/www.europesays.com\/fr\/wp-json\/wp\/v2\/posts"}],"about":[{"href":"https:\/\/www.europesays.com\/fr\/wp-json\/wp\/v2\/types\/post"}],"author":[{"embeddable":true,"href":"https:\/\/www.europesays.com\/fr\/wp-json\/wp\/v2\/users\/2"}],"replies":[{"embeddable":true,"href":"https:\/\/www.europesays.com\/fr\/wp-json\/wp\/v2\/comments?post=366918"}],"version-history":[{"count":0,"href":"https:\/\/www.europesays.com\/fr\/wp-json\/wp\/v2\/posts\/366918\/revisions"}],"wp:featuredmedia":[{"embeddable":true,"href":"https:\/\/www.europesays.com\/fr\/wp-json\/wp\/v2\/media\/366919"}],"wp:attachment":[{"href":"https:\/\/www.europesays.com\/fr\/wp-json\/wp\/v2\/media?parent=366918"}],"wp:term":[{"taxonomy":"category","embeddable":true,"href":"https:\/\/www.europesays.com\/fr\/wp-json\/wp\/v2\/categories?post=366918"},{"taxonomy":"post_tag","embeddable":true,"href":"https:\/\/www.europesays.com\/fr\/wp-json\/wp\/v2\/tags?post=366918"}],"curies":[{"name":"wp","href":"https:\/\/api.w.org\/{rel}","templated":true}]}}