{"id":366920,"date":"2025-09-05T00:15:34","date_gmt":"2025-09-05T00:15:34","guid":{"rendered":"https:\/\/www.europesays.com\/fr\/366920\/"},"modified":"2025-09-05T00:15:34","modified_gmt":"2025-09-05T00:15:34","slug":"la-composition-probable-de-toulon-pour-defier-le-mhr","status":"publish","type":"post","link":"https:\/\/www.europesays.com\/fr\/366920\/","title":{"rendered":"La composition probable de Toulon pour d\u00e9fier le MHR !"},"content":{"rendered":"<p>Ce samedi en d\u00e9but de soir\u00e9e, le Rugby Club Toulonnais affrontera le MHR dans le cadre de la premi\u00e8re journ\u00e9e du Top 14 2025\/2026 !<\/p>\n<p>Ce jeudi, <a href=\"https:\/\/www.rugbyrama.fr\/2025\/09\/04\/top-14-les-compositions-probables-de-la-premiere-journee-12910998.php\" rel=\"nofollow noopener\" target=\"_blank\">Midi Olympique<\/a> d\u00e9voile la composition probable du XV de la Rade pour cette rencontre.<\/p>\n<p>Ainsi, c\u2019est JB Gros qui d\u00e9butera au poste de pilier gauche aux c\u00f4t\u00e9s de Teddy Baubigny au talon et Beka Gigashvili\u00a0 \u00e0 droite.<\/p>\n<p>En seconde ligne, on retrouvera l\u2019attelage compos\u00e9 de Swan Rebbadh et de David Ribbans<\/p>\n<p>En troisi\u00e8me ligne, la recrue du pr\u00e9sident Zach Mercer sera entour\u00e9e de son compatriote Lewis Ludlam et du jeune Joe Quere-Karaba.<\/p>\n<p>Baptiste Serin devrait \u00eatre titulaire \u00e0 la m\u00eal\u00e9e et associ\u00e9 \u00e0 Paolo Garbisi \u00e0 l\u2019ouverture.<\/p>\n<p>Derri\u00e8re,\u00a0 Setariki Tuicuvu et Ga\u00ebl Dr\u00e9an devraient occuper les ailes.<\/p>\n<p>Au centre, la recrue Nacho Brex devrait former la paire avec la p\u00e9pite toulonnaise Oliver Cowie.<\/p>\n<p>A l\u2019arri\u00e8re Marius Domon devrait \u00eatre titulaire.<\/p>\n<p>Sur le banc des rempla\u00e7ants : Pierre Damond, Patrick Tuifua ou encore Mathis Fert\u00e9.<\/p>\n<p><strong>Voici la composition probable du Rugby Club Toulonnais pour d\u00e9fier Montpellier :<br \/><\/strong><\/p>\n<p>15. Domon ; 14. Tuicuvu, 13. Brex, 12. Cowie, 11. Dr\u00e9an ; 10. Garbisi, 9. Serin ; 7. Ludlam, 8. Mercer, 6. Qu\u00e9r\u00e9-Karaba ; 5. Ribbans (cap.), 4. Rebbadj ; 3. Gigashvili, 2. Baubigny, 1. Gros.<\/p>\n<p><strong>Rempla\u00e7ants\u00a0<\/strong>: 16. Damond, 17. Priso, 18. Halagahu, 19. Alainu\u2019uese, 20. Tuifua, 21. Fert\u00e9, 22. Sinzelle, 23. Narmania.<\/p>\n","protected":false},"excerpt":{"rendered":"Ce samedi en d\u00e9but de soir\u00e9e, le Rugby Club Toulonnais affrontera le MHR dans le cadre de la&hellip;\n","protected":false},"author":2,"featured_media":208962,"comment_status":"","ping_status":"","sticky":false,"template":"","format":"standard","meta":{"footnotes":""},"categories":[9619],"tags":[1111,11,1777,674,1011,27,12,882,25,2310],"class_list":{"0":"post-366920","1":"post","2":"type-post","3":"status-publish","4":"format-standard","5":"has-post-thumbnail","7":"category-toulon","8":"tag-actu","9":"tag-actualites","10":"tag-eu","11":"tag-europe","12":"tag-fr","13":"tag-france","14":"tag-news","15":"tag-provence-alpes-cote-dazur","16":"tag-republique-francaise","17":"tag-toulon"},"share_on_mastodon":{"url":"https:\/\/pubeurope.com\/@fr\/115148811468150216","error":""},"_links":{"self":[{"href":"https:\/\/www.europesays.com\/fr\/wp-json\/wp\/v2\/posts\/366920","targetHints":{"allow":["GET"]}}],"collection":[{"href":"https:\/\/www.europesays.com\/fr\/wp-json\/wp\/v2\/posts"}],"about":[{"href":"https:\/\/www.europesays.com\/fr\/wp-json\/wp\/v2\/types\/post"}],"author":[{"embeddable":true,"href":"https:\/\/www.europesays.com\/fr\/wp-json\/wp\/v2\/users\/2"}],"replies":[{"embeddable":true,"href":"https:\/\/www.europesays.com\/fr\/wp-json\/wp\/v2\/comments?post=366920"}],"version-history":[{"count":0,"href":"https:\/\/www.europesays.com\/fr\/wp-json\/wp\/v2\/posts\/366920\/revisions"}],"wp:featuredmedia":[{"embeddable":true,"href":"https:\/\/www.europesays.com\/fr\/wp-json\/wp\/v2\/media\/208962"}],"wp:attachment":[{"href":"https:\/\/www.europesays.com\/fr\/wp-json\/wp\/v2\/media?parent=366920"}],"wp:term":[{"taxonomy":"category","embeddable":true,"href":"https:\/\/www.europesays.com\/fr\/wp-json\/wp\/v2\/categories?post=366920"},{"taxonomy":"post_tag","embeddable":true,"href":"https:\/\/www.europesays.com\/fr\/wp-json\/wp\/v2\/tags?post=366920"}],"curies":[{"name":"wp","href":"https:\/\/api.w.org\/{rel}","templated":true}]}}