{"id":366921,"date":"2025-09-05T00:16:18","date_gmt":"2025-09-05T00:16:18","guid":{"rendered":"https:\/\/www.europesays.com\/fr\/366921\/"},"modified":"2025-09-05T00:16:18","modified_gmt":"2025-09-05T00:16:18","slug":"vous-avez-realise-quelque-chose-dextraordinaire-linauguration-marquante-du-nouveau-college-de-juvignac","status":"publish","type":"post","link":"https:\/\/www.europesays.com\/fr\/366921\/","title":{"rendered":"\u00ab\u00a0Vous avez r\u00e9alis\u00e9 quelque chose d\u2019extraordinaire\u00a0\u00bb\u00a0: l\u2019inauguration marquante du nouveau coll\u00e8ge de Juvignac"},"content":{"rendered":"<p>\n                                                                Le coll\u00e8ge flambant neuf de Juvignac, inaugur\u00e9 ce jeudi 4\u00a0septembre, mise sur l\u2019excellence environnementale\u00a0: 15\u00a0000 m\u00b2 de modules bois, une cour v\u00e9g\u00e9talis\u00e9e et une conception durable pour accueillir 435 \u00e9l\u00e8ves dans des conditions in\u00e9dites.\n                            <\/p>\n<p>Fiert\u00e9 l\u00e9gitime, ce jeudi 4\u00a0septembre, au <a href=\"https:\/\/www.midilibre.fr\/2025\/09\/01\/un-college-tout-neuf-cest-trop-bien-461-eleves-font-leur-rentree-a-juvignac-12904465.php\" target=\"_blank\" rel=\"nofollow noopener\">coll\u00e8ge de Juvignac<\/a> flambant neuf. Apr\u00e8s l\u2019int\u00e9gration des 6e lundi puis celle des 4e et 5e mardi, soit \u00ab\u00a0435 \u00e9l\u00e8ves et une rentr\u00e9e r\u00e9ussie\u00a0\u00bb, se r\u00e9jouissait la principale Kristelle Aubin, l\u2019inauguration de jeudi prenait des allures de rentr\u00e9e des autorit\u00e9s.<\/p>\n<p>En t\u00eate de nombreux \u00e9lus, maires \u2013 dont celui de <a href=\"https:\/\/www.midilibre.fr\/herault\/juvignac\/\" target=\"_blank\" rel=\"nofollow noopener\">Juvignac<\/a> Jean-Luc Savy et le pr\u00e9sident de la <a href=\"https:\/\/www.montpellier3m.fr\/\" target=\"_blank\" rel=\"nofollow noopener\">M\u00e9tropole<\/a> Micka\u00ebl Delafosse \u2013 et conseillers d\u00e9partementaux, le pr\u00e9sident de <a href=\"https:\/\/herault.fr\/\" target=\"_blank\" rel=\"nofollow noopener\">conseil d\u00e9partemental<\/a> de l\u2019H\u00e9rault Kl\u00e9ber Mesquida ne m\u00e2chait pas ses mots\u00a0: \u00ab\u00a0F\u00e9licitations \u00e0 l\u2019architecte et aux \u00e9quipes. C\u2019est une conception de grande qualit\u00e9 environnementale. Vous savez, les enfants sont impitoyables et je les vois ravis\u00a0!\u00a0\u00bb<\/p>\n<p>Apr\u00e8s le couper de ruban partag\u00e9 et le d\u00e9voilement de la plaque \u00e0 l\u2019entr\u00e9e, la visite guid\u00e9e par Kristelle Aubin et l\u2019architecte Emmanuel Brochier, du cabinet <a href=\"https:\/\/www.aer.archi\/\" target=\"_blank\" rel=\"nofollow noopener\">AER Architectes<\/a>, d\u00e9voilait de grands volumes, tous baign\u00e9s de lumi\u00e8re naturelle (1).<\/p>\n<p>\u00ab\u00a0Les salles r\u00e9alis\u00e9es sur la base de modules en bois\u00a0\u00bb<\/p>\n<p>Le b\u00e2timent en U de 7\u00a0000\u00a0m2 au sol, pour 15\u00a0000\u00a0m2 sur trois niveaux, entoure une immense cour v\u00e9g\u00e9talis\u00e9e, en bordure d\u2019un parc arbor\u00e9 class\u00e9. \u00ab\u00a0Les salles sont toutes r\u00e9alis\u00e9es sur la base de modules en bois, d\u00e9taille Emmanuel Brochier, pr\u00e9fabriqu\u00e9s et assembl\u00e9s sur place en fili\u00e8re s\u00e8che. La d\u00e9marche environnementale est omnipr\u00e9sente.\u00a0\u00bb<\/p>\n<p>        <img decoding=\"async\" class=\"std-img__img responsive-img\" src=\"https:\/\/www.europesays.com\/fr\/wp-content\/uploads\/2025\/09\/1757031376_580_image.jpg\" alt=\"De grands volumes baign\u00e9s de lumi\u00e8re naturelle, d\u00e9voil\u00e9s durant la visite guid\u00e9e par l\u2019architecte Emmanuel Brochier.\"\/><\/p>\n<p>                De grands volumes baign\u00e9s de lumi\u00e8re naturelle, d\u00e9voil\u00e9s durant la visite guid\u00e9e par l\u2019architecte Emmanuel Brochier.<br \/>\n                                    PCa<\/p>\n<p>Le passage dans une classe en plein cours allait donner l\u2019occasion au pr\u00e9sident Mesquida de rappeler les vertus du coll\u00e8ge. Avant un crochet par la piste d\u2019athl\u00e9tisme en toiture, et le self de 320 places assises.<\/p>\n<p>Le maire Jean-Luc Savy saluait la prouesse d\u2019ins\u00e9rer dans le territoire \u00ab\u00a0le c\u0153ur \u00e9ducatif majeur de Juvignac sans qu\u2019il soit isol\u00e9\u00a0\u00bb, entre les quartiers des Constellations et des Garrigues.<\/p>\n<p>        <img decoding=\"async\" class=\"std-img__img responsive-img\" src=\"https:\/\/www.europesays.com\/fr\/wp-content\/uploads\/2025\/09\/1757031377_849_image.jpg\" alt=\"La principale Kristelle Aubin et l\u2019architecte Emmanuel Brochier.\"\/><\/p>\n<p>                La principale Kristelle Aubin et l\u2019architecte Emmanuel Brochier.<br \/>\n                                    PCa<\/p>\n<p>\u00ab\u00a0Vous avez r\u00e9alis\u00e9 quelque chose d\u2019extraordinaire, poursuivait la rectrice Carole Drucker-Godard. Sur les 33 personnels de l\u2019\u00c9ducation nationale affect\u00e9s ici dont 29 enseignants, 22 le sont de fa\u00e7on d\u00e9finitive, soulignait-elle. Ce n\u2019est pas seulement le b\u00e2timent, mais aussi une communaut\u00e9 \u00e9ducative et un laboratoire p\u00e9dagogique.\u00a0\u00bb<\/p>\n<p>\u00ab\u00a0\u00c9merveill\u00e9e par ce r\u00e9sultat\u00a0\u00bb, V\u00e9ronique Martin Saint-L\u00e9on, secr\u00e9taire g\u00e9n\u00e9rale de la pr\u00e9fecture de l\u2019H\u00e9rault, mettait \u00e0 l\u2019honneur \u00ab\u00a0Madame le Principale qui nous a port\u00e9s dans sa dynamique. Esth\u00e9tisme, transition \u00e9cologique, qualit\u00e9 de la r\u00e9alisation\u00a0: je reviendrai pour le projet d\u2019amphith\u00e9\u00e2tre au milieu du bois\u00a0!\u00a0\u00bb<\/p>\n<p>(1) Budget global de 35,9 M\u20ac, essentiellement financ\u00e9s par le D\u00e9partement pour 32,9 M\u20ac, et par l\u2019\u00c9tat pour 3\u00a0M\u20ac.<\/p>\n<p>        <img decoding=\"async\" class=\"std-img__img responsive-img\" src=\"https:\/\/www.europesays.com\/fr\/wp-content\/uploads\/2025\/09\/1757031378_22_image.jpg\" alt=\"Top d\u00e9part sur la piste en toiture pour le maire Savy, la rectrice Drucker-Godard, le pr\u00e9sident Mesquida et la secr\u00e9taire g\u00e9n\u00e9rale Martin Saint-L\u00e9on.\"\/><\/p>\n<p>                Top d\u00e9part sur la piste en toiture pour le maire Savy, la rectrice Drucker-Godard, le pr\u00e9sident Mesquida et la secr\u00e9taire g\u00e9n\u00e9rale Martin Saint-L\u00e9on.<br \/>\n                                    PCa<\/p>\n","protected":false},"excerpt":{"rendered":"Le coll\u00e8ge flambant neuf de Juvignac, inaugur\u00e9 ce jeudi 4\u00a0septembre, mise sur l\u2019excellence environnementale\u00a0: 15\u00a0000 m\u00b2 de modules&hellip;\n","protected":false},"author":2,"featured_media":366922,"comment_status":"","ping_status":"","sticky":false,"template":"","format":"standard","meta":{"footnotes":""},"categories":[9599],"tags":[1111,11,1777,674,1011,27,2208,12,2680,25],"class_list":{"0":"post-366921","1":"post","2":"type-post","3":"status-publish","4":"format-standard","5":"has-post-thumbnail","7":"category-montpellier","8":"tag-actu","9":"tag-actualites","10":"tag-eu","11":"tag-europe","12":"tag-fr","13":"tag-france","14":"tag-montpellier","15":"tag-news","16":"tag-occitanie","17":"tag-republique-francaise"},"share_on_mastodon":{"url":"https:\/\/pubeurope.com\/@fr\/115148815415379921","error":""},"_links":{"self":[{"href":"https:\/\/www.europesays.com\/fr\/wp-json\/wp\/v2\/posts\/366921","targetHints":{"allow":["GET"]}}],"collection":[{"href":"https:\/\/www.europesays.com\/fr\/wp-json\/wp\/v2\/posts"}],"about":[{"href":"https:\/\/www.europesays.com\/fr\/wp-json\/wp\/v2\/types\/post"}],"author":[{"embeddable":true,"href":"https:\/\/www.europesays.com\/fr\/wp-json\/wp\/v2\/users\/2"}],"replies":[{"embeddable":true,"href":"https:\/\/www.europesays.com\/fr\/wp-json\/wp\/v2\/comments?post=366921"}],"version-history":[{"count":0,"href":"https:\/\/www.europesays.com\/fr\/wp-json\/wp\/v2\/posts\/366921\/revisions"}],"wp:featuredmedia":[{"embeddable":true,"href":"https:\/\/www.europesays.com\/fr\/wp-json\/wp\/v2\/media\/366922"}],"wp:attachment":[{"href":"https:\/\/www.europesays.com\/fr\/wp-json\/wp\/v2\/media?parent=366921"}],"wp:term":[{"taxonomy":"category","embeddable":true,"href":"https:\/\/www.europesays.com\/fr\/wp-json\/wp\/v2\/categories?post=366921"},{"taxonomy":"post_tag","embeddable":true,"href":"https:\/\/www.europesays.com\/fr\/wp-json\/wp\/v2\/tags?post=366921"}],"curies":[{"name":"wp","href":"https:\/\/api.w.org\/{rel}","templated":true}]}}