{"id":366925,"date":"2025-09-05T00:21:12","date_gmt":"2025-09-05T00:21:12","guid":{"rendered":"https:\/\/www.europesays.com\/fr\/366925\/"},"modified":"2025-09-05T00:21:12","modified_gmt":"2025-09-05T00:21:12","slug":"grenoble-une-decision-controversee-deric-piolle-fait-bondir-les-elus-de-la-metropole","status":"publish","type":"post","link":"https:\/\/www.europesays.com\/fr\/366925\/","title":{"rendered":"Grenoble. Une d\u00e9cision controvers\u00e9e d&rsquo;\u00c9ric Piolle fait bondir les \u00e9lus de la M\u00e9tropole"},"content":{"rendered":"<p>            Par<br \/>\n        <strong><br \/>\n            <a href=\"https:\/\/actu.fr\/auteur\/lisa-rodrigues\" title=\"Consulter tous les articles de Lisa Rodrigues\" target=\"_blank\" rel=\"noopener\">Lisa Rodrigues<\/a><br \/>\n        <\/strong><\/p>\n<p>        Publi\u00e9 le<\/p>\n<p>            4 sept. 2025 \u00e0 17h19        <\/p>\n<p>On savait d\u00e9j\u00e0 que les relations ne sont pas au beau fixe entre la Ville de <a href=\"https:\/\/actu.fr\/auvergne-rhone-alpes\/grenoble_38185\" target=\"_blank\" rel=\"noopener\">Grenoble<\/a> et la M\u00e9tropole. Le dernier communiqu\u00e9 de Christophe Ferrari, pr\u00e9sident de <a href=\"https:\/\/actu.fr\/tag\/grenoble-alpes-metropole\" target=\"_blank\" rel=\"noopener\">Grenoble-Alpes M\u00e9tropole<\/a>, empreint d\u2019une certaine col\u00e8re envers une <strong>d\u00e9cision controvers\u00e9e<\/strong> de la mairie d\u2019\u00c9ric Piolle, ne vient que le confirmer.<br \/>Le motif de la discorde est un accord politique pour une \u00ab\u00a0repr\u00e9sentation plus \u00e9quilibr\u00e9e\u00a0\u00bb de quelques villes au sein du conseil m\u00e9tropolitain, accord que les \u00e9lus grenoblois ont refus\u00e9 de renouveler apr\u00e8s les prochaines \u00e9ch\u00e9ances \u00e9lectorales de 2026. En clair : <strong>des communes vont avoir moins d\u2019\u00e9lus<\/strong> \u00e0 la M\u00e9tropole.<\/p>\n<p>\u00ab\u00a0Je suis constern\u00e9 par cette d\u00e9cision\u00a0\u00bb<\/p>\n<p class=\" wall-content\">Dans le d\u00e9tail, neuf communes \u00ab\u00a0moyennes\u00a0\u00bb (entre 6 000 et 8 500 habitants) sont concern\u00e9es : Claix, Dom\u00e8ne, Gi\u00e8res, La Tronche, Saint-Martin-le-Vinoux, Seyssins, Varces-Alli\u00e8res-et-Risset, Vif et Vizille. Au lieu de deux \u00e9lus m\u00e9tropolitains, <strong>elles n\u2019auront plus qu\u2019un si\u00e8ge d\u00e8s 2026<\/strong>.<\/p>\n<p class=\" wall-content\">Pour autant, elle est loin de faire l\u2019unanimit\u00e9 et a des cons\u00e9quences sur la repr\u00e9sentation de ces plus petites villes, comme d\u00e9plor\u00e9 par <a href=\"https:\/\/www.bing.com\/ck\/a?!&amp;&amp;p=5f2adf58a17751fcfc95cb5015a57a8ae77288b5cdc85d0c74fb6481870a6579JmltdHM9MTc1Njk0NDAwMA&amp;ptn=3&amp;ver=2&amp;hsh=4&amp;fclid=06e7e65e-0630-6e92-3d83-f39407f66f3f&amp;psq=chirstophe+ferrari+site%3aactu.fr&amp;u=a1aHR0cHM6Ly9hY3R1LmZyL2F1dmVyZ25lLXJob25lLWFscGVzL2dyZW5vYmxlXzM4MTg1L3N1cHByZXNzaW9uLWRlLWxhLXpmZS1hLWdyZW5vYmxlLWNocmlzdG9waGUtZmVycmFyaS1zaWRlcmUtcGFyLWxlLXJldmlyZW1lbnQtZGUtbC1ldGF0XzYyODY1OTU1Lmh0bWw&amp;ntb=1\" target=\"_blank\" rel=\"noopener\">Christophe Ferrari<\/a>.<\/p>\n<blockquote class=\"ac-article-quote wall-content\">\n<p>Je suis constern\u00e9 par cette d\u00e9cision qui augmente tr\u00e8s faiblement la repr\u00e9sentativit\u00e9 de Grenoble, fait perdre un si\u00e8ge \u00e0 la M\u00e9tropole \u00e0 ces 9 communes conduisant 44% de leur population, c\u2019est-\u00e0-dire 29 000 habitants, \u00e0 \u00eatre mal repr\u00e9sent\u00e9s.<\/p>\n<p>    <strong>Christophe Ferrari<\/strong><br \/>\n        Pr\u00e9sident de Grenoble Alpes-M\u00e9tropole    <\/p><\/blockquote>\n<p class=\" wall-content\">Le pr\u00e9sident de la M\u00e9tropole d\u00e9nonce \u00e9galement \u00ab\u00a0un coup de canif pour la d\u00e9mocratie locale\u00a0\u00bb et une d\u00e9cision qui \u00ab\u00a0va \u00e0 l\u2019encontre du n\u00e9cessaire respect entre communes\u00a0\u00bb. \u00ab\u00a0Elle pose des <strong>bases d\u00e9l\u00e9t\u00e8res<\/strong> pour la future gouvernance de la M\u00e9tropole, la qualit\u00e9 des relations et du travail entre les communes, entre la ville centre et la M\u00e9tropole.\u00a0\u00bb<\/p>\n<p class=\" wall-content\">Pas de quoi r\u00e9chauffer les relations \u00e0 l\u2019approche des \u00e9lections en 2026\u2026<\/p>\n<p>Votre r\u00e9gion, votre actu !<\/p>\n<p>Recevez chaque jour les infos qui comptent pour vous.<\/p>\n<p>\t<a href=\"https:\/\/actu.fr\/newsletter\" class=\"ac-btn ac-btn--corner ac-btn--medium ac-btn--blue800\" target=\"_blank\" rel=\"noopener\">S&rsquo;incrire<\/a><br \/>\nUn accord qui \u00ab\u00a0\u00e9tait une d\u00e9rogation \u00e0 la loi\u00a0\u00bb<\/p>\n<p class=\" wall-content\">En r\u00e9ponse, le groupe \u00ab\u00a0Grenoble en Commun\u00a0\u00bb, regroupant les \u00e9lus de la majorit\u00e9 grenobloise \u00e0 la M\u00e9tropole, regrette \u00ab\u00a0une nouvelle agression verbale du pr\u00e9sident\u00a0\u00bb ainsi que des \u00ab\u00a0pol\u00e9miques inutiles\u00a0\u00bb.<\/p>\n<p class=\" wall-content\">Et rappelle que \u00ab\u00a0l\u2019accord local \u00e9tait une d\u00e9rogation \u00e0 la loi. D\u00e9rogation que la Ville de Grenoble avait accept\u00e9 de tester en 2020 pour le mandat 2020-2026. Elle a d\u00e9cid\u00e9 de revenir d\u00e9sormais strictement \u00e0 l\u2019application de la loi pour le mandat 2026-2032. <strong>C\u2019est son droit le plus strict<\/strong>.\u00a0\u00bb\u00a0<\/p>\n<p class=\" wall-content\">Seul point d\u2019accord avec Christophe Ferrari : un appel \u00e0 une <strong>\u00e9lection au suffrage universel<\/strong> <strong>direct<\/strong> au conseil m\u00e9tropolitain, comme cela a r\u00e9cemment \u00e9t\u00e9 act\u00e9 pour Paris, <a href=\"https:\/\/actu.fr\/auvergne-rhone-alpes\/lyon_69123\/lyon-le-conseil-constitutionnel-a-tranche-sur-la-reforme-du-vote-aux-municipales-2026_63012229.html\" target=\"_blank\" rel=\"noopener\">Lyon<\/a> et Marseille.<\/p>\n<p>\u00ab\u00a0Le maire de Grenoble humilie neuf communes\u00a0\u00bb<\/p>\n<p class=\" wall-content\">\u00c0 l\u2019automne 2024, lorsqu\u2019<a href=\"https:\/\/actu.fr\/tag\/eric-piolle\" target=\"_blank\" rel=\"noopener\">\u00c9ric Piolle<\/a> a pour la premi\u00e8re fois publiquement annonc\u00e9 sa volont\u00e9 de ne pas reconduire l\u2019accord de repr\u00e9sentation au sein du conseil m\u00e9tropolitain, les villes concern\u00e9es ont fait front uni pour d\u00e9noncer cette d\u00e9cision. Toutes ont, depuis, adopt\u00e9 en conseil municipal des d\u00e9lib\u00e9rations demandant le maintien de leurs deux si\u00e8ges.<\/p>\n<p class=\" wall-content\">C\u2019est notamment le cas \u00e0 <a href=\"https:\/\/actu.fr\/auvergne-rhone-alpes\/claix_38111\" target=\"_blank\" rel=\"noopener\">Claix<\/a>, apr\u00e8s \u00ab\u00a0le v\u0153u que nous avions d\u00e9j\u00e0 vot\u00e9 \u00e0 l\u2019unanimit\u00e9 lors du conseil du 10 f\u00e9vrier dernier\u00a0\u00bb, rapporte \u00e0 la r\u00e9daction Christophe Revil, \u00e9dile de la commune. Lors du conseil m\u00e9tropolitain de d\u00e9cembre 2024, il n\u2019avait pas m\u00e2ch\u00e9 ses mots sur le sujet.<\/p>\n<blockquote class=\"ac-article-quote wall-content\">\n<p>Le maire de Grenoble humilie neuf communes, c&rsquo;est-\u00e0-dire plus de 65 000 habitants de la M\u00e9tropole. [&#8230;] Ce sont toutes les communes qui doivent \u00eatre heurt\u00e9es par cette attitude.<\/p>\n<p>    <strong>Christophe Revil<\/strong><br \/>\n        Maire de Claix    <\/p><\/blockquote>\n<p class=\" wall-content\">\u00ab\u00a0Cet accord aurait favoris\u00e9 la juste repr\u00e9sentativit\u00e9 des communes au sein du conseil m\u00e9tropolitain\u00a0\u00bb, abonde Jean-Luc Corbet, maire de Varces-Alli\u00e8res-et-Risset. Pour l\u2019\u00e9dile, la Ville de Grenoble \u2013 qui b\u00e9n\u00e9ficie d\u2019un \u00ab\u00a0droit de veto\u00a0\u00bb sur la question \u2013 a \u00e9t\u00e9 d\u00e9cid\u00e9 \u00ab\u00a0sans motifs s\u00e9rieux\u00a0\u00bb.<\/p>\n<p class=\" wall-content\">\u00ab\u00a0<strong>Nous demandions un simple \u00e9quilibre<\/strong>, juste et \u00e9quitable dans la repr\u00e9sentation des habitants des neuf communes, \u00e0 savoir un \u00e9lu m\u00e9tropolitain pour 3 800 habitants comme pour Grenoble\u00a0\u00bb, poursuit Jean-Luc Corbet.<\/p>\n<p>Calculs politiques d\u2019\u00c9ric Piolle ?<\/p>\n<p class=\" wall-content\">D\u2019autres \u00e9lus m\u00e9tropolitains soulignent \u00e9galement une d\u00e9cision motiv\u00e9e par les vues des \u00e9lus de Grenoble sur la pr\u00e9sidence de la M\u00e9tropole.<\/p>\n<p class=\" wall-content\">\u00ab\u00a0<strong>Nous ne sommes pas dupes<\/strong>, la d\u00e9cision du maire de Grenoble n\u2019est pas dict\u00e9e, sur ce sujet, par le souci de l\u2019int\u00e9r\u00eat g\u00e9n\u00e9ral, mais par sa ranc\u0153ur apr\u00e8s la d\u00e9faite de son candidat \u00e0 l\u2019\u00e9lection de la pr\u00e9sidence de la M\u00e9tropole en 2020, d\u00e9non\u00e7ait en juin dernier les \u00e9lus de Dom\u00e8ne. Le maire de la ville centre <a href=\"https:\/\/actu.fr\/auvergne-rhone-alpes\/grenoble_38185\/grenoble-eric-piolle-dit-ce-qu-il-pense-de-melenchon-et-hollande-pour-la-presidentielle-2027_62811498.html\" target=\"_blank\" rel=\"noopener\">pr\u00e9pare les prochaines \u00e9ch\u00e9ances<\/a> \u00e9lectorales.\u00a0\u00bb\u00a0<\/p>\n<p class=\" wall-content\">Mais plusieurs soulignent aussi les <strong>nombreux \u00ab\u00a0d\u00e9saccords\u00a0\u00bb<\/strong> entre la M\u00e9tropole et les \u00e9lus grenoblois \u2013 par ailleurs membres de la majorit\u00e9 m\u00e9tropolitaine \u2013 qui ont amen\u00e9, selon eux, \u00e0 une situation de blocage au sein de l\u2019ex\u00e9cutif et \u00e0 cette d\u00e9cision radicale des \u00e9lus grenoblois.<\/p>\n<p class=\" wall-content\">Personnalisez votre actualit\u00e9 en ajoutant vos villes et m\u00e9dias en favori avec <a href=\"https:\/\/moncompte.actu.fr\" title=\"D\u00e9couvez Mon Actu\" rel=\"nofollow noopener\" data-trk=\"{&quot;cta&quot;:{&quot;action&quot;:&quot;https:\\\/\\\/moncompte.actu.fr&quot;,&quot;category&quot;:&quot;mon compte&quot;,&quot;from&quot;:&quot;article footer&quot;,&quot;name&quot;:&quot;Mon actu&quot;,&quot;type&quot;:&quot;cta&quot;}}\" target=\"_blank\">Mon Actu<\/a>.<\/p>\n","protected":false},"excerpt":{"rendered":"Par Lisa Rodrigues Publi\u00e9 le 4 sept. 2025 \u00e0 17h19 On savait d\u00e9j\u00e0 que les relations ne sont&hellip;\n","protected":false},"author":2,"featured_media":366926,"comment_status":"","ping_status":"","sticky":false,"template":"","format":"standard","meta":{"footnotes":""},"categories":[9566],"tags":[1111,11,2430,9604,9607,1777,674,1011,27,2731,19692,12,25,104],"class_list":{"0":"post-366925","1":"post","2":"type-post","3":"status-publish","4":"format-standard","5":"has-post-thumbnail","7":"category-grenoble","8":"tag-actu","9":"tag-actualites","10":"tag-auvergne-rhone-alpes","11":"tag-christophe-ferrari","12":"tag-eric-piolle","13":"tag-eu","14":"tag-europe","15":"tag-fr","16":"tag-france","17":"tag-grenoble","18":"tag-grenoble-alpes-metropole","19":"tag-news","20":"tag-republique-francaise","21":"tag-societe"},"share_on_mastodon":{"url":"https:\/\/pubeurope.com\/@fr\/115148835013636570","error":""},"_links":{"self":[{"href":"https:\/\/www.europesays.com\/fr\/wp-json\/wp\/v2\/posts\/366925","targetHints":{"allow":["GET"]}}],"collection":[{"href":"https:\/\/www.europesays.com\/fr\/wp-json\/wp\/v2\/posts"}],"about":[{"href":"https:\/\/www.europesays.com\/fr\/wp-json\/wp\/v2\/types\/post"}],"author":[{"embeddable":true,"href":"https:\/\/www.europesays.com\/fr\/wp-json\/wp\/v2\/users\/2"}],"replies":[{"embeddable":true,"href":"https:\/\/www.europesays.com\/fr\/wp-json\/wp\/v2\/comments?post=366925"}],"version-history":[{"count":0,"href":"https:\/\/www.europesays.com\/fr\/wp-json\/wp\/v2\/posts\/366925\/revisions"}],"wp:featuredmedia":[{"embeddable":true,"href":"https:\/\/www.europesays.com\/fr\/wp-json\/wp\/v2\/media\/366926"}],"wp:attachment":[{"href":"https:\/\/www.europesays.com\/fr\/wp-json\/wp\/v2\/media?parent=366925"}],"wp:term":[{"taxonomy":"category","embeddable":true,"href":"https:\/\/www.europesays.com\/fr\/wp-json\/wp\/v2\/categories?post=366925"},{"taxonomy":"post_tag","embeddable":true,"href":"https:\/\/www.europesays.com\/fr\/wp-json\/wp\/v2\/tags?post=366925"}],"curies":[{"name":"wp","href":"https:\/\/api.w.org\/{rel}","templated":true}]}}