{"id":366927,"date":"2025-09-05T00:22:11","date_gmt":"2025-09-05T00:22:11","guid":{"rendered":"https:\/\/www.europesays.com\/fr\/366927\/"},"modified":"2025-09-05T00:22:11","modified_gmt":"2025-09-05T00:22:11","slug":"grenoble-violente-agression-dun-boulanger-en-pleine-rue-ce-que-lon-sait","status":"publish","type":"post","link":"https:\/\/www.europesays.com\/fr\/366927\/","title":{"rendered":"Grenoble. Violente agression d&rsquo;un boulanger en pleine rue : ce que l&rsquo;on sait"},"content":{"rendered":"<p>            Par<br \/>\n        <strong><br \/>\n            <a href=\"https:\/\/actu.fr\/auteur\/redaction-grenoble\" title=\"Consulter tous les articles de R\u00e9daction Grenoble\" rel=\"nofollow noopener\" target=\"_blank\">R\u00e9daction Grenoble<\/a><br \/>\n        <\/strong><\/p>\n<p>        Publi\u00e9 le<\/p>\n<p>            4 sept. 2025 \u00e0 17h28        <\/p>\n<p>Deux hommes ont \u00e9t\u00e9 interpell\u00e9s mercredi 3 septembre dans le cadre de l\u2019enqu\u00eate ouverte sur <strong>l\u2019agression d\u2019un boulanger<\/strong>, survenue lundi 1er septembre \u00e0 <a href=\"https:\/\/actu.fr\/auvergne-rhone-alpes\/grenoble_38185\" rel=\"nofollow noopener\" target=\"_blank\">Grenoble<\/a>.<\/p>\n<p class=\" wall-content\">Le boulanger, \u00e2g\u00e9 de 26 ans, a surpris vers 4h30 lundi <strong>trois individus en train de voler du pain<\/strong>, alors que la boutique n\u2019\u00e9tait pas encore ouverte. Avec sa pelle \u00e0 pain, il est alors sorti de la boulangerie pour \u00ab\u00a0essayer de les dissuader\u00a0\u00bb, indique le parquet de Grenoble \u00e0 l\u2019AFP.<\/p>\n<p class=\" wall-content\">Le boulanger a ensuite \u00e9t\u00e9 \u00ab\u00a0ceintur\u00e9\u00a0\u00bb et \u00ab\u00a0frapp\u00e9\u00a0\u00bb avec une arme blanche par ses assaillants au niveau du thorax. Il a \u00e9t\u00e9 \u00e9vacu\u00e9 dans un \u00e9tat grave vers le <a href=\"https:\/\/actu.fr\/tag\/chu-grenoble-alpes\" rel=\"nofollow noopener\" target=\"_blank\">CHU Grenoble-Alpes<\/a>. Les agresseurs, eux, ont pris la fuite.<\/p>\n<p>Des \u00e9l\u00e9ments \u00ab\u00a0ne collent pas\u00a0\u00bb<\/p>\n<p class=\" wall-content\">Les deux individus interpell\u00e9s, des ressortissants roumains, ont finalement \u00e9t\u00e9 mis hors de cause et leur garde \u00e0 vue a \u00e9t\u00e9 lev\u00e9e jeudi 4 septembre apr\u00e8s-midi.<\/p>\n<p class=\" wall-content\">\u00ab\u00a0Les investigations men\u00e9es d\u00e9montrent qu\u2019ils ne peuvent pas \u00eatre les auteurs\u00a0\u00bb de l\u2019agression, car plusieurs \u00e9l\u00e9ments \u00ab\u00a0ne collent pas\u00a0\u00bb, pr\u00e9cise le procureur de la R\u00e9publique de Grenoble, <a href=\"https:\/\/actu.fr\/auvergne-rhone-alpes\/grenoble_38185\/grenoble-qui-est-le-nouveau-procureur-de-la-republique-de-grenoble-tout-juste-nomme_62495537.html\" rel=\"nofollow noopener\" target=\"_blank\">\u00c9tienne Manteaux<\/a>.<\/p>\n<p class=\" wall-content\">Leur interpellation est survenue alors que le boulanger \u00ab\u00a0a cru reconna\u00eetre\u00a0\u00bb deux de ses trois agresseurs dans une pharmacie, apr\u00e8s sa sortie de l\u2019h\u00f4pital. L\u2019un des deux, formellement d\u00e9sign\u00e9, \u00ab\u00a0n\u2019est arriv\u00e9 que mardi\u00a0\u00bb sur le territoire fran\u00e7ais, au lendemain donc de l\u2019agression, et aucun ne parle la langue utilis\u00e9e par les agresseurs, continue le procureur.<\/p>\n<p class=\" wall-content\">L\u2019enqu\u00eate va donc se poursuivre.<\/p>\n<p class=\" wall-content\"><strong>Avec AFP<\/strong><\/p>\n<p class=\" wall-content\">Personnalisez votre actualit\u00e9 en ajoutant vos villes et m\u00e9dias en favori avec <a href=\"https:\/\/moncompte.actu.fr\" title=\"D\u00e9couvez Mon Actu\" rel=\"nofollow noopener\" data-trk=\"{&quot;cta&quot;:{&quot;action&quot;:&quot;https:\\\/\\\/moncompte.actu.fr&quot;,&quot;category&quot;:&quot;mon compte&quot;,&quot;from&quot;:&quot;article footer&quot;,&quot;name&quot;:&quot;Mon actu&quot;,&quot;type&quot;:&quot;cta&quot;}}\" target=\"_blank\">Mon Actu<\/a>.<\/p>\n","protected":false},"excerpt":{"rendered":"Par R\u00e9daction Grenoble Publi\u00e9 le 4 sept. 2025 \u00e0 17h28 Deux hommes ont \u00e9t\u00e9 interpell\u00e9s mercredi 3 septembre&hellip;\n","protected":false},"author":2,"featured_media":366928,"comment_status":"","ping_status":"","sticky":false,"template":"","format":"standard","meta":{"footnotes":""},"categories":[9566],"tags":[1111,11,2430,215,1777,674,118,1011,27,2731,12,1072,25],"class_list":{"0":"post-366927","1":"post","2":"type-post","3":"status-publish","4":"format-standard","5":"has-post-thumbnail","7":"category-grenoble","8":"tag-actu","9":"tag-actualites","10":"tag-auvergne-rhone-alpes","11":"tag-commerce","12":"tag-eu","13":"tag-europe","14":"tag-faits-divers","15":"tag-fr","16":"tag-france","17":"tag-grenoble","18":"tag-news","19":"tag-police","20":"tag-republique-francaise"},"share_on_mastodon":{"url":"https:\/\/pubeurope.com\/@fr\/115148838932904093","error":""},"_links":{"self":[{"href":"https:\/\/www.europesays.com\/fr\/wp-json\/wp\/v2\/posts\/366927","targetHints":{"allow":["GET"]}}],"collection":[{"href":"https:\/\/www.europesays.com\/fr\/wp-json\/wp\/v2\/posts"}],"about":[{"href":"https:\/\/www.europesays.com\/fr\/wp-json\/wp\/v2\/types\/post"}],"author":[{"embeddable":true,"href":"https:\/\/www.europesays.com\/fr\/wp-json\/wp\/v2\/users\/2"}],"replies":[{"embeddable":true,"href":"https:\/\/www.europesays.com\/fr\/wp-json\/wp\/v2\/comments?post=366927"}],"version-history":[{"count":0,"href":"https:\/\/www.europesays.com\/fr\/wp-json\/wp\/v2\/posts\/366927\/revisions"}],"wp:featuredmedia":[{"embeddable":true,"href":"https:\/\/www.europesays.com\/fr\/wp-json\/wp\/v2\/media\/366928"}],"wp:attachment":[{"href":"https:\/\/www.europesays.com\/fr\/wp-json\/wp\/v2\/media?parent=366927"}],"wp:term":[{"taxonomy":"category","embeddable":true,"href":"https:\/\/www.europesays.com\/fr\/wp-json\/wp\/v2\/categories?post=366927"},{"taxonomy":"post_tag","embeddable":true,"href":"https:\/\/www.europesays.com\/fr\/wp-json\/wp\/v2\/tags?post=366927"}],"curies":[{"name":"wp","href":"https:\/\/api.w.org\/{rel}","templated":true}]}}