{"id":366929,"date":"2025-09-05T00:23:20","date_gmt":"2025-09-05T00:23:20","guid":{"rendered":"https:\/\/www.europesays.com\/fr\/366929\/"},"modified":"2025-09-05T00:23:20","modified_gmt":"2025-09-05T00:23:20","slug":"bye-bye-bayrou-dans-toute-la-france-des-pots-de-depart-sorganisent-devant-les-mairies","status":"publish","type":"post","link":"https:\/\/www.europesays.com\/fr\/366929\/","title":{"rendered":"\u00ab\u00a0Bye bye, Bayrou\u00a0!\u00a0\u00bb\u00a0: dans toute la France, des \u00ab\u00a0pots de d\u00e9part\u00a0\u00bb s\u2019organisent devant les mairies"},"content":{"rendered":"<p>Mai dernier, plusieurs articles publi\u00e9s dans la presse font \u00e9tat du pr\u00e9tendu go\u00fbt de Fran\u00e7ois Bayrou pour les ap\u00e9ros. L\u2019Opinion, journal lib\u00e9ral pas vraiment connu pour son sens critique vis-\u00e0-vis du gouvernement, lui attribue m\u00eame un agenda \u00ab\u00a0moins fourni que sa table\u00a0\u00bb. Faux\u00a0!, r\u00e9torque le premier ministre. \u00ab\u00a0Je n\u2019ai jamais d\u2019ap\u00e9ro\u00a0!\u00a0\u00bb, s\u2019exclame-t-il sur RTL. Sa chute, pr\u00e9vue pour ce lundi 8\u00a0septembre \u00e0 la suite du vote de confiance auquel il sera soumis \u00e0 l\u2019Assembl\u00e9e nationale, devrait changer cela. Sur les r\u00e9seaux sociaux, les appels \u00e0 se rassembler devant les mairies pour son \u00ab\u00a0pot de d\u00e9part\u00a0\u00bb se multiplient.<\/p>\n<p>\u00ab\u00a0Nous c\u00e9l\u00e9brerons la victoire du peuple partout en France, devant toutes les mairies, par une grande f\u00eate populaire, le pot de d\u00e9part de Bayrou\u00a0\u00bb, peut-on lire dans \u00ab\u00a0l\u2019appel national\u00a0\u00bb anonyme publi\u00e9 sur le site <a href=\"http:\/\/paris-lutte.info\" target=\"_blank\" rel=\"noopener\">paris-lutte.info<\/a> et largement partag\u00e9.<\/p>\n<p>Le 10\u00a0septembre \u00e0 l\u2019horizon<\/p>\n<p>Cet appel est notamment relay\u00e9 par Attac sur sa page Facebook\u00a0: \u00ab\u00a0Ce sera notamment l\u2019occasion d\u2019\u00e9changer sur les mobilisations du 10\u00a0septembre. Bye bye Bayrou, balayons l\u2019aust\u00e9rit\u00e9\u00a0!\u00a0\u00bb. Un message accompagn\u00e9 d\u2019un visuel repr\u00e9sentant Fran\u00e7ois Bayrou affubl\u00e9 d\u2019un chapeau pointu et d\u2019un petit mot (faussement) sign\u00e9 de sa main\u00a0: \u00ab\u00a0Je t\u2019invite \u00e0 mon pot de d\u00e9part, lundi 8\u00a0septembre, devant toutes les mairies de France\u00a0\u00bb.<\/p>\n<p>Selon l\u2019appel \u00e0 l\u2019origine de ce rendez-vous, ce \u00ab\u00a0pot\u00a0\u00bb ne doit pas \u00eatre seulement \u00ab\u00a0un moment de joie\u00a0\u00bb, mais un \u00ab\u00a0point de d\u00e9part\u00a0\u00bb\u00a0: \u00ab\u00a0Nous d\u00e9battrons, nous imaginerons et nous proposerons. Car nous devons cr\u00e9er l\u2019alternative que nous voulons voir. La force d\u2019un mouvement populaire, c\u2019est sa capacit\u00e9 \u00e0 inventer. Le 10\u00a0septembre devra \u00eatre la suite logique de ce pot de d\u00e9part. Pas seulement pour dire non, mais pour ouvrir des possibles\u00a0\u00bb.<\/p>\n<p>Plusieurs dizaines de rassemblements sont d\u2019ores et d\u00e9j\u00e0 annonc\u00e9s. Le plus souvent \u00e0 l\u2019initiative de collectifs citoyens apartisans, mais parfois aussi de syndicats ou de partis. Comme dans l\u2019Is\u00e8re o\u00f9 Solidaires appelle \u00e0 se rassembler \u00e0 Grenoble, Bourgoin-Jallieu et Vienne, ou \u00e0 Paris o\u00f9 le NPA a communiqu\u00e9 sur un rassemblement devant l\u2019H\u00f4tel de Ville. \u00c0 Strasbourg, c\u2019est le mouvement \u00e9cologiste Extinction Rebellion qui est \u00e0 l\u2019origine du rendez-vous, place Kl\u00e9ber.<\/p>\n<p>Le m\u00e9dia que les milliardaires ne peuvent pas s\u2019acheter<\/p>\n<p>Nous ne sommes financ\u00e9s par aucun milliardaire. Et nous en sommes fiers\u00a0! Mais nous sommes confront\u00e9s \u00e0 des d\u00e9fis financiers constants. Soutenez-nous\u00a0! Votre don sera d\u00e9fiscalis\u00e9\u00a0: donner 5\u20ac vous reviendra \u00e0 1.65\u20ac. Le prix d\u2019un caf\u00e9.<br \/><a href=\"https:\/\/www.humanite.fr\/lhumanite-cest-vous\" target=\"_blank\" rel=\"noopener\">Je veux en savoir plus\u00a0!<\/a><\/p>\n","protected":false},"excerpt":{"rendered":"Mai dernier, plusieurs articles publi\u00e9s dans la presse font \u00e9tat du pr\u00e9tendu go\u00fbt de Fran\u00e7ois Bayrou pour les&hellip;\n","protected":false},"author":2,"featured_media":366930,"comment_status":"","ping_status":"","sticky":false,"template":"","format":"standard","meta":{"footnotes":""},"categories":[2821],"tags":[1111,11,5702,829,1777,674,1011,27,15763,8458,2088,12,584,25],"class_list":{"0":"post-366929","1":"post","2":"type-post","3":"status-publish","4":"format-standard","5":"has-post-thumbnail","7":"category-rennes","8":"tag-actu","9":"tag-actualites","10":"tag-alcool","11":"tag-bretagne","12":"tag-eu","13":"tag-europe","14":"tag-fr","15":"tag-france","16":"tag-franu00e7ois-bayrou","17":"tag-gouvernement-bayrou","18":"tag-manifestation","19":"tag-news","20":"tag-rennes","21":"tag-republique-francaise"},"share_on_mastodon":{"url":"https:\/\/pubeurope.com\/@fr\/115148842779995596","error":""},"_links":{"self":[{"href":"https:\/\/www.europesays.com\/fr\/wp-json\/wp\/v2\/posts\/366929","targetHints":{"allow":["GET"]}}],"collection":[{"href":"https:\/\/www.europesays.com\/fr\/wp-json\/wp\/v2\/posts"}],"about":[{"href":"https:\/\/www.europesays.com\/fr\/wp-json\/wp\/v2\/types\/post"}],"author":[{"embeddable":true,"href":"https:\/\/www.europesays.com\/fr\/wp-json\/wp\/v2\/users\/2"}],"replies":[{"embeddable":true,"href":"https:\/\/www.europesays.com\/fr\/wp-json\/wp\/v2\/comments?post=366929"}],"version-history":[{"count":0,"href":"https:\/\/www.europesays.com\/fr\/wp-json\/wp\/v2\/posts\/366929\/revisions"}],"wp:featuredmedia":[{"embeddable":true,"href":"https:\/\/www.europesays.com\/fr\/wp-json\/wp\/v2\/media\/366930"}],"wp:attachment":[{"href":"https:\/\/www.europesays.com\/fr\/wp-json\/wp\/v2\/media?parent=366929"}],"wp:term":[{"taxonomy":"category","embeddable":true,"href":"https:\/\/www.europesays.com\/fr\/wp-json\/wp\/v2\/categories?post=366929"},{"taxonomy":"post_tag","embeddable":true,"href":"https:\/\/www.europesays.com\/fr\/wp-json\/wp\/v2\/tags?post=366929"}],"curies":[{"name":"wp","href":"https:\/\/api.w.org\/{rel}","templated":true}]}}