{"id":366931,"date":"2025-09-05T00:25:14","date_gmt":"2025-09-05T00:25:14","guid":{"rendered":"https:\/\/www.europesays.com\/fr\/366931\/"},"modified":"2025-09-05T00:25:14","modified_gmt":"2025-09-05T00:25:14","slug":"un-detenu-gravement-brule-par-lincendie-de-sa-cellule-2","status":"publish","type":"post","link":"https:\/\/www.europesays.com\/fr\/366931\/","title":{"rendered":"Un d\u00e9tenu gravement br\u00fbl\u00e9 par l\u2019incendie de sa cellule"},"content":{"rendered":"<p class=\"mb-4 text-lg md:leading-8 break-words\"><strong>PRISON &#8211; Le jeune homme \u00e2g\u00e9 de 21 ans a \u00e9t\u00e9 transport\u00e9 vers le centre des grands br\u00fbl\u00e9s<\/strong><\/p>\n<p class=\"mb-4 text-lg md:leading-8 break-words\">Il \u00e9tait environ 23 heures mercredi 3\u00a0septembre quand les \u00e9quipes du centre p\u00e9nitentiaire de Rennes-Vezin ont \u00e9t\u00e9 d\u00e9ploy\u00e9es pour <a href=\"https:\/\/www.20minutes.fr\/faits_divers\/faits-divers-paris\/4170396-20250831-paris-detenu-carbonise-cellule-prison-sante?at_medium=RSS%20feed&amp;at_campaign=ynews&amp;utm_source=yahoo&amp;utm_medium=rss&amp;utm_campaign=news_feed&amp;utm_content=in_article_link\" rel=\"nofollow noopener\" target=\"_blank\" data-ylk=\"slk:un feu de cellule;elm:context_link;itc:0;sec:content-canvas\" class=\"link \">un feu de cellule<\/a>. Le personnel de la <a href=\"https:\/\/www.20minutes.fr\/dossier\/prison?at_medium=RSS%20feed&amp;at_campaign=ynews&amp;utm_source=yahoo&amp;utm_medium=rss&amp;utm_campaign=news_feed&amp;utm_content=in_article_link\" rel=\"nofollow noopener\" target=\"_blank\" data-ylk=\"slk:prison;elm:context_link;itc:0;sec:content-canvas\" class=\"link \">prison <\/a>est intervenu \u00e9quip\u00e9 de masques respiratoires et de d\u00e9fibrillateur pour \u00ab\u00a0porter secours \u00e0 l\u2019int\u00e9ress\u00e9\u00a0\u00bb, explique l\u2019administration p\u00e9nitentiaire, qui pr\u00e9cise que l\u2019homme \u00e9tait \u00ab\u00a0<a href=\"https:\/\/www.20minutes.fr\/societe\/4151327-20250501-prisons-population-carcerale-bat-nouveau-record-pres-83-000-detenus?at_medium=RSS%20feed&amp;at_campaign=ynews&amp;utm_source=yahoo&amp;utm_medium=rss&amp;utm_campaign=news_feed&amp;utm_content=in_article_link\" rel=\"nofollow noopener\" target=\"_blank\" data-ylk=\"slk:seul dans sa cellule;elm:context_link;itc:0;sec:content-canvas\" class=\"link \">seul dans sa cellule<\/a>\u00a0\u00bb.<\/p>\n<p class=\"mb-4 text-lg md:leading-8 break-words\">Les pompiers ont \u00e9t\u00e9 alert\u00e9s et ont pris en charge cet homme \u00e2g\u00e9 de 21 ans. Gravement br\u00fbl\u00e9, il a \u00e9t\u00e9 transport\u00e9 en urgence absolue vers le CHU Pontchaillou. D\u2019apr\u00e8s l\u2019administration p\u00e9nitentiaire, le d\u00e9tenu avait \u00ab\u00a0volontairement allum\u00e9\u00a0\u00bb le feu dans sa cellule.<\/p>\n<p>Publicit\u00e9<\/p>\n<p>Publicit\u00e9<\/p>\n<p>Publicit\u00e9<\/p>\n<p>Publicit\u00e9<\/p>\n<p class=\"mb-4 text-lg md:leading-8 break-words\">Le secteur o\u00f9 l\u2019incendie s\u2019est d\u00e9clar\u00e9 a \u00e9t\u00e9 s\u00e9curis\u00e9 par le personnel de la prison. En\u00a02024, environ 900 personnes <a href=\"https:\/\/www.20minutes.fr\/justice\/4017222-20230104-rennes-patronne-avocats-prison-denoncer-surpopulation?at_medium=RSS%20feed&amp;at_campaign=ynews&amp;utm_source=yahoo&amp;utm_medium=rss&amp;utm_campaign=news_feed&amp;utm_content=in_article_link\" rel=\"nofollow noopener\" target=\"_blank\" data-ylk=\"slk:\u00e9taient incarc\u00e9r\u00e9es \u00e0 Rennes-Vezin;elm:context_link;itc:0;sec:content-canvas\" class=\"link \">\u00e9taient incarc\u00e9r\u00e9es \u00e0 Rennes-Vezin<\/a>, prison inaugur\u00e9e en\u00a02010 et pr\u00e9vue pour accueillir 690 d\u00e9tenus.<\/p>\n<p class=\"mb-4 text-lg md:leading-8 break-words\"><a href=\"https:\/\/www.20minutes.fr\/faits_divers\/faits-divers-rennes\/4171131-20250904-rennes-detenu-gravement-brule-incendie-cellule?at_medium=RSS%20feed&amp;at_campaign=ynews&amp;utm_source=yahoo&amp;utm_medium=rss&amp;utm_campaign=news_feed&amp;utm_content=read_more_link&quot;\" rel=\"nofollow noopener\" target=\"_blank\" data-ylk=\"slk:Lire la suite sur 20minutes;elm:context_link;itc:0;sec:content-canvas\" class=\"link \">Lire la suite sur 20minutes<\/a><\/p>\n<p>\u00c0 lire aussi :<br \/><a href=\"https:\/\/www.20minutes.fr\/faits_divers\/faits-divers-paris\/4170396-20250831-paris-detenu-carbonise-cellule-prison-sante?at_medium=RSS%20feed&amp;at_campaign=ynews&amp;utm_source=yahoo&amp;utm_medium=rss&amp;utm_campaign=news_feed&amp;utm_content=related_content_link\" rel=\"nofollow noopener\" target=\"_blank\" data-ylk=\"slk:Paris\u00a0: Un d\u00e9tenu carbonis\u00e9 dans sa cellule \u00e0 la prison de la Sant\u00e9;elm:context_link;itc:0;sec:content-canvas\" class=\"link \">Paris\u00a0: Un d\u00e9tenu carbonis\u00e9 dans sa cellule \u00e0 la prison de la Sant\u00e9<\/a><br \/><a href=\"https:\/\/www.20minutes.fr\/justice\/4169370-20250825-prison-haute-securite-detenus-contestent-transfert-quartier-narcotrafiquants?at_medium=RSS%20feed&amp;at_campaign=ynews&amp;utm_source=yahoo&amp;utm_medium=rss&amp;utm_campaign=news_feed&amp;utm_content=related_content_link\" rel=\"nofollow noopener\" target=\"_blank\" data-ylk=\"slk:Prison de haute s\u00e9curit\u00e9\u00a0: Ces d\u00e9tenus contestent leur transfert dans le quartier pour narcotrafiquants;elm:context_link;itc:0;sec:content-canvas\" class=\"link \">Prison de haute s\u00e9curit\u00e9\u00a0: Ces d\u00e9tenus contestent leur transfert dans le quartier pour narcotrafiquants<\/a><\/p>\n","protected":false},"excerpt":{"rendered":"PRISON &#8211; Le jeune homme \u00e2g\u00e9 de 21 ans a \u00e9t\u00e9 transport\u00e9 vers le centre des grands br\u00fbl\u00e9s&hellip;\n","protected":false},"author":2,"featured_media":190621,"comment_status":"","ping_status":"","sticky":false,"template":"","format":"standard","meta":{"footnotes":""},"categories":[2821],"tags":[1111,11,829,10979,9803,9625,1777,674,1011,27,50132,12,584,25],"class_list":{"0":"post-366931","1":"post","2":"type-post","3":"status-publish","4":"format-standard","5":"has-post-thumbnail","7":"category-rennes","8":"tag-actu","9":"tag-actualites","10":"tag-bretagne","11":"tag-cellule","12":"tag-centre-penitentiaire","13":"tag-detenu","14":"tag-eu","15":"tag-europe","16":"tag-fr","17":"tag-france","18":"tag-grands-brules","19":"tag-news","20":"tag-rennes","21":"tag-republique-francaise"},"share_on_mastodon":{"url":"https:\/\/pubeurope.com\/@fr\/115148850601318565","error":""},"_links":{"self":[{"href":"https:\/\/www.europesays.com\/fr\/wp-json\/wp\/v2\/posts\/366931","targetHints":{"allow":["GET"]}}],"collection":[{"href":"https:\/\/www.europesays.com\/fr\/wp-json\/wp\/v2\/posts"}],"about":[{"href":"https:\/\/www.europesays.com\/fr\/wp-json\/wp\/v2\/types\/post"}],"author":[{"embeddable":true,"href":"https:\/\/www.europesays.com\/fr\/wp-json\/wp\/v2\/users\/2"}],"replies":[{"embeddable":true,"href":"https:\/\/www.europesays.com\/fr\/wp-json\/wp\/v2\/comments?post=366931"}],"version-history":[{"count":0,"href":"https:\/\/www.europesays.com\/fr\/wp-json\/wp\/v2\/posts\/366931\/revisions"}],"wp:featuredmedia":[{"embeddable":true,"href":"https:\/\/www.europesays.com\/fr\/wp-json\/wp\/v2\/media\/190621"}],"wp:attachment":[{"href":"https:\/\/www.europesays.com\/fr\/wp-json\/wp\/v2\/media?parent=366931"}],"wp:term":[{"taxonomy":"category","embeddable":true,"href":"https:\/\/www.europesays.com\/fr\/wp-json\/wp\/v2\/categories?post=366931"},{"taxonomy":"post_tag","embeddable":true,"href":"https:\/\/www.europesays.com\/fr\/wp-json\/wp\/v2\/tags?post=366931"}],"curies":[{"name":"wp","href":"https:\/\/api.w.org\/{rel}","templated":true}]}}