{"id":366932,"date":"2025-09-05T00:27:11","date_gmt":"2025-09-05T00:27:11","guid":{"rendered":"https:\/\/www.europesays.com\/fr\/366932\/"},"modified":"2025-09-05T00:27:11","modified_gmt":"2025-09-05T00:27:11","slug":"julien-lafarge-fondateur-des-hoplawards","status":"publish","type":"post","link":"https:\/\/www.europesays.com\/fr\/366932\/","title":{"rendered":"Julien Lafarge, fondateur des Hopl&rsquo;awards !"},"content":{"rendered":"<p><img loading=\"lazy\" decoding=\"async\" class=\"\" src=\"https:\/\/www.europesays.com\/fr\/wp-content\/uploads\/2025\/09\/ac05a568-9a28-45c1-8540-25279c293907.jpg\" alt=\"TOP MUSIC\" width=\"1\" height=\"1\"\/><\/p>\n<p class=\"date\">4 septembre 2025 &#8211; 9 min 30 sec<\/p>\n<p>Julien Lafarge, fondateur des Hopl&rsquo;awards !<\/p>\n<p>Les personnalit\u00e9s qui font vivre, bouger et danser l\u2019Alsace, vous donnent rendez-vous tous les soirs, 19-21h dans la Top Family !<\/p>\n<p>Julien Lafarge, fondateur des Hopl&rsquo;awards, l&rsquo;\u00e9v\u00e8nement alsacien qui r\u00e9compense des acteurs culturels alsaciens !<\/p>\n<p>Retrouvez plus d&rsquo;infos sur notre site internet<\/p>\n<p>Interview r\u00e9alis\u00e9e par Erwan Le Guilloux.<\/p>\n","protected":false},"excerpt":{"rendered":"4 septembre 2025 &#8211; 9 min 30 sec Julien Lafarge, fondateur des Hopl&rsquo;awards ! Les personnalit\u00e9s qui font&hellip;\n","protected":false},"author":2,"featured_media":366933,"comment_status":"","ping_status":"","sticky":false,"template":"","format":"standard","meta":{"footnotes":""},"categories":[2820],"tags":[1111,11,2389,1777,674,1011,27,775,2173,12,25,640],"class_list":{"0":"post-366932","1":"post","2":"type-post","3":"status-publish","4":"format-standard","5":"has-post-thumbnail","7":"category-strasbourg","8":"tag-actu","9":"tag-actualites","10":"tag-alsace","11":"tag-eu","12":"tag-europe","13":"tag-fr","14":"tag-france","15":"tag-grand-est","16":"tag-interview","17":"tag-news","18":"tag-republique-francaise","19":"tag-strasbourg"},"share_on_mastodon":{"url":"https:\/\/pubeurope.com\/@fr\/115148858667504252","error":""},"_links":{"self":[{"href":"https:\/\/www.europesays.com\/fr\/wp-json\/wp\/v2\/posts\/366932","targetHints":{"allow":["GET"]}}],"collection":[{"href":"https:\/\/www.europesays.com\/fr\/wp-json\/wp\/v2\/posts"}],"about":[{"href":"https:\/\/www.europesays.com\/fr\/wp-json\/wp\/v2\/types\/post"}],"author":[{"embeddable":true,"href":"https:\/\/www.europesays.com\/fr\/wp-json\/wp\/v2\/users\/2"}],"replies":[{"embeddable":true,"href":"https:\/\/www.europesays.com\/fr\/wp-json\/wp\/v2\/comments?post=366932"}],"version-history":[{"count":0,"href":"https:\/\/www.europesays.com\/fr\/wp-json\/wp\/v2\/posts\/366932\/revisions"}],"wp:featuredmedia":[{"embeddable":true,"href":"https:\/\/www.europesays.com\/fr\/wp-json\/wp\/v2\/media\/366933"}],"wp:attachment":[{"href":"https:\/\/www.europesays.com\/fr\/wp-json\/wp\/v2\/media?parent=366932"}],"wp:term":[{"taxonomy":"category","embeddable":true,"href":"https:\/\/www.europesays.com\/fr\/wp-json\/wp\/v2\/categories?post=366932"},{"taxonomy":"post_tag","embeddable":true,"href":"https:\/\/www.europesays.com\/fr\/wp-json\/wp\/v2\/tags?post=366932"}],"curies":[{"name":"wp","href":"https:\/\/api.w.org\/{rel}","templated":true}]}}