{"id":366936,"date":"2025-09-05T00:29:24","date_gmt":"2025-09-05T00:29:24","guid":{"rendered":"https:\/\/www.europesays.com\/fr\/366936\/"},"modified":"2025-09-05T00:29:24","modified_gmt":"2025-09-05T00:29:24","slug":"entre-tradition-et-innovation-cette-commune-du-pays-de-nice-va-construire-un-nouveau-site-pour-ses-artisans-et-ateliers-locaux","status":"publish","type":"post","link":"https:\/\/www.europesays.com\/fr\/366936\/","title":{"rendered":"Entre tradition et innovation, cette commune du pays de Nice va construire un nouveau site pour ses artisans et ateliers locaux"},"content":{"rendered":"<p><strong>Deux menui\u00adsiers et un m\u00e9canicien. \u00c0\u00a0Saint-\u200bDalmas-\u200ble-\u200bSelvage, il est question de construire une \u00ab\u00a0zone artisanale\u00a0\u00bb\u00a0pour r\u00e9pondre \u00e0\u00a0une forte demande. Il est aussi pr\u00e9vu de cr\u00e9er des emplois avec ces reloca\u00adli\u00adsa\u00adtions d\u2019entre\u00adprises d\u00e9j\u00e0 implant\u00e9es dans la commune.\u00a0<\/strong><\/p>\n<p>C\u2019est un sujet cl\u00e9, abord\u00e9 lors du conseil m\u00e9tro\u00adpo\u00adlitain du 16 mai 2025. En cette rentr\u00e9e, la M\u00e9tropole Nice C\u00f4te d\u2019Azur commu\u00adnique sur son futur projet de cr\u00e9ation d\u2019une \u00ab\u00a0zone artisanale\u00a0\u00bb pour la commune de Saint-Dalmas-le-Selvage.\u00a0<\/p>\n<p>Des entreprises d\u00e9j\u00e0 dans le village<\/p>\n<p>Concr\u00e8tement, sur le site de la Combe Nord, il est pr\u00e9vu d\u2019accueillir trois nouveaux entre\u00adpre\u00adneurs. Leur domaine d\u2019activit\u00e9 est d\u00e9j\u00e0 connu, puisqu\u2019il s\u2019agit de deux menui\u00adsiers et d\u2019un m\u00e9canicien automobile. \u00c0\u00a0noter d\u2019ailleurs que ces soci\u00e9t\u00e9s sont d\u00e9j\u00e0 pr\u00e9sentes dans la localit\u00e9 depuis plusieurs ann\u00e9es.<\/p>\n<p>Les deux artisans sp\u00e9cia\u00adlistes du travail du bois partagent actuel\u00adlement un local tr\u00e8s exigu en plein c\u0153ur du village. Une situation qui engendre des nuisances sonores. Il devient urgent de les reloca\u00adliser, ce qui doit \u00eatre fait dans un b\u00e2timent plus spacieux, moderne et en corr\u00e9\u00adlation avec une demande crois\u00adsante. Un \u00e9difice qu\u2019ils seront amen\u00e9s \u00e0\u00a0partager.<\/p>\n<p>Leur permettre de recruter un ou plusieurs salari\u00e9s<\/p>\n<p>Quant au garagiste, il \u0153uvre pour l\u2019instant sous licence. Mais cette formule conna\u00eet des d\u00e9sagr\u00e9\u00adments, et freine l\u2019entre\u00adprise. Le manque de mat\u00e9riel, notamment, lui est pr\u00e9ju\u00addi\u00adciable. D\u2019autant plus que la commune voisine de Saint-\u200bEtienne-\u200bde-\u200bTin\u00e9e a\u00a0perdu derni\u00e8\u00adrement trois de ses quatre garages, augmentant de fait la demande \u00e0\u00a0Saint-Dalmas-le-Selvage.<\/p>\n<p>Avec ce petit d\u00e9m\u00e9na\u00adgement, le m\u00e9canicien pourrait \u00e9tendre son champ d\u2019intervention, recruter un ou plusieurs salari\u00e9s et \u00ab\u00a0passer des certi\u00adfi\u00adca\u00adtions lui permettant d\u2019entretenir des v\u00e9hicules \u00e9lectriques et hybrides\u00a0\u00bb, est-\u200bil sp\u00e9cifi\u00e9. Il s\u2019ins\u00adtal\u00adlerait dans une seconde b\u00e2tisse comprenant un atelier et un espace d\u2019accueil.\u00a0<\/p>\n<p>De gros enjeux pour la commune<\/p>\n<p>Plusieurs enjeux donc pour ce plan m\u00e9tro\u00adpo\u00adlitain, avec tout d\u2019abord la possi\u00adbilit\u00e9 de d\u00e9velopper ces activit\u00e9s et de conserver l\u2019arti\u00adsanat dans la ville. D\u2019un point de vue \u00e9cono\u00admique, il a\u00a0aussi son impor\u00adtance avec le maintien, voire la cr\u00e9ation d\u2019emplois locaux. Des commerces qui sont en plus en pleine expansion, d\u2019apr\u00e8s les chiffres de l\u2019administration.\u00a0<\/p>\n<p>Mais il va falloir \u00eatre patients, car \u00e0\u00a0l\u2019image d\u2019un autre <a href=\"https:\/\/nicepresse.com\/un-nouveau-visage-pour-cette-commune-proche-de-nice-college-logements-un-chantier-denvergure-va-tout-changer\/\" rel=\"nofollow noopener\" target=\"_blank\">chantier d\u2019envergure \u00e0\u00a0Gatti\u00e8res<\/a>, il faut en passer par une concer\u00adtation aupr\u00e8s des habitants. En effet, le Plan local d\u2019urbanisme m\u00e9tro\u00adpo\u00adlitain n\u2019est actuel\u00adlement pas compa\u00adtible avec la r\u00e9ali\u00adsation de ces am\u00e9na\u00adge\u00adments. Pr\u00e9cisons qu\u2019aucune date n\u2019est encore mentionn\u00e9e par la M\u00e9tropole quant au d\u00e9but des travaux.<\/p>\n<p><a href=\"https:\/\/anneedelamer.nice.fr\/\" rel=\"nofollow noopener\" target=\"_blank\"><img loading=\"lazy\" decoding=\"async\" width=\"300\" height=\"300\" src=\"data:image\/svg+xml,%3Csvg%20xmlns=\" http:=\"\" alt=\"\" class=\"wp-image-235449\" data-lazy-src=\"https:\/\/www.europesays.com\/fr\/wp-content\/uploads\/2025\/04\/IMG_1416-2.png\"\/><\/a><\/p>\n","protected":false},"excerpt":{"rendered":"Deux menui\u00adsiers et un m\u00e9canicien. \u00c0\u00a0Saint-\u200bDalmas-\u200ble-\u200bSelvage, il est question de construire une \u00ab\u00a0zone artisanale\u00a0\u00bb\u00a0pour r\u00e9pondre \u00e0\u00a0une forte demande.&hellip;\n","protected":false},"author":2,"featured_media":366937,"comment_status":"","ping_status":"","sticky":false,"template":"","format":"standard","meta":{"footnotes":""},"categories":[2819],"tags":[1111,11,1777,674,1011,27,12,2401,882,25],"class_list":{"0":"post-366936","1":"post","2":"type-post","3":"status-publish","4":"format-standard","5":"has-post-thumbnail","7":"category-nice","8":"tag-actu","9":"tag-actualites","10":"tag-eu","11":"tag-europe","12":"tag-fr","13":"tag-france","14":"tag-news","15":"tag-nice","16":"tag-provence-alpes-cote-dazur","17":"tag-republique-francaise"},"share_on_mastodon":{"url":"https:\/\/pubeurope.com\/@fr\/115148866493136801","error":""},"_links":{"self":[{"href":"https:\/\/www.europesays.com\/fr\/wp-json\/wp\/v2\/posts\/366936","targetHints":{"allow":["GET"]}}],"collection":[{"href":"https:\/\/www.europesays.com\/fr\/wp-json\/wp\/v2\/posts"}],"about":[{"href":"https:\/\/www.europesays.com\/fr\/wp-json\/wp\/v2\/types\/post"}],"author":[{"embeddable":true,"href":"https:\/\/www.europesays.com\/fr\/wp-json\/wp\/v2\/users\/2"}],"replies":[{"embeddable":true,"href":"https:\/\/www.europesays.com\/fr\/wp-json\/wp\/v2\/comments?post=366936"}],"version-history":[{"count":0,"href":"https:\/\/www.europesays.com\/fr\/wp-json\/wp\/v2\/posts\/366936\/revisions"}],"wp:featuredmedia":[{"embeddable":true,"href":"https:\/\/www.europesays.com\/fr\/wp-json\/wp\/v2\/media\/366937"}],"wp:attachment":[{"href":"https:\/\/www.europesays.com\/fr\/wp-json\/wp\/v2\/media?parent=366936"}],"wp:term":[{"taxonomy":"category","embeddable":true,"href":"https:\/\/www.europesays.com\/fr\/wp-json\/wp\/v2\/categories?post=366936"},{"taxonomy":"post_tag","embeddable":true,"href":"https:\/\/www.europesays.com\/fr\/wp-json\/wp\/v2\/tags?post=366936"}],"curies":[{"name":"wp","href":"https:\/\/api.w.org\/{rel}","templated":true}]}}