{"id":366938,"date":"2025-09-05T00:30:19","date_gmt":"2025-09-05T00:30:19","guid":{"rendered":"https:\/\/www.europesays.com\/fr\/366938\/"},"modified":"2025-09-05T00:30:19","modified_gmt":"2025-09-05T00:30:19","slug":"joel-andrianomearisoa-entre-mer-et-ciel-a-la-biennale-des-arts-et-de-locean-de-nice","status":"publish","type":"post","link":"https:\/\/www.europesays.com\/fr\/366938\/","title":{"rendered":"Jo\u00ebl Andrianomearisoa, entre mer et ciel \u00e0 la Biennale des Arts et de l&rsquo;Oc\u00e9an de Nice"},"content":{"rendered":"<p class=\"t-content__chapo\">\n                                                \u00c0\u00a0Nice, dans le sud de la France, la Biennale des arts s&rsquo;inscrit cette ann\u00e9e sous le signe de l&rsquo;oc\u00e9an. Cette \u00e9dition d\u00e9ploy\u00e9e jusqu&rsquo;en septembre propose un parcours d&rsquo;\u0153uvres d&rsquo;art dans l&rsquo;espace public.\u00a0\u00c0 cette occasion, l&rsquo;artiste malgache Jo\u00ebl Andrianomearisoa expose une sculpture sur les anciennes murailles qui prot\u00e9geaient la ville. On peut y lire : \u00ab Songer la vague sur un horizon, une promesse \u00bb. Une phrase comme suspendue dans le ciel, en \u00e9cho \u00e0 la topographie de Nice, entre mer et ciel.                    <\/p>\n<p><img decoding=\"async\" fetchpriority=\"low\" src=\"https:\/\/www.europesays.com\/fr\/wp-content\/uploads\/2025\/09\/Portrait_Joe\u0308lAndrianomearisoa_Entre\u0301eAuMETNYC_30mai2025.jpg\"   width=\"1024\" height=\"576\" alt=\"Jo\u00ebl Andrianomearisoa devant l'entr\u00e9e du Metropolitan Museum of Art (MET) \u00e0 New York (image d'illustration).\" loading=\"eager\" class=\"a-img \"\/><\/p>\n<p>                Jo\u00ebl Andrianomearisoa devant l&rsquo;entr\u00e9e du Metropolitan Museum of Art (MET) \u00e0 New York (image d&rsquo;illustration).                \u00a9 Avec l&rsquo;aimable autorisation de la Fondation Hakanto Contemporary            <\/p>\n<p>\u25ba Son \u0153uvre et les cinq suivantes du parcours d&rsquo;\u0153uvres d&rsquo;art dans l&rsquo;espace public sont \u00e0 d\u00e9couvrir \u00e0 Nice jusqu&rsquo;au 28 septembre 2025.<\/p>\n<p class=\"a-read-more\">\u00c0 lire aussi<a href=\"https:\/\/www.rfi.fr\/fr\/afrique\/20250603-jo\u00ebl-andrianomearisoa-premier-malgache-expos\u00e9-au-metropolitan-museum-of-art-de-new-york\" target=\"_self\" class=\"a-read-more__link\" rel=\"noopener\">Le plasticien malgache Jo\u00ebl Andrianomearisoa expos\u00e9 au Metropolitan Museum of Art de New York<\/a><\/p>\n","protected":false},"excerpt":{"rendered":"\u00c0\u00a0Nice, dans le sud de la France, la Biennale des arts s&rsquo;inscrit cette ann\u00e9e sous le signe de&hellip;\n","protected":false},"author":2,"featured_media":366939,"comment_status":"","ping_status":"","sticky":false,"template":"","format":"standard","meta":{"footnotes":""},"categories":[2819],"tags":[1111,11,1348,251,1777,674,1011,27,10490,8459,12,2401,882,25],"class_list":{"0":"post-366938","1":"post","2":"type-post","3":"status-publish","4":"format-standard","5":"has-post-thumbnail","7":"category-nice","8":"tag-actu","9":"tag-actualites","10":"tag-arts","11":"tag-culture","12":"tag-eu","13":"tag-europe","14":"tag-fr","15":"tag-france","16":"tag-invite-culture","17":"tag-madagascar","18":"tag-news","19":"tag-nice","20":"tag-provence-alpes-cote-dazur","21":"tag-republique-francaise"},"share_on_mastodon":{"url":"https:\/\/pubeurope.com\/@fr\/115148870345170992","error":""},"_links":{"self":[{"href":"https:\/\/www.europesays.com\/fr\/wp-json\/wp\/v2\/posts\/366938","targetHints":{"allow":["GET"]}}],"collection":[{"href":"https:\/\/www.europesays.com\/fr\/wp-json\/wp\/v2\/posts"}],"about":[{"href":"https:\/\/www.europesays.com\/fr\/wp-json\/wp\/v2\/types\/post"}],"author":[{"embeddable":true,"href":"https:\/\/www.europesays.com\/fr\/wp-json\/wp\/v2\/users\/2"}],"replies":[{"embeddable":true,"href":"https:\/\/www.europesays.com\/fr\/wp-json\/wp\/v2\/comments?post=366938"}],"version-history":[{"count":0,"href":"https:\/\/www.europesays.com\/fr\/wp-json\/wp\/v2\/posts\/366938\/revisions"}],"wp:featuredmedia":[{"embeddable":true,"href":"https:\/\/www.europesays.com\/fr\/wp-json\/wp\/v2\/media\/366939"}],"wp:attachment":[{"href":"https:\/\/www.europesays.com\/fr\/wp-json\/wp\/v2\/media?parent=366938"}],"wp:term":[{"taxonomy":"category","embeddable":true,"href":"https:\/\/www.europesays.com\/fr\/wp-json\/wp\/v2\/categories?post=366938"},{"taxonomy":"post_tag","embeddable":true,"href":"https:\/\/www.europesays.com\/fr\/wp-json\/wp\/v2\/tags?post=366938"}],"curies":[{"name":"wp","href":"https:\/\/api.w.org\/{rel}","templated":true}]}}