{"id":366948,"date":"2025-09-05T00:36:18","date_gmt":"2025-09-05T00:36:18","guid":{"rendered":"https:\/\/www.europesays.com\/fr\/366948\/"},"modified":"2025-09-05T00:36:18","modified_gmt":"2025-09-05T00:36:18","slug":"enleve-et-depouille-le-fetard-est-relache-le-lendemain-a-200-kilometres-de-toulouse","status":"publish","type":"post","link":"https:\/\/www.europesays.com\/fr\/366948\/","title":{"rendered":"Enlev\u00e9 et d\u00e9pouill\u00e9, le f\u00eatard est rel\u00e2ch\u00e9 le lendemain \u00e0 200 kilom\u00e8tres de Toulouse"},"content":{"rendered":"<p>Deux hommes ont \u00e9t\u00e9 mis en examen et plac\u00e9s en d\u00e9tention provisoire ce jeudi \u00e0 Toulouse, accus\u00e9s d&rsquo;avoir enlev\u00e9 et d\u00e9pouill\u00e9 un jeune f\u00eatard de 20 ans dans la nuit du 8 au 9 ao\u00fbt \u00e0 Toulouse.<\/p>\n<p>C&rsquo;est une histoire qui fait froid dans le dos quand on sait que beaucoup de jeunes et d&rsquo;\u00e9tudiants ont l&rsquo;habitude de sortir le soir dans le centre de Toulouse, entre le Capitole et la place Saint-Pierre. <strong>Deux hommes ont \u00e9t\u00e9 mis en examen et plac\u00e9s en d\u00e9tention provisoire ce jeudi \u00e0 Toulouse<\/strong>, un majeur de 29 ans et un mineur de 16 ans. <strong>Ils sont accus\u00e9s d&rsquo;avoir agress\u00e9, enlev\u00e9, escroqu\u00e9 et s\u00e9questr\u00e9 un jeune de 20 ans, lors d&rsquo;une soir\u00e9e en centre-ville\u00a0dans la nuit du 8 au 9 aout 2025.<\/strong> Le fruit d&rsquo;une enqu\u00eate men\u00e9e par la division de la criminalit\u00e9 organis\u00e9e et sp\u00e9cialis\u00e9e (DCOS).<\/p>\n<p>Rel\u00e2ch\u00e9 \u00e0 200 kilom\u00e8tres de Toulouse<\/p>\n<p>Au d\u00e9part, un vendredi soir comme un autre entre le Capitole et la place Saint-Pierre. Malgr\u00e9 les vacances d&rsquo;\u00e9t\u00e9, les f\u00eatards sont de sortie. La victime alcoolis\u00e9e se retrouve isol\u00e9e par une bagarre. Elle d\u00e9ambule. C&rsquo;est l\u00e0 qu&rsquo;elle est agress\u00e9e par deux hommes arm\u00e9s d&rsquo;un couteau. <strong>Les agresseurs la font alors monter dans leur voiture qui d\u00e9marre. La victime est frapp\u00e9e.<\/strong>\u00a0Puis la voiture va s&rsquo;arr\u00eater. <strong>On la force \u00e0 utiliser sa carte bancaire.<\/strong>\u00a0Une nuit de l&rsquo;enfer. <strong>La victime se r\u00e9veille le lendemain,<\/strong> d\u00e9boussol\u00e9e, \u00e0\u00a0Saint-Laurent-de-la-Salanque dans les Pyr\u00e9n\u00e9es-Orientales, <strong>\u00e0 plus de 200 kilom\u00e8tres de Toulouse<\/strong>.<\/p>\n<p>La victime a port\u00e9 plainte. Le m\u00e9decin a constat\u00e9 dix jours d&rsquo;incapacit\u00e9 temporaire totale de travail. <strong>Les enqu\u00eateurs ont interpell\u00e9 les deux suspects en d\u00e9but de semaine.<\/strong> Ces derniers ont \u00e9t\u00e9 pr\u00e9sent\u00e9s ce jeudi au juge d&rsquo;instruction en charge du dossier.<\/p>\n","protected":false},"excerpt":{"rendered":"Deux hommes ont \u00e9t\u00e9 mis en examen et plac\u00e9s en d\u00e9tention provisoire ce jeudi \u00e0 Toulouse, accus\u00e9s d&rsquo;avoir&hellip;\n","protected":false},"author":2,"featured_media":366949,"comment_status":"","ping_status":"","sticky":false,"template":"","format":"standard","meta":{"footnotes":""},"categories":[2816],"tags":[1111,11,1777,674,1011,27,12,2680,25,2312],"class_list":{"0":"post-366948","1":"post","2":"type-post","3":"status-publish","4":"format-standard","5":"has-post-thumbnail","7":"category-toulouse","8":"tag-actu","9":"tag-actualites","10":"tag-eu","11":"tag-europe","12":"tag-fr","13":"tag-france","14":"tag-news","15":"tag-occitanie","16":"tag-republique-francaise","17":"tag-toulouse"},"share_on_mastodon":{"url":"https:\/\/pubeurope.com\/@fr\/115148894027363516","error":""},"_links":{"self":[{"href":"https:\/\/www.europesays.com\/fr\/wp-json\/wp\/v2\/posts\/366948","targetHints":{"allow":["GET"]}}],"collection":[{"href":"https:\/\/www.europesays.com\/fr\/wp-json\/wp\/v2\/posts"}],"about":[{"href":"https:\/\/www.europesays.com\/fr\/wp-json\/wp\/v2\/types\/post"}],"author":[{"embeddable":true,"href":"https:\/\/www.europesays.com\/fr\/wp-json\/wp\/v2\/users\/2"}],"replies":[{"embeddable":true,"href":"https:\/\/www.europesays.com\/fr\/wp-json\/wp\/v2\/comments?post=366948"}],"version-history":[{"count":0,"href":"https:\/\/www.europesays.com\/fr\/wp-json\/wp\/v2\/posts\/366948\/revisions"}],"wp:featuredmedia":[{"embeddable":true,"href":"https:\/\/www.europesays.com\/fr\/wp-json\/wp\/v2\/media\/366949"}],"wp:attachment":[{"href":"https:\/\/www.europesays.com\/fr\/wp-json\/wp\/v2\/media?parent=366948"}],"wp:term":[{"taxonomy":"category","embeddable":true,"href":"https:\/\/www.europesays.com\/fr\/wp-json\/wp\/v2\/categories?post=366948"},{"taxonomy":"post_tag","embeddable":true,"href":"https:\/\/www.europesays.com\/fr\/wp-json\/wp\/v2\/tags?post=366948"}],"curies":[{"name":"wp","href":"https:\/\/api.w.org\/{rel}","templated":true}]}}