{"id":366950,"date":"2025-09-05T00:37:39","date_gmt":"2025-09-05T00:37:39","guid":{"rendered":"https:\/\/www.europesays.com\/fr\/366950\/"},"modified":"2025-09-05T00:37:39","modified_gmt":"2025-09-05T00:37:39","slug":"make-my-lemonade-ouvre-a-lille","status":"publish","type":"post","link":"https:\/\/www.europesays.com\/fr\/366950\/","title":{"rendered":"Make My Lemonade ouvre \u00e0 Lille"},"content":{"rendered":"<p>Apr\u00e8s une lev\u00e9e de fonds de plus de\u00a01\u202f000\u202f000\u00a0euros\u00a0r\u00e9alis\u00e9e en mai 2025, l&rsquo;enseigne fran\u00e7aise Make My Lemonade entame une nouvelle phase de d\u00e9ploiement avec l&rsquo;ouverture d&rsquo;une boutique \u00e0 Lille.<\/p>\n<p>\u00ab\u202fNous avons tout r\u00e9cemment r\u00e9alis\u00e9 une lev\u00e9e de fonds aupr\u00e8s de notre communaut\u00e9 et l\u2019un de nos premiers objectifs \u00e9tait d\u2019ouvrir de nouvelles boutiques dans des lieux cl\u00e9s, d\u00e9clare\u00a0Lisa Gachet, la fondatrice, dans un communiqu\u00e9. On sait qu\u2019une partie de la communaut\u00e9\u00a0lilloise est super affinitaire avec notre univers et on a h\u00e2te d\u2019aller \u00e0 sa rencontre\u202f!\u202f\u00bb<\/p>\n<p>Le nouveau magasin lillois de Make My Lemonade\u00a0ouvrira le 1er octobre\u00a0place Louise de Bettignies, dans un b\u00e2timent class\u00e9 d\u2019\u00e9poque. Le pr\u00eat-\u00e0-porter et les articles pour la maison seront propos\u00e9s dans un espace de 110 m\u00e8tres carr\u00e9s.<\/p>\n<p>Comme l&rsquo;explique Lisa Gachet, ce nouveau point de vente devrait se diff\u00e9rencier par une exp\u00e9rience client particuli\u00e8rement soig\u00e9e :\u00a0\u00ab\u202fOn a toujours veill\u00e9 \u00e0 ce que l\u2019exp\u00e9rience client en boutique soit la plus agr\u00e9able possible en rendant ces lieux inspirants et en recrutant de super conseiller.e.s pour casser les standards des points de vente classiques\u202f\u00bb, explique Lisa Gachet. \u00ab\u202fL\u2019id\u00e9e est vraiment d\u2019en faire un endroit unique, o\u00f9 on a plaisir\u00a0\u00e0 fl\u00e2ner, \u00e0 poser son regard sur plein de pi\u00e8ces color\u00e9es, \u00e0 \u00e9changer avec nos \u00e9quipes. On a jou\u00e9 avec nos codes, notre ADN cr\u00e9atif tout en respectant au maximum le patrimoine de la vieille ville pour conserver le charme de ce lieu. Avec le fabuleux travail des architectes Cl\u00e9mence Orsini et Cl\u00e9ment Daventure, l\u2019effet sera au rendez-vous.\u202f\u00bb<\/p>\n<p>Sur les deux derni\u00e8res ann\u00e9es, Make My Lemonade indique avoir enregistr\u00e9 une augmentation de 56% de son chiffre d&rsquo;affaires &#8211; 8 millions d&rsquo;euros de chiffre d&rsquo;affaires en 2024.\u00a0Outre sa ouvelle boutique lilloise, l&rsquo;enseigne est distribu\u00e9e dans deux boutiques en propre en France, \u00e0 Paris et \u00e0 Lyon et vise le march\u00e9 europ\u00e9en.<\/p>\n","protected":false},"excerpt":{"rendered":"Apr\u00e8s une lev\u00e9e de fonds de plus de\u00a01\u202f000\u202f000\u00a0euros\u00a0r\u00e9alis\u00e9e en mai 2025, l&rsquo;enseigne fran\u00e7aise Make My Lemonade entame une&hellip;\n","protected":false},"author":2,"featured_media":366951,"comment_status":"","ping_status":"","sticky":false,"template":"","format":"standard","meta":{"footnotes":""},"categories":[2815],"tags":[1111,11,1777,674,1011,27,811,1307,12,25],"class_list":{"0":"post-366950","1":"post","2":"type-post","3":"status-publish","4":"format-standard","5":"has-post-thumbnail","7":"category-lille","8":"tag-actu","9":"tag-actualites","10":"tag-eu","11":"tag-europe","12":"tag-fr","13":"tag-france","14":"tag-hauts-de-france","15":"tag-lille","16":"tag-news","17":"tag-republique-francaise"},"share_on_mastodon":{"url":"https:\/\/pubeurope.com\/@fr\/115148897808812601","error":""},"_links":{"self":[{"href":"https:\/\/www.europesays.com\/fr\/wp-json\/wp\/v2\/posts\/366950","targetHints":{"allow":["GET"]}}],"collection":[{"href":"https:\/\/www.europesays.com\/fr\/wp-json\/wp\/v2\/posts"}],"about":[{"href":"https:\/\/www.europesays.com\/fr\/wp-json\/wp\/v2\/types\/post"}],"author":[{"embeddable":true,"href":"https:\/\/www.europesays.com\/fr\/wp-json\/wp\/v2\/users\/2"}],"replies":[{"embeddable":true,"href":"https:\/\/www.europesays.com\/fr\/wp-json\/wp\/v2\/comments?post=366950"}],"version-history":[{"count":0,"href":"https:\/\/www.europesays.com\/fr\/wp-json\/wp\/v2\/posts\/366950\/revisions"}],"wp:featuredmedia":[{"embeddable":true,"href":"https:\/\/www.europesays.com\/fr\/wp-json\/wp\/v2\/media\/366951"}],"wp:attachment":[{"href":"https:\/\/www.europesays.com\/fr\/wp-json\/wp\/v2\/media?parent=366950"}],"wp:term":[{"taxonomy":"category","embeddable":true,"href":"https:\/\/www.europesays.com\/fr\/wp-json\/wp\/v2\/categories?post=366950"},{"taxonomy":"post_tag","embeddable":true,"href":"https:\/\/www.europesays.com\/fr\/wp-json\/wp\/v2\/tags?post=366950"}],"curies":[{"name":"wp","href":"https:\/\/api.w.org\/{rel}","templated":true}]}}