{"id":366954,"date":"2025-09-05T00:40:10","date_gmt":"2025-09-05T00:40:10","guid":{"rendered":"https:\/\/www.europesays.com\/fr\/366954\/"},"modified":"2025-09-05T00:40:10","modified_gmt":"2025-09-05T00:40:10","slug":"une-honte-pour-la-republique","status":"publish","type":"post","link":"https:\/\/www.europesays.com\/fr\/366954\/","title":{"rendered":"Une honte pour la R\u00e9publique"},"content":{"rendered":"\n<p>\u00ab Chaque enfant qu\u2019on enseigne est un homme qu\u2019on gagne\u00a0\u00bb. Victor Hugo \u00e9crit ces vers apr\u00e8s la visite d\u2019un bagne pour dire combien l\u2019\u00e9ducation est fondamentale. Quels hommes deviendront les jeunes d\u00e9tenus de la prison pour mineurs de Marseille\u00a0? Quels enseignements leur est-il d\u00e9livr\u00e9 dans ce lieu o\u00f9 leur dignit\u00e9 est bafou\u00e9e et l\u2019\u00e9ducation r\u00e9duite au minimum\u00a0? Dans un pays min\u00e9 par une surpopulation carc\u00e9rale, insupportable, le sort des d\u00e9tenus les plus vuln\u00e9rables ne semble pas compter.<\/p>\n<p>La prison, lieu de privation de libert\u00e9, est devenue lieu de privations des droits \u00e9l\u00e9mentaires. Il faut le coup de semonce de la contr\u00f4leure g\u00e9n\u00e9rale des lieux de privation de libert\u00e9, Dominique Simonnot, pour d\u00e9couvrir l\u2019incurie de la prison pour mineurs \u00e0 Marseille.<\/p>\n<p>Secret des ge\u00f4les<\/p>\n<p>Le ministre en sursis de la Justice, G\u00e9rald Darmanin, pourtant coutumier de visites sur le Vieux-Port, a-t-il accouru pour voir de ses propres yeux la r\u00e9alit\u00e9\u00a0? Non. Le sujet n\u2019est pas m\u00e9diatiquement flatteur.<\/p>\n<p>La visite du s\u00e9nateur \u00e9cologiste des Bouches-du-Rh\u00f4ne, Guy Benarroche, a le grand m\u00e9rite de dire qu\u2019en R\u00e9publique, nul arbitraire, nulle violence ne peuvent \u00eatre exerc\u00e9s dans le secret des ge\u00f4les. L\u2019ordonnance sur la justice des mineurs de 1945 a pos\u00e9 le principe historique de la primaut\u00e9 de l\u2019\u00e9ducation pour les mineurs d\u00e9linquants. Elle n\u2019a eu de cesse d\u2019\u00eatre attaqu\u00e9e par la droite et l\u2019extr\u00eame droite. Ce principe est pourtant le seul chemin pour r\u00e9pondre \u00e0 la d\u00e9linquance juv\u00e9nile. Les centres p\u00e9nitentiaires pour mineurs ont-ils leur place dans notre soci\u00e9t\u00e9\u00a0? Ils sont, en fait, une honte pour la R\u00e9publique.<\/p>\n","protected":false},"excerpt":{"rendered":"\u00ab Chaque enfant qu\u2019on enseigne est un homme qu\u2019on gagne\u00a0\u00bb. Victor Hugo \u00e9crit ces vers apr\u00e8s la visite&hellip;\n","protected":false},"author":2,"featured_media":366955,"comment_status":"","ping_status":"","sticky":false,"template":"","format":"standard","meta":{"footnotes":""},"categories":[2814],"tags":[1111,11,7325,1777,674,1011,27,884,12,882,25],"class_list":{"0":"post-366954","1":"post","2":"type-post","3":"status-publish","4":"format-standard","5":"has-post-thumbnail","7":"category-marseille","8":"tag-actu","9":"tag-actualites","10":"tag-controle","11":"tag-eu","12":"tag-europe","13":"tag-fr","14":"tag-france","15":"tag-marseille","16":"tag-news","17":"tag-provence-alpes-cote-dazur","18":"tag-republique-francaise"},"share_on_mastodon":{"url":"https:\/\/pubeurope.com\/@fr\/115148909772632952","error":""},"_links":{"self":[{"href":"https:\/\/www.europesays.com\/fr\/wp-json\/wp\/v2\/posts\/366954","targetHints":{"allow":["GET"]}}],"collection":[{"href":"https:\/\/www.europesays.com\/fr\/wp-json\/wp\/v2\/posts"}],"about":[{"href":"https:\/\/www.europesays.com\/fr\/wp-json\/wp\/v2\/types\/post"}],"author":[{"embeddable":true,"href":"https:\/\/www.europesays.com\/fr\/wp-json\/wp\/v2\/users\/2"}],"replies":[{"embeddable":true,"href":"https:\/\/www.europesays.com\/fr\/wp-json\/wp\/v2\/comments?post=366954"}],"version-history":[{"count":0,"href":"https:\/\/www.europesays.com\/fr\/wp-json\/wp\/v2\/posts\/366954\/revisions"}],"wp:featuredmedia":[{"embeddable":true,"href":"https:\/\/www.europesays.com\/fr\/wp-json\/wp\/v2\/media\/366955"}],"wp:attachment":[{"href":"https:\/\/www.europesays.com\/fr\/wp-json\/wp\/v2\/media?parent=366954"}],"wp:term":[{"taxonomy":"category","embeddable":true,"href":"https:\/\/www.europesays.com\/fr\/wp-json\/wp\/v2\/categories?post=366954"},{"taxonomy":"post_tag","embeddable":true,"href":"https:\/\/www.europesays.com\/fr\/wp-json\/wp\/v2\/tags?post=366954"}],"curies":[{"name":"wp","href":"https:\/\/api.w.org\/{rel}","templated":true}]}}