{"id":366956,"date":"2025-09-05T00:41:29","date_gmt":"2025-09-05T00:41:29","guid":{"rendered":"https:\/\/www.europesays.com\/fr\/366956\/"},"modified":"2025-09-05T00:41:29","modified_gmt":"2025-09-05T00:41:29","slug":"lex-policier-de-la-brigade-des-mineurs-de-marseille-condamne-a-15-ans-de-reclusion-criminelle-liberation","status":"publish","type":"post","link":"https:\/\/www.europesays.com\/fr\/366956\/","title":{"rendered":"l\u2019ex-policier de la brigade des mineurs de Marseille condamn\u00e9 \u00e0 15 ans de r\u00e9clusion criminelle \u2013 Lib\u00e9ration"},"content":{"rendered":"<p class=\"sc-cPiKLX AiZTS text-element\">Dans une salle comble du palais Verdun d\u2019Aix-en-Provence, <a href=\"https:\/\/www.liberation.fr\/societe\/police-justice\/viols-denfants-aux-philippines-un-ex-policier-de-la-brigade-des-mineurs-de-marseille-juge-a-partir-de-lundi-20250831_SWJYDOKWSJFV7A25DABRLSTDVM\/\" target=\"_blank\" rel=\"noreferrer noopener\" title=\"https:\/\/www.liberation.fr\/societe\/police-justice\/viols-denfants-aux-philippines-un-ex-policier-de-la-brigade-des-mineurs-de-marseille-juge-a-partir-de-lundi-20250831_SWJYDOKWSJFV7A25DABRLSTDVM\/\">Julien Palisca<\/a>, 46 ans, a \u00e9t\u00e9 condamn\u00e9 ce jeudi 4 septembre \u00e0 15 ans de r\u00e9clusion criminelle, assortis des deux tiers de s\u00fbret\u00e9. Il devra \u00e9galement se soumettre \u00e0 10 ann\u00e9es de suivi sociojudiciaire ainsi qu\u2019\u00e0 une interdiction d\u00e9finitive d\u2019exercer le m\u00e9tier de policier ainsi que d\u2019exercer une activit\u00e9 b\u00e9n\u00e9vole ou professionnelle avec des mineurs, et d\u2019une autre de cinq ans de quitter le territoire.  <\/p>\n<p class=\"sc-cPiKLX AiZTS text-element\">Dans sa plaidoirie, en milieu d\u2019apr\u00e8s-midi, son avocate, Me Justine Boyadjian, avait rappel\u00e9 que l\u2019ancien enqu\u00eateur de la brigade des mineurs avait plaid\u00e9 \u00abcoupable\u00bb pour les viols et agressions sexuelles en 2018 aux Philippines sur Bobby et Billy, 12 ans et 15 ans \u00e0 l\u2019\u00e9poque. Conseille de cet ancien directeur d\u2019une association d\u2019accompagnement d\u2019enfants en Asie du Sud-Est depuis bient\u00f4t quatre ans, elle a regrett\u00e9 avoir eu \u00abl\u2019impression de commencer par la fin\u00bb, lundi, comme si \u00abune d\u00e9cision avait d\u00e9j\u00e0 \u00e9t\u00e9 prise\u00bb par la cour criminelle. <\/p>\n<p class=\"sc-cPiKLX AiZTS text-element\">Certes, Julien Palisca \u00ab<a href=\"https:\/\/www.liberation.fr\/societe\/police-justice\/lex-policier-juge-pour-le-viol-denfants-philippins-se-dit-coupable-20250902_G64C2DO6EZGYTKKZRHPM6HV7A4\/?redirected=1\" target=\"_blank\" rel=\"noreferrer noopener\" title=\"https:\/\/www.liberation.fr\/societe\/police-justice\/lex-policier-juge-pour-le-viol-denfants-philippins-se-dit-coupable-20250902_G64C2DO6EZGYTKKZRHPM6HV7A4\/?redirected=1\">a reconnu les faits<\/a>, et c\u2019est une bonne chose pour lui et pour la soci\u00e9t\u00e9\u00bb, a soulign\u00e9 son avocate. Mais a-t-il reconnu l\u2019enti\u00e8ret\u00e9 des faits ? Toute la semaine, l\u2019accus\u00e9 est rest\u00e9 prostr\u00e9, n\u2019a jamais eu un mot plus haut que l\u2019autre. Plusieurs fois, il a donn\u00e9 l\u2019impression de vouloir se livrer, un peu, mais <a href=\"https:\/\/www.liberation.fr\/societe\/police-justice\/au-proces-de-lancien-policier-de-la-brigade-des-mineurs-juge-pour-pedocriminalite-apres-les-mensonges-la-honte-20250903_VCYH2UHGMRHC5PUQF5JVC5J274\/\" target=\"_blank\" rel=\"noopener\" title=\"https:\/\/www.liberation.fr\/societe\/police-justice\/au-proces-de-lancien-policier-de-la-brigade-des-mineurs-juge-pour-pedocriminalite-apres-les-mensonges-la-honte-20250903_VCYH2UHGMRHC5PUQF5JVC5J274\/\">sans jamais trop en dire<\/a>. Manipulation, comme le pensent les parties civiles ? Ou sinc\u00e8re blocage, comme l\u2019explique sa d\u00e9fense ?  <\/p>\n<p class=\"sc-cPiKLX AiZTS text-element\">A l\u2019issue de l\u2019instruction, de nombreuses zones d\u2019ombre persistaient, que ce soit sur la personnalit\u00e9 de Palisca, son parcours, sa consommation d\u2019images \u00e0 caract\u00e8re p\u00e9dopornographique ou l\u2019existence d\u2019\u00e9ventuelles autres victimes. Les experts le qualifient de \u00abmythomane\u00bb et le pensent d\u00e9nu\u00e9 d\u2019empathie. Les parties civiles soup\u00e7onnent l\u2019ancien policier d\u2019avoir obtenu un poste \u00e0 la brigade des mineurs pour mieux se rapprocher d\u2019\u00e9ventuelles cibles. <\/p>\n<p class=\"sc-cPiKLX AiZTS text-element\">Ce proc\u00e8s aura \u00e9galement \u00e9t\u00e9 celui de la police. Mardi, de nombreux anciens coll\u00e8gues de Julien Palisca ont d\u00e9fil\u00e9 \u00e0 la barre, faisant part de leur stup\u00e9faction, jurant qu\u2019ils n\u2019avaient \u00abrien [pu] voir\u00bb. Des r\u00e9ponses qui ont \u00e9tonn\u00e9 la cour et l\u2019avocate g\u00e9n\u00e9rale, et ont provoqu\u00e9 l\u2019ire des parties civiles. Me Joanny Moulin, \u00e0 l\u2019accent toujours col\u00e9reux, s\u2019est offusqu\u00e9 d\u2019avoir vu \u00abun commandant de police se pr\u00e9senter devant une cour criminelle, lever la main droite, jurer puis mentir !\u00bb L\u2019avocat accuse notamment Marc R., ancien sup\u00e9rieur de Julien Palisca, de contester qu\u2019\u00abau moins \u00e0 deux reprises\u00bb, \u00abde faux PV de police antidat\u00e9s ont \u00e9t\u00e9 \u00e9tablis\u00bb. Une pratique ill\u00e9gale qui aurait eu pour but soit de couvrir Palisca, soit de couvrir sa hi\u00e9rarchie. \u00abC\u2019est tr\u00e8s grave.\u00bb <\/p>\n<p class=\"sc-cPiKLX AiZTS text-element\">Et le conseil de plusieurs associations de d\u00e9fense des droits de l\u2019enfance de souligner le r\u00f4le primordial de Christophe A. autre ancien coll\u00e8gue de la brigade des mineurs de Marseille, qui a eu des soup\u00e7ons avant tout le monde envers son ami aujourd\u2019hui condamn\u00e9. Enqu\u00eatant en interne, le lanceur d\u2019alerte a \u00e9t\u00e9 ignor\u00e9 par sa hi\u00e9rarchie et ostracis\u00e9 par la plupart des autres agents. A la cour d\u2019appel d\u2019Aix-en-Provence, il est rest\u00e9 jusqu\u2019au bout du proc\u00e8s, apr\u00e8s son t\u00e9moignage deux jours plus t\u00f4t. Toujours \u00e0 l\u2019\u00e9cart de ses anciens coll\u00e8gues.<\/p>\n","protected":false},"excerpt":{"rendered":"Dans une salle comble du palais Verdun d\u2019Aix-en-Provence, Julien Palisca, 46 ans, a \u00e9t\u00e9 condamn\u00e9 ce jeudi 4&hellip;\n","protected":false},"author":2,"featured_media":366957,"comment_status":"","ping_status":"","sticky":false,"template":"","format":"standard","meta":{"footnotes":""},"categories":[2814],"tags":[1111,11,1777,674,1011,27,884,12,874,882,25],"class_list":{"0":"post-366956","1":"post","2":"type-post","3":"status-publish","4":"format-standard","5":"has-post-thumbnail","7":"category-marseille","8":"tag-actu","9":"tag-actualites","10":"tag-eu","11":"tag-europe","12":"tag-fr","13":"tag-france","14":"tag-marseille","15":"tag-news","16":"tag-pedophilie","17":"tag-provence-alpes-cote-dazur","18":"tag-republique-francaise"},"share_on_mastodon":{"url":"https:\/\/pubeurope.com\/@fr\/115148913633131470","error":""},"_links":{"self":[{"href":"https:\/\/www.europesays.com\/fr\/wp-json\/wp\/v2\/posts\/366956","targetHints":{"allow":["GET"]}}],"collection":[{"href":"https:\/\/www.europesays.com\/fr\/wp-json\/wp\/v2\/posts"}],"about":[{"href":"https:\/\/www.europesays.com\/fr\/wp-json\/wp\/v2\/types\/post"}],"author":[{"embeddable":true,"href":"https:\/\/www.europesays.com\/fr\/wp-json\/wp\/v2\/users\/2"}],"replies":[{"embeddable":true,"href":"https:\/\/www.europesays.com\/fr\/wp-json\/wp\/v2\/comments?post=366956"}],"version-history":[{"count":0,"href":"https:\/\/www.europesays.com\/fr\/wp-json\/wp\/v2\/posts\/366956\/revisions"}],"wp:featuredmedia":[{"embeddable":true,"href":"https:\/\/www.europesays.com\/fr\/wp-json\/wp\/v2\/media\/366957"}],"wp:attachment":[{"href":"https:\/\/www.europesays.com\/fr\/wp-json\/wp\/v2\/media?parent=366956"}],"wp:term":[{"taxonomy":"category","embeddable":true,"href":"https:\/\/www.europesays.com\/fr\/wp-json\/wp\/v2\/categories?post=366956"},{"taxonomy":"post_tag","embeddable":true,"href":"https:\/\/www.europesays.com\/fr\/wp-json\/wp\/v2\/tags?post=366956"}],"curies":[{"name":"wp","href":"https:\/\/api.w.org\/{rel}","templated":true}]}}