{"id":36696,"date":"2025-04-19T14:29:29","date_gmt":"2025-04-19T14:29:29","guid":{"rendered":"https:\/\/www.europesays.com\/fr\/36696\/"},"modified":"2025-04-19T14:29:29","modified_gmt":"2025-04-19T14:29:29","slug":"que-faire-a-rennes-ce-week-end-du-19-avril-au-20-avril-2025","status":"publish","type":"post","link":"https:\/\/www.europesays.com\/fr\/36696\/","title":{"rendered":"Que faire \u00e0 Rennes ce week-end du 19 avril au 20 avril 2025 ?"},"content":{"rendered":"<p>\n        Aux antipodes des pratiques de visite habituelles dans les mus\u00e9es, cette exposition invite les visiteurs \u00e0 vivre une nouvelle exp\u00e9rience sensorielle avec des reproductions de sculptures et d\u2019\u0153uvres pour offrir une d\u00e9couverte tactile de chefs-d\u2019\u0153uvre traitant principalement de la figure humaine, de l\u2019Antiquit\u00e9 au XXe si\u00e8cle.\n        <\/p>\n<p><a href=\"https:\/\/www.letelegramme.fr\/api\/gotourl\/bevt\/2661935\/\" target=\"_blank\" rel=\"noopener\"><br \/>\n        Exposition \u00ab\u00a0Chelsea Girl\u00a0\u00bb, de Nicola L.<br \/>\n        <\/a><\/p>\n<p>\n        Cette exposition d\u2019envergure, con\u00e7ue en partenariat avec le Camden Art Center de&#13;<br \/>\nLondres (Royaume-Uni), la Kunsthalle de Vienne (Autriche) et le Museion de Bolzano (Italie), retrace le parcours fantastique de l\u2019artiste Nicola L. (1932-2018) et l\u2019associe \u00e0 des \u0153uvres d\u2019autres figures des sc\u00e8nes artistiques qu\u2019elle a travers\u00e9es.\n        <\/p>\n<p><a href=\"https:\/\/www.letelegramme.fr\/api\/gotourl\/bevt\/2669740\/\" target=\"_blank\" rel=\"noopener\"><br \/>\n        Spectacle\u00a0: \u00ab\u00a0Changement de vie (in) volontaire\u00a0\u00bb<br \/>\n        <\/a><\/p>\n<p>\n        De Jean-Michel Rallet. Pour un public qui aime les jeux de mots et un cerveau qui supporte le second degr\u00e9. D\u00e9couverte de l\u2019histoire (presque) vraie de Mimi le Puissant, milliardaire climatosceptique, cynique et souvent grotesque qui aborde avec d\u00e9rision des sujets s\u00e9rieux : le d\u00e9r\u00e8glement climatique, le d\u00e9terminisme social, le rapport au pouvoir et \u00e0 l\u2019argent, la fin de vie en Ehpad, la reconversion\u2026 Au risque de le d\u00e9tester mais sans juger trop vite car \u00e0 la fin du spectacle, un Changement de vie (in) volontaire\u2026\n        <\/p>\n<p><a href=\"https:\/\/www.letelegramme.fr\/api\/gotourl\/bevt\/2693334\/\" target=\"_blank\" rel=\"noopener\"><br \/>\n        Spectacle \u00ab\u00a0Ambre la rouge\u00a0\u00bb sur r\u00e9servation<br \/>\n        <\/a><\/p>\n<p>\n        \u00c0 partir de 5 ans et jusqu\u2019\u00e0 117 ans. Une malle perdue en pleine mer. Soudain, Ambre appara\u00eet, saine et sauve, mais qu\u2019est-il arriv\u00e9 \u00e0 son \u00e9quipage ? Et que va-t-il advenir de leur mission ? Dans ce \u00ab waterworld burlesque et cartoonesque \u00bb, Ambre la rouge nous embarque dans un joli conte o\u00f9 se m\u00ealera la peur, la nature, la joie, un requin, la r\u00e9silience, quelques graines d\u2019espoir et d\u2019\u00e9cologie, de l\u2019eau, beaucoup d\u2019eau et surtout une grande histoire de pirate. R\u00e9servations sur le site.\n        <\/p>\n<p>L&rsquo;agenda des loisirs<\/p>\n<p class=\"moveInBrittany__text\" style=\"color:#fff\">\n            Festivals, expositions, visites, conf\u00e9rences, &#8230;\n          <\/p>\n<p>Sortir \u00e0 Rennes le dimanche 20 avril<a href=\"https:\/\/www.letelegramme.fr\/api\/gotourl\/bevt\/2728773\/\" target=\"_blank\" rel=\"noopener\"><br \/>\n        Exposition \u00ab\u00a0Radiosth\u00e9sie\u00a0\u00bb<br \/>\n        <\/a><\/p>\n<p>\n        Un nouveau lieu au sein des Prairies Saint-Martin o\u00f9 l\u2019\u00e9trange, le myst\u00e8re et l\u2019imaginaire s\u2019entrelacent. Un v\u00e9ritable cabinet de curiosit\u00e9s moderne, avec des oeuvres qui puisent dans la culture musicale pour explorer de nouveaux horizons artistiques. La premi\u00e8re exposition \u00ab Radiosth\u00e9sie, univers myst\u00e9rieux de la radio\u00e9lectricit\u00e9 \u00bb fait se rencontrer la science et le spiritisme. Fermeture les jours f\u00e9ri\u00e9s.\n        <\/p>\n<p><a href=\"https:\/\/www.letelegramme.fr\/api\/gotourl\/bevt\/2732454\/\" target=\"_blank\" rel=\"noopener\"><br \/>\n        PodRennes\u00a0: le festival du podcast<br \/>\n        <\/a><\/p>\n<p>\n        Durant deux jours, une dizaine de podcasts vont \u00eatre enregistr\u00e9s sur sc\u00e8ne et en public et aborderont des th\u00e8mes aussi vari\u00e9s que le jeu vid\u00e9o, la sexualit\u00e9, la soci\u00e9t\u00e9, le sport, ou encore la tech. Des ateliers cr\u00e9atifs et de formation au podcast et \u00e0 la fiction sonore seront \u00e9galement propos\u00e9s en parall\u00e8le. Accessible aux personnes \u00e0 mobilit\u00e9 r\u00e9duite.\n        <\/p>\n<p><a href=\"https:\/\/www.letelegramme.fr\/api\/gotourl\/bevt\/2740970\/\" target=\"_blank\" rel=\"noopener\"><br \/>\n        Exposition d&rsquo;I. Malmezat<br \/>\n        <\/a><\/p>\n<p>\n        I. Malmezat parle d\u2019humain et d\u2019universalit\u00e9, de fragilit\u00e9s et de r\u00e9silience, de douceur et de po\u00e9sie. Artiste permanente de la galerie. \u0152uvres in\u00e9dites\n        <\/p>\n<p><a href=\"https:\/\/www.letelegramme.fr\/api\/gotourl\/bevt\/2747249\/\" target=\"_blank\" rel=\"noopener\"><br \/>\n        \u200bExposition photos \u00ab\u00a0Sortie nature\u00a0\u00bb<br \/>\n        <\/a><\/p>\n<p>\n        Gr\u00e2ce au Clair D\u00e9tour, espace de ressources d\u00e9di\u00e9 aux 16-30 ans, treize jeunes ont explor\u00e9 la r\u00e9serve naturelle nationale des Sept-\u00celes, dans les C\u00f4tes-d\u2019Armor, en compagnie d\u2019une animatrice LPO Bretagne et d\u2019un photographe animalier. Le r\u00e9sultat : 26 photos tir\u00e9es en grand format.\n        <\/p>\n<p><\/p>\n","protected":false},"excerpt":{"rendered":"Aux antipodes des pratiques de visite habituelles dans les mus\u00e9es, cette exposition invite les visiteurs \u00e0 vivre une&hellip;\n","protected":false},"author":2,"featured_media":6963,"comment_status":"","ping_status":"","sticky":false,"template":"","format":"standard","meta":{"footnotes":""},"categories":[2821],"tags":[1111,11,829,1777,674,1011,27,12,3907,584,25],"class_list":{"0":"post-36696","1":"post","2":"type-post","3":"status-publish","4":"format-standard","5":"has-post-thumbnail","7":"category-rennes","8":"tag-actu","9":"tag-actualites","10":"tag-bretagne","11":"tag-eu","12":"tag-europe","13":"tag-fr","14":"tag-france","15":"tag-news","16":"tag-que-faire","17":"tag-rennes","18":"tag-republique-francaise"},"share_on_mastodon":{"url":"https:\/\/pubeurope.com\/@fr\/114365108313558812","error":""},"_links":{"self":[{"href":"https:\/\/www.europesays.com\/fr\/wp-json\/wp\/v2\/posts\/36696","targetHints":{"allow":["GET"]}}],"collection":[{"href":"https:\/\/www.europesays.com\/fr\/wp-json\/wp\/v2\/posts"}],"about":[{"href":"https:\/\/www.europesays.com\/fr\/wp-json\/wp\/v2\/types\/post"}],"author":[{"embeddable":true,"href":"https:\/\/www.europesays.com\/fr\/wp-json\/wp\/v2\/users\/2"}],"replies":[{"embeddable":true,"href":"https:\/\/www.europesays.com\/fr\/wp-json\/wp\/v2\/comments?post=36696"}],"version-history":[{"count":0,"href":"https:\/\/www.europesays.com\/fr\/wp-json\/wp\/v2\/posts\/36696\/revisions"}],"wp:featuredmedia":[{"embeddable":true,"href":"https:\/\/www.europesays.com\/fr\/wp-json\/wp\/v2\/media\/6963"}],"wp:attachment":[{"href":"https:\/\/www.europesays.com\/fr\/wp-json\/wp\/v2\/media?parent=36696"}],"wp:term":[{"taxonomy":"category","embeddable":true,"href":"https:\/\/www.europesays.com\/fr\/wp-json\/wp\/v2\/categories?post=36696"},{"taxonomy":"post_tag","embeddable":true,"href":"https:\/\/www.europesays.com\/fr\/wp-json\/wp\/v2\/tags?post=36696"}],"curies":[{"name":"wp","href":"https:\/\/api.w.org\/{rel}","templated":true}]}}