{"id":366960,"date":"2025-09-05T00:43:24","date_gmt":"2025-09-05T00:43:24","guid":{"rendered":"https:\/\/www.europesays.com\/fr\/366960\/"},"modified":"2025-09-05T00:43:24","modified_gmt":"2025-09-05T00:43:24","slug":"jean-michel-aulas-candidat-a-la-mairie-de-lyon-dans-quelques-jours-liberation","status":"publish","type":"post","link":"https:\/\/www.europesays.com\/fr\/366960\/","title":{"rendered":"Jean-Michel Aulas candidat \u00e0 la mairie de Lyon dans \u00abquelques jours\u00bb \u2013 Lib\u00e9ration"},"content":{"rendered":"<p class=\"sc-cPiKLX AiZTS text-element\">Nouvel \u00e9pisode d\u2019un <a href=\"https:\/\/www.liberation.fr\/politique\/linterminable-teasing-de-la-candidature-de-jean-michel-aulas-a-lyon-20250610_GZ6SLWGXRZGTBPXOHDCDTFNKWA\/\" target=\"_blank\" rel=\"noopener\" title=\"https:\/\/www.liberation.fr\/politique\/linterminable-teasing-de-la-candidature-de-jean-michel-aulas-a-lyon-20250610_GZ6SLWGXRZGTBPXOHDCDTFNKWA\/\">interminable (faux) suspens<\/a>. Ce jeudi 4 septembre, l\u2019ex-pr\u00e9sident de l\u2019Olympique lyonnais Jean-Michel Aulas s\u2019est un peu plus d\u00e9voil\u00e9, au micro de BFM Lyon, au sujet de sa candidature aux \u00e9lections municipales de Lyon, qui auront lieu les 15 et 22 mars 2026. \u00abJe prends la responsabilit\u00e9 d\u2019ici quelques jours de me lancer dans l\u2019aventure, sans \u00e9tiquette, mais avec le soutien des gens les plus dynamiques\u00bb, a annonc\u00e9 le chef d\u2019entreprise de 76 ans, flanqu\u00e9 du d\u00e9put\u00e9 Les R\u00e9publicains de Haute-Loire et ancien patron d\u2019Auvergne-Rh\u00f4ne-Alpes, Laurent Wauquiez, et de son lieutenant lyonnais, Pierre Oliver, maire du IIe arrondissement de la capitale des Gaules. Apr\u00e8s avoir expliqu\u00e9 y r\u00e9fl\u00e9chir depuis \u00abun moment\u00bb, Aulas, d\u00e9sormais \u00abdans les starting-blocks\u00bb, a expliqu\u00e9 s\u2019\u00eatre \u00abrendu compte que pour transformer les choses, gagner la ville de Lyon, il fallait \u00eatre uni\u00bb. <\/p>\n<p class=\"sc-cPiKLX AiZTS text-element\">A ce stade, l\u2019union en question englobe surtout Les R\u00e9publicains, qui s\u2019engagent \u00e0 ne pas pr\u00e9senter de candidat face au patriarche du ballon rond. Et qui ne tarissent pas d\u2019\u00e9loges au sujet de celui que Wauquiez a pr\u00e9sent\u00e9 comme un \u00abami\u00bb devant quelques journalistes tri\u00e9s sur le volet car selon lui, Jean-Michel Aulas \u00abincarne la fiert\u00e9 lyonnaise\u00bb : \u00abIl a sauv\u00e9 notre club et port\u00e9 les couleurs de l\u2019OL. Nous sommes convaincus qu\u2019il est celui qui peut porter nos couleurs pour remporter la bataille [\u2026]. Notre objectif est de retrouver le Lyon qu\u2019on aime\u00bb, a expliqu\u00e9 le <a href=\"https:\/\/www.liberation.fr\/politique\/vote-de-confiance-participation-au-gouvernement-rivalite-avec-retailleau-au-mezenc-la-rentree-dans-le-dur-de-laurent-wauquiez-20250829_RDKB7POV4JCKXHLDWN6RD4DL3I\/\" target=\"_blank\" rel=\"noopener\" title=\"https:\/\/www.liberation.fr\/politique\/vote-de-confiance-participation-au-gouvernement-rivalite-avec-retailleau-au-mezenc-la-rentree-dans-le-dur-de-laurent-wauquiez-20250829_RDKB7POV4JCKXHLDWN6RD4DL3I\/\">pr\u00e9sident du groupe Droite r\u00e9publicaine<\/a> \u00e0 l\u2019Assembl\u00e9e nationale. <\/p>\n<p class=\"sc-cPiKLX AiZTS text-element\">A ses c\u00f4t\u00e9s, Pierre Oliver, l\u2019un des rares rescap\u00e9s <a href=\"https:\/\/www.liberation.fr\/france\/2020\/06\/29\/changement-d-ere-a-lyon-avec-la-victoire-des-verts_1792714\/?redirected=1\" target=\"_blank\" rel=\"noreferrer noopener\" title=\"https:\/\/www.liberation.fr\/france\/2020\/06\/29\/changement-d-ere-a-lyon-avec-la-victoire-des-verts_1792714\/?redirected=1\">de la vague verte<\/a> qui a ravi la majorit\u00e9 des arrondissements de Lyon aux derni\u00e8res \u00e9lections de 2020, a fait peu de cas de ses vell\u00e9it\u00e9s de candidature en laissant avec le sourire sa place \u00e0 Aulas. \u00abNous avons envie de redonner l\u2019attractivit\u00e9 \u00e0 notre territoire, nous voulons tourner la page des \u00e9cologistes\u00bb, a soulign\u00e9 l\u2019\u00e9lu. Cette nouvelle annonce se r\u00e9sume \u00e0 un \u00abnon-\u00e9v\u00e9nement\u00bb pour l\u2019entourage du maire Les Ecologistes <a href=\"https:\/\/www.liberation.fr\/france\/2020\/06\/15\/allez-les-verts_1791315\/\" target=\"_blank\" rel=\"noopener\" title=\"https:\/\/www.liberation.fr\/france\/2020\/06\/15\/allez-les-verts_1791315\/\">Gr\u00e9gory Doucet<\/a>. \u00ab\u00c7a clarifie le jeu derri\u00e8re la communication, r\u00e9agit aupr\u00e8s de Lib\u00e9ration Gautier Chapuis, adjoint au maire et chef de file de la majorit\u00e9 municipale. Il parlait au d\u00e9part d\u2019un grand rassemblement au-del\u00e0 des clivages politiques, il n\u2019en est rien, c\u2019est le candidat de la droite r\u00e9actionnaire, adoub\u00e9 par la droite dure, extr\u00eame, celle du <a href=\"https:\/\/www.liberation.fr\/politique\/laurent-wauquiez-somme-de-donner-les-noms-des-invites-de-ses-diners-des-sommets-20250310_Z7G3HPZFPRG4HAX3YILOTO5YEY\/\" target=\"_blank\" rel=\"noopener\" title=\"https:\/\/www.liberation.fr\/politique\/laurent-wauquiez-somme-de-donner-les-noms-des-invites-de-ses-diners-des-sommets-20250310_Z7G3HPZFPRG4HAX3YILOTO5YEY\/\">d\u00eener aux sommets<\/a>, celle qui se trouve beaucoup de <a href=\"https:\/\/www.liberation.fr\/economie\/social\/aides-sociales-a-t-on-plus-interet-a-rester-chez-soi-qua-travailler-comme-laffirme-laurent-wauquiez-20250424_7CGFLIYLCFCJZPXXFEHSGB2HDI\/\" target=\"_blank\" rel=\"noopener\" title=\"https:\/\/www.liberation.fr\/economie\/social\/aides-sociales-a-t-on-plus-interet-a-rester-chez-soi-qua-travailler-comme-laffirme-laurent-wauquiez-20250424_7CGFLIYLCFCJZPXXFEHSGB2HDI\/\">similitudes avec le programme du RN<\/a>.\u00bb <\/p>\n<p class=\"sc-cPiKLX AiZTS text-element\">Tandis que Gr\u00e9gory Doucet s\u2019est d\u00e9clar\u00e9 de longue date <a href=\"https:\/\/www.liberation.fr\/politique\/lyon-gregory-doucet-un-outsider-bien-acclimate-20230611_2FJVIYYZDVFG7CBQ62LVMHIP4A\/\" target=\"_blank\" rel=\"noopener\" title=\"https:\/\/www.liberation.fr\/politique\/lyon-gregory-doucet-un-outsider-bien-acclimate-20230611_2FJVIYYZDVFG7CBQ62LVMHIP4A\/\">candidat \u00e0 sa r\u00e9\u00e9lection<\/a>, son \u00e9quipe \u00abcontinue \u00e0 travailler l\u2019union autour d\u2019un projet collectif, on a des \u00e9changes avec les diff\u00e9rentes parties prenantes, \u00e0 gauche et citoyennes\u00bb, affirme Gautier Chapuis. Et de tacler : \u00abC\u2019est comme \u00e7a qu\u2019on r\u00e9pond aux attentes des personnes : <a href=\"https:\/\/www.liberation.fr\/politique\/elections\/alors-quest-ce-que-vous-leur-proposez-a-lyon-la-majorite-verte-de-gregory-doucet-en-tournee-de-revoyure-20250615_ZZQ2FGTJYBCLPJ7OBD5PW6SOU4\/\" target=\"_blank\" rel=\"noopener\" title=\"https:\/\/www.liberation.fr\/politique\/elections\/alors-quest-ce-que-vous-leur-proposez-a-lyon-la-majorite-verte-de-gregory-doucet-en-tournee-de-revoyure-20250615_ZZQ2FGTJYBCLPJ7OBD5PW6SOU4\/\">d\u2019abord le projet, ensuite l\u2019\u00e9quipe et la dynamique<\/a> ; d\u2019abord le fond, puis la forme. Dans le camp d\u2019en face, il y a tellement peu de fond qu\u2019on se raccroche \u00e0 la notori\u00e9t\u00e9 d\u2019un homme, ce n\u2019est pas \u00e7a qui va donner un cap pour les Lyonnais et les Lyonnaises.\u00bb <\/p>\n<p class=\"sc-cPiKLX AiZTS text-element\">Pour le moment, Jean-Michel Aulas semble en effet s\u2019attacher plus au casting et aux coups de com qu\u2019au d\u00e9bat d\u2019id\u00e9es. Ces derniers mois, il a multipli\u00e9 sur les r\u00e9seaux sociaux les critiques \u00e0 l\u2019encontre des verts au pouvoir, concernant la propret\u00e9 de la ville, les travaux en cours ou les transports (qui, eux, d\u00e9pendent en r\u00e9alit\u00e9 de la m\u00e9tropole). <a href=\"https:\/\/www.liberation.fr\/politique\/vrais-lyonnais-derives-nazies-la-guerre-est-declaree-entre-jean-michel-aulas-et-la-majorite-ecologiste-lyonnaise-20250801_E3HZVCL75NEORI7MVPXRMODH3M\/?redirected=1\" target=\"_blank\" rel=\"noopener\" title=\"https:\/\/www.liberation.fr\/politique\/vrais-lyonnais-derives-nazies-la-guerre-est-declaree-entre-jean-michel-aulas-et-la-majorite-ecologiste-lyonnaise-20250801_E3HZVCL75NEORI7MVPXRMODH3M\/?redirected=1\">Derni\u00e8re pol\u00e9mique en date<\/a> : celle des \u00abvrais Lyonnais\u00bb, soit les Lyonnais \u00abde naissance, de travail, de c\u0153ur\u00bb, qui seraient les seuls \u00e0 \u00abcomprendre ce d\u00e9senchantement qui se mue en col\u00e8re\u00bb, a post\u00e9 sur X le 26 juillet le futur candidat, encore vice-pr\u00e9sident de la F\u00e9d\u00e9ration fran\u00e7aise de football. <\/p>\n<p class=\"sc-cPiKLX AiZTS text-element\">Pr\u00e9sent\u00e9 comme le \u00abgrand artisan de cette alliance\u00bb entre LR et Aulas, Laurent Wauquiez, ancien maire du Puy-en-Velay et tr\u00e8s attach\u00e9 \u00e0 <a href=\"https:\/\/www.liberation.fr\/france\/2015\/11\/02\/auvergne-rhone-alpes-wauquiez-laboure-sa-campagne_1410710\/\" target=\"_blank\" rel=\"noopener\" title=\"https:\/\/www.liberation.fr\/france\/2015\/11\/02\/auvergne-rhone-alpes-wauquiez-laboure-sa-campagne_1410710\/\">sa l\u00e9gende auvergnate<\/a>, n\u2019en est pas \u00e0 sa premi\u00e8re tentative de conqu\u00eate \u2013 d\u00e9tourn\u00e9e \u2013 de l\u2019\u00e9lectorat lyonnais. En 2020, il avait sign\u00e9 <a href=\"https:\/\/www.liberation.fr\/france\/2020\/05\/28\/ralliement-avec-les-republicains-gerard-collomb-tombe-le-masque_1789724\/\" target=\"_blank\" rel=\"noopener\" title=\"https:\/\/www.liberation.fr\/france\/2020\/05\/28\/ralliement-avec-les-republicains-gerard-collomb-tombe-le-masque_1789724\/\">un accord de second tour avec le baron local<\/a> de la social-d\u00e9mocratie <a href=\"https:\/\/www.liberation.fr\/politique\/elections\/mort-de-gerard-collomb-le-credo-lyonnais-20231125_C56KIDEDPVEGDHSSWBSMDUWNJQ\/\" target=\"_blank\" rel=\"noopener\" title=\"https:\/\/www.liberation.fr\/politique\/elections\/mort-de-gerard-collomb-le-credo-lyonnais-20231125_C56KIDEDPVEGDHSSWBSMDUWNJQ\/\">G\u00e9rard Collomb<\/a>, dont l\u2019\u00e9chec avait act\u00e9 <a href=\"https:\/\/www.liberation.fr\/politique\/elections\/lyon-apres-le-naufrage-de-collomb-une-nouvelle-ere-20220607_ABUXD3CSFRHR5NMAZB4G4EULMM\/\" target=\"_blank\" rel=\"noopener\" title=\"https:\/\/www.liberation.fr\/politique\/elections\/lyon-apres-le-naufrage-de-collomb-une-nouvelle-ere-20220607_ABUXD3CSFRHR5NMAZB4G4EULMM\/\">la fin de la vie politique<\/a> de premier plan de ce fid\u00e8le d\u2019Emmanuel Macron, \u00e9ph\u00e9m\u00e8re ministre de l\u2019Int\u00e9rieur. Le d\u00e9put\u00e9 Thomas Rudigoz, chef de file de Renaissance pour les municipales de 2026, n\u2019a pas fait myst\u00e8re de son enthousiasme face aux ambitions d\u2019Aulas. Reste au parti pr\u00e9sidentiel \u00e0 parvenir \u00e0 n\u00e9gocier, face \u00e0 l\u2019app\u00e9tit de l\u2019ogre Wauquiez, quelques places et d\u2019hypoth\u00e9tiques t\u00eates de liste. <\/p>\n<p class=\"sc-cPiKLX AiZTS text-element\"><b>Mis \u00e0 jour \u00e0 18 h 54<\/b> avec l\u2019analyse et le reportage de la correspondante de \u00abLib\u00e9\u00bb \u00e0 Lyon. <\/p>\n","protected":false},"excerpt":{"rendered":"Nouvel \u00e9pisode d\u2019un interminable (faux) suspens. Ce jeudi 4 septembre, l\u2019ex-pr\u00e9sident de l\u2019Olympique lyonnais Jean-Michel Aulas s\u2019est un&hellip;\n","protected":false},"author":2,"featured_media":366961,"comment_status":"","ping_status":"","sticky":false,"template":"","format":"standard","meta":{"footnotes":""},"categories":[1889],"tags":[1111,11,2430,1777,674,1011,27,5639,3228,2428,12,978,25],"class_list":{"0":"post-366960","1":"post","2":"type-post","3":"status-publish","4":"format-standard","5":"has-post-thumbnail","7":"category-lyon","8":"tag-actu","9":"tag-actualites","10":"tag-auvergne-rhone-alpes","11":"tag-eu","12":"tag-europe","13":"tag-fr","14":"tag-france","15":"tag-laurent-wauquiez","16":"tag-lr","17":"tag-lyon","18":"tag-news","19":"tag-olympique-lyonnais","20":"tag-republique-francaise"},"share_on_mastodon":{"url":"https:\/\/pubeurope.com\/@fr\/115148921445524696","error":""},"_links":{"self":[{"href":"https:\/\/www.europesays.com\/fr\/wp-json\/wp\/v2\/posts\/366960","targetHints":{"allow":["GET"]}}],"collection":[{"href":"https:\/\/www.europesays.com\/fr\/wp-json\/wp\/v2\/posts"}],"about":[{"href":"https:\/\/www.europesays.com\/fr\/wp-json\/wp\/v2\/types\/post"}],"author":[{"embeddable":true,"href":"https:\/\/www.europesays.com\/fr\/wp-json\/wp\/v2\/users\/2"}],"replies":[{"embeddable":true,"href":"https:\/\/www.europesays.com\/fr\/wp-json\/wp\/v2\/comments?post=366960"}],"version-history":[{"count":0,"href":"https:\/\/www.europesays.com\/fr\/wp-json\/wp\/v2\/posts\/366960\/revisions"}],"wp:featuredmedia":[{"embeddable":true,"href":"https:\/\/www.europesays.com\/fr\/wp-json\/wp\/v2\/media\/366961"}],"wp:attachment":[{"href":"https:\/\/www.europesays.com\/fr\/wp-json\/wp\/v2\/media?parent=366960"}],"wp:term":[{"taxonomy":"category","embeddable":true,"href":"https:\/\/www.europesays.com\/fr\/wp-json\/wp\/v2\/categories?post=366960"},{"taxonomy":"post_tag","embeddable":true,"href":"https:\/\/www.europesays.com\/fr\/wp-json\/wp\/v2\/tags?post=366960"}],"curies":[{"name":"wp","href":"https:\/\/api.w.org\/{rel}","templated":true}]}}