{"id":366974,"date":"2025-09-05T00:51:22","date_gmt":"2025-09-05T00:51:22","guid":{"rendered":"https:\/\/www.europesays.com\/fr\/366974\/"},"modified":"2025-09-05T00:51:22","modified_gmt":"2025-09-05T00:51:22","slug":"26-pays-sengagent-a-proteger-lukraine-portugal-accident-mortel-dun-funiculaire-le-couturier-giorgio-armani-est-mort","status":"publish","type":"post","link":"https:\/\/www.europesays.com\/fr\/366974\/","title":{"rendered":"26 pays s&rsquo;engagent \u00e0 prot\u00e9ger l&rsquo;Ukraine \/ Portugal: accident mortel d&rsquo;un funiculaire \/ Le couturier Giorgio Armani est mort&#8230;"},"content":{"rendered":"<p>\n                     Bonjour.  Bonjour  \u00e0   toutes   et   \u00e0   tous.   Soyez   les   bienvenus   \u00e0   l&rsquo;\u00e9coute   de RFI &#8211;  Radio   France   Internationale   en   direct   de   Paris.   Il   est   18   heures.                 <\/p>\n<p>\n                     Le   Journal  en   fran\u00e7ais   facile.                 <\/p>\n<p>\n                     Adrien  Delgrange.                 <\/p>\n<p>\n                     16   heures  temps  universel.   Nous   sommes   le   jeudi   4   septembre.                  <\/p>\n<p>\n                     Au   sommaire   de   cette   \u00e9dition :                 <\/p>\n<p>\n                     Aider  l&rsquo;Ukraine.   26   pays   s&rsquo;engagent   \u00e0   \u00eatre   pr\u00e9sents   militairement   sur   le   sol,   en   mer,   dans   les   airs,   et   ce  en   cas   de   cessez-le-feu  avec   la   Russie,   a   annonc\u00e9,  dans   la   journ\u00e9e,  le   pr\u00e9sident   fran\u00e7ais,  Emmanuel   Macron.                  <\/p>\n<p>\n                     Le   Portugal  sous   le   choc   apr\u00e8s   le   spectaculaire   accident   d&rsquo;un   funiculaire,  hier.   Au   moins   16  morts.                  <\/p>\n<p>\n                     Et   puis,  enfin,   dans   ce   journal,   le  dernier   souffle   du   couturier   italien   Giorgio   Armani.   Il   est   d\u00e9c\u00e9d\u00e9   aujourd&rsquo;hui,  \u00e0   l&rsquo;\u00e2ge   de   91   ans.   Retour   sur   son   parcours   \u00e0   la   fin   du   journal.                  <\/p>\n<p>\n                     Voil\u00e0   pour   les   titres.                  <\/p>\n<p>\n                     Avoir   un   coup   d&rsquo;avance   face   \u00e0   la   Russie :  c&rsquo;\u00e9tait,  en   quelque   sorte,  l&rsquo;enjeu   du   sommet   du   jour,  qui   se   tenait   \u00e0   Paris,   en   pr\u00e9sence   du   pr\u00e9sident   ukrainien,  Volodymyr   Zelensky.  \u00c0  la   fin   de   cette   r\u00e9union,  26   pays   sont   pr\u00eats   \u00e0   s&rsquo;engager   militairement   \u00e0   prot\u00e9ger   l&rsquo;Ukraine   en   cas   de   cessez-le-feu.  Une   protection   pour   \u00e9viter   que   la   Russie   n&rsquo;attaque   \u00e0   nouveau.   Murielle   Paradon,  c&rsquo;est  ce   qui   ressort   de   ce   sommet.                  <\/p>\n<p>\n                     Oui,  et  Volodymyr   Zelensky,   le   pr\u00e9sident   ukrainien \u2013  qui   \u00e9tait   l\u00e0,  \u00e0   Paris \u2013,  a   parl\u00e9   de   26   pays   pr\u00eats   \u00e0   apporter   des   garanties   de   s\u00e9curit\u00e9   sur   les   35   qui   composent   ce   qu&rsquo;on   appelle   la   \u00ab coalition  des   volontaires \u00bb.  S&rsquo;il   y   a   un   cessez-le-feu   avec   la   Russie   ou   un   accord   de   paix,   l&rsquo;Ukraine   veut   une   protection   afin   d&#8217;emp\u00eacher   de   nouvelles   attaques.   Ces   garanties   de   s\u00e9curit\u00e9   peuvent   \u00eatre   un   soutien   \u00e0   son   arm\u00e9e,   en   fournissant   plus   d&rsquo;armes   et   plus   de   formations  \u00e0   ses   soldats ;  mais,  aussi,  le   d\u00e9ploiement   de   ce   qu&rsquo;on   appelle   une   force   de   r\u00e9assurance,   c&rsquo;est-\u00e0-dire  des   troupes   au   sol,   dans   les   airs   ou   en   mer   qui   ne   seraient   pas   l\u00e0   pour   combattre,   mais   pour   d\u00e9fendre,  en   seconde   ligne,  les   Ukrainiens  si  la   Russie   r\u00e9attaquait.  Et  l\u00e0,  on   ne   sait   pas   quels  pays,  pr\u00e9cis\u00e9ment,  seraient  pr\u00eats  \u00e0   participer   \u00e0   ce   d\u00e9ploiement   de   troupes ;  le   sujet   est   sensible.   Second   point   important   de   cette   r\u00e9union,   le   r\u00f4le   des   \u00c9tats-Unis,  qui   n&rsquo;est   toujours   pas   clair.   Les   participants   ont   appel\u00e9   Donald   Trump.   Selon   Emmanuel   Macron,   les   Am\u00e9ricains   sont   pr\u00eats   \u00e0   apporter,  eux   aussi,  des   garanties   de   s\u00e9curit\u00e9.   Mais   ils   ne   donneront,   dit-il,  des   d\u00e9tails  que   dans   quelques   jours.   Et   rappelons   que   tout   cela   est   pr\u00e9vu   en   cas   de   cessez-le-feu   ou   d&rsquo;accord  de   paix.   Pour   l&rsquo;instant,   on   en   est   loin.   Vladimir   Poutine,   le   pr\u00e9sident   russe,   refuse   toujours   de   n\u00e9gocier   directement   avec   Volodymyr   Zelensky.                  <\/p>\n<p>\n                     Murielle   Paradon   dans   votre   Journal  en   fran\u00e7ais   facile.                  <\/p>\n<p>\n                     Ebola :  nouvelle  \u00e9pid\u00e9mie   de   cette   maladie   mortelle   d\u00e9clar\u00e9e,  aujourd&rsquo;hui,  en   R\u00e9publique   d\u00e9mocratique   du   Congo.   Le  ministre   de   la   Sant\u00e9   en   RDC   fait   \u00e9tat   de   quinze   d\u00e9c\u00e8s   dans   le   pays   depuis   fin   ao\u00fbt.   Cette   nouvelle   \u00e9pid\u00e9mie   touche   la   province   du   Kasa\u00ef,  dans   le   centre   du   pays.                  <\/p>\n<p>\n                     Le   bilan   du   s\u00e9isme   en   Afghanistan   monte   \u00e0   plus   de   2 200  morts.   Le   s\u00e9isme \u2013  le   tremblement   de   terre   de   magnitude   6  qui   a   frapp\u00e9,  dimanche   soir,  l&rsquo;Afghanistan \u2013  d\u00e9passe,  donc,  les   2 200  morts,   selon   un   dernier   bilan,  avec   plus   de   4 000  bless\u00e9s.   Depuis   quatre   jours,   des   milliers   de   familles   sont,  d\u00e9sormais,  sans   abri,   sous   une   pluie encore  battante   sur   le   pays.                  <\/p>\n<p>\n                     Cette   journ\u00e9e   de   deuil   national   au   Portugal,   au   lendemain   de   ce   qui   semble   \u00eatre   un   accident.   Il   y   a   24 heures,  \u00e0   Lisbonne,   un   funiculaire   a   d\u00e9raill\u00e9.   Le   c\u00e2ble   qui   le   retenait   a   l\u00e2ch\u00e9.  Le  funiculaire  a   d\u00e9val\u00e9   la   pente   et   s&rsquo;est   \u00e9cras\u00e9   dans   un   immeuble.   16  morts,   plus   de   20   bless\u00e9s.   L&rsquo;enqu\u00eate  pour   savoir   ce   qu&rsquo;il   s&rsquo;est   r\u00e9ellement   pass\u00e9   est   toujours   en   cours,   vient   de   pr\u00e9ciser   le   Premier   ministre   portugais,  Luis  Montenegro.                  <\/p>\n<p>\n                     \u00ab La  priorit\u00e9   imm\u00e9diate   \u00e9tant   le   sauvetage   des   victimes,   les   autorit\u00e9s   comp\u00e9tentes   ont   rapidement   men\u00e9   les   enqu\u00eates   n\u00e9cessaires   pour   d\u00e9terminer   les   causes   de   ce   tragique   accident ;  notamment   la   police   judiciaire,  impliqu\u00e9e   depuis   le   d\u00e9but,  et   le   Bureau   de   pr\u00e9vention   et   d&rsquo;enqu\u00eate   sur   les   accidents   d&rsquo;a\u00e9ronefs   et   les   accidents   a\u00e9riens   et   ferroviaires,   ainsi   que   l&rsquo;ouverture   d&rsquo;une   enqu\u00eate   par   le   bureau  du   procureur   g\u00e9n\u00e9ral.   Il   s&rsquo;agit,  donc,  d&rsquo;un   moment   d&rsquo;unit\u00e9.   Cette   trag\u00e9die   ne   peut   et   ne   doit   pas   \u00eatre   utilis\u00e9e   pour   alimenter   des   divisions   ou   des   man\u0153uvres   politiques.   Nous   allons   d\u00e9terminer   toutes   les   responsabilit\u00e9s,   avec   un   sens   du   respect   pour   tous   ceux   qui   ont   souffert   et   souffrent   des   effets   de   cet   accident.   Le   Portugal   est   et   a   toujours   \u00e9t\u00e9   une   nation   de   courage.   Un   courage   qui   se   r\u00e9v\u00e8le   dans   les   gestes   de   solidarit\u00e9   et   dans   le   travail   inlassable   de   tous   ceux   qui   ont   apport\u00e9   les   premiers   soins.  Le  Portugal est uni. \u00bb                 <\/p>\n<p>\n                     Les   mots   du   Premier   ministre   portugais,  il  y   a   quelques   instants,   en   conf\u00e9rence   de   presse.                 <\/p>\n<p>\n                     18   h   05   \u00e0   Paris.                 <\/p>\n<p>\n                     La  suite   de   ce   journal   international.                 <\/p>\n<p>\n                     Le  c\u00e9l\u00e8bre   couturier   italien   Giorgio   Armani   s&rsquo;est   \u00e9teint   aujourd&rsquo;hui.   Alors,  son   nom   \u00e9tait   devenu   une   marque   reconnue   \u00e0   l&rsquo;international.   Il   est   d\u00e9c\u00e9d\u00e9   aujourd&rsquo;hui,  \u00e0   l&rsquo;\u00e2ge   de   91   ans.  Juste  avant   de   revenir   sur   son   parcours   incroyable,  sa  voix.  \u00c9coutez-le.  Il  \u00e9tait   l&rsquo;invit\u00e9   de   France 2  en   2010.                  <\/p>\n<p>\n                     \u00ab Je  n&rsquo;aime   pas   passer   mon   temps   libre   avec   des   gens   de   mon   \u00e2ge.   Pas   du   tout.   Je   pr\u00e9f\u00e8re   voir   les   jeunes   autour   de   moi,  qui   me   donnent   une   force   et   de   l&rsquo;enthousiasme   dans   le   sens   du   futur,   m\u00eame   s&rsquo;il   ne   m&rsquo;appartient   pas. \u00bb                 <\/p>\n<p>\n                     Un   futur   qui,  d\u00e9sormais,  ne   lui   appartient   plus.   Olivier  Rogez, bonjour.                 <\/p>\n<p>\n                     Bonjour,  Adrien.  Bonjour  \u00e0   toutes   et   \u00e0   tous.                  <\/p>\n<p>\n                     Alors,  revenons,  tout   d&rsquo;abord,  sur   son   style.   Giorgio   Armani   a   r\u00e9volutionn\u00e9   la   mode,   notamment   masculine.                  <\/p>\n<p>\n                     Oui.  Vous  savez   ce   qu&rsquo;il   disait,  Armani,  Adrien :  \u00ab La  vraie   \u00e9l\u00e9gance   n&rsquo;est   pas   celle   que   l&rsquo;on   remarque,   mais   celle   dont   on   se   souvient. \u00bb  Il   disait   encore :  \u00ab Je  veux   rendre   la   veste   masculine   sexy. \u00bb  Il   faut   comprendre   que,  dans   les   ann\u00e9es   60,   en   Italie,   les   costumes   \u00e9taient   un   peu   stricts,   un   peu   raides.  Et  Armani,  qui   \u00e9tait   un   passionn\u00e9   d&rsquo;anatomie \u2013  il   avait   m\u00eame   entam\u00e9   des   \u00e9tudes   de   m\u00e9decine \u2013,  se   penche   sur   les   formes   du   corps   masculin   pour   mieux   adapter   les   coupes   et   les   tissus.  Et  il   invente,  alors,  une   forme   moderne,   pure,   fluide,   qui   va   conqu\u00e9rir   le   monde.                  <\/p>\n<p>\n                     Comment   est-il  devenu   couturier ?                 <\/p>\n<p>\n                     Alors,  comme   souvent,   le   hasard   et   la   n\u00e9cessit\u00e9.  La  n\u00e9cessit\u00e9   de   gagner   sa   vie   en   travaillant   dans   un   grand   magasin.   Le   hasard   qui   le   fait   rencontrer   le   roi   du   costume   de   l&rsquo;\u00e9poque,   Nino   Cerruti \u2013  un   autre   nom   c\u00e9l\u00e8bre \u2013,  qui   lui   demande   de   travailler   pour   lui.   Le   hasard,  encore,   qui   met   sur   sa   route   un   homme   qui   va   jouer   un   grand   r\u00f4le   dans   sa   vie,  l&rsquo;architecte  Sergio   Galeotti.   C&rsquo;est   lui   qui   aide   Armani   \u00e0   lancer   sa   propre   marque,  en   1974.  Et,  quelques   ann\u00e9es   plus   tard,   Armani   a   un   v\u00e9ritable   coup   de   g\u00e9nie.   Il   va   aux   \u00c9tats-Unis   et   il   r\u00e9ussit   \u00e0   s\u00e9duire   \u00e0   la   fois   les   acteurs   et   les   actrices   d&rsquo;Hollywood,   mais,  aussi,  les   financiers  de  Wall   Street,  \u00e0   la   Bourse   am\u00e9ricaine.  Tous  s&rsquo;arrachent   les   costumes   Armani,   qui   deviennent,  alors,  des   symboles   d&rsquo;\u00e9l\u00e9gance   ou   de   pouvoir.                  <\/p>\n<p>\n                     Et,  enfin,   rappelez-le-nous,  Olivier,  tout  a   failli   s&rsquo;arr\u00eater   au   milieu   des   ann\u00e9es   80.                  <\/p>\n<p>\n                     Avec   la   mort   de   son   ami   Sergio   Galeotti.   Mais   cette   mort,   au   lieu   de   transformer   Armani,   Giorgio   Armani,  a   agi   sur   lui   comme   un   d\u00e9clic.   Le   couturier   va,  alors,  redoubler   d&rsquo;efforts,   travailler   d&rsquo;arrache-pied.  Il   cr\u00e9e   des   lignes   de   v\u00eatements   abordables \u2013  la  marque   Emporio   Armani \u2013,  des   lignes   de   haute   couture,   s&rsquo;int\u00e9resse   \u00e0   la   d\u00e9coration   des   maisons,   aux   h\u00f4tels   et,  m\u00eame,  \u00e0   la   restauration.   Son   entreprise   devient,  alors,  l&rsquo;une   des   plus   importantes   et  l&rsquo;une   des   plus   influentes   de   la   mode   occidentale.                  <\/p>\n<p>\n                     Merci   pour   ce   portrait   de   Giorgio   Armani,   le   c\u00e9l\u00e8bre   couturier,  qui   s&rsquo;est   \u00e9teint   aujourd&rsquo;hui,  \u00e0   l&rsquo;\u00e2ge   de   91   ans.  C&rsquo;\u00e9tait  Olivier   Rogez  dans   votre   Journal  en   fran\u00e7ais   facile.                  <\/p>\n<p>\n                     L&rsquo;actualit\u00e9   en   France.  Apr\u00e8s  la   rentr\u00e9e  des  \u00e9l\u00e8ves,   des   coll\u00e9giens,   des   \u00e9tudiants,  des  lyc\u00e9ens \u2013  au temps  pour   moi \u2013,  les   \u00e9tudiants   retrouvent,  \u00e0   partir   d&rsquo;aujourd&rsquo;hui,  les   amphith\u00e9\u00e2tres.   La   FAGE \u2013  la   premi\u00e8re   organisation   \u00e9tudiante   en   France \u2013  demande   davantage   d&rsquo;argent,   davantage   de   moyens   pour   les   \u00e9tudiants.   Pour   cela,   la   FAGE   attire   l&rsquo;attention   des   pouvoirs   publics,  car   le   niveau   des   bourses \u2013  les  bourses, ce  sont   ces   aides   financi\u00e8res,  l&rsquo;argent  per\u00e7u   par   les   \u00e9tudiants \u2013  s&rsquo;\u00e9l\u00e8ve   \u00e0   moins   de   650 euros  par   mois,   loin   du   seuil   de   pauvret\u00e9,  fix\u00e9   \u00e0   1\u202f200 euros.  \u00c9lisa  Mangeolle  est   porte-parole   de   la   FAGE.                  <\/p>\n<p>\n                     \u00ab Nous,  ce   qui   nous   pose   le   plus   probl\u00e8me,   c&rsquo;est   les   \u00e9tudiants   qui   sont   \u00e0   deux   doigts,  en   fait,  d&rsquo;\u00eatre   boursiers,   mais   qui   ne   le   sont   pas.   Et,  globalement,   c&rsquo;est ces  \u00e9tudiants-l\u00e0  qu&rsquo;on   retrouve,   nous,   dans   les   \u00e9piceries   solidaires,   parce   que   c&rsquo;est   des   \u00e9tudiants   qui   sont   en   grande   difficult\u00e9,   qui   ont   assez   peu   de   revenus   et   qui   n&rsquo;ont   pas   de   bourse,  qui   doivent   tout   payer   plein   pot,   qui   n&rsquo;ont   pas   acc\u00e8s   aux  logements  Crous.  Et   donc,  nous,   c&rsquo;est   plus   \u00e7a   qui   nous   inqui\u00e8te.   Et   quand   on   chiffre   un   petit   peu   ce   probl\u00e8me,   \u00e7a   repr\u00e9sente   300 000  \u00e9tudiants   en   France. \u00bb                 <\/p>\n<p>\n                     La   porte-parole  de   la   FAGE,   premi\u00e8re   organisation   \u00e9tudiante   en   France.   Propos   recueillis   par   Sylvie   Koffi.                 <\/p>\n<p>\n                     Et   puis,  enfin,   juste   avant   de   retrouver   Radio   Foot   Internationale,  apr\u00e8s   ce   journal,   quand  le   football   m\u00e8ne   \u00e0   la   politique.  Jean-Michel   Aulas  candidat   \u00e0   la   mairie   de   Lyon.  L&rsquo;ancien  patron   du   club   de   football   l&rsquo;Olympique   Lyonnais   va   l&rsquo;officialiser,   dit-il,  \u00ab dans  quelques   jours \u00bb.  Il  sera   un   candidat   sans   \u00e9tiquette \u2013  sans   \u00eatre   officiellement   soutenu   par   un   parti   politique.   Il   dit,  tout   de   m\u00eame,  qu&rsquo;il   recevra  le   soutien   de   la   droite.   \u00c9lections   municipales   en   France,   rappelons-le,   au   printemps   prochain,   au   mois   de   mars   2026.                  <\/p>\n<p>\n                     Ainsi   se   referme   ce   journal.                  <\/p>\n<p>\n                     Merci   de   l&rsquo;avoir   \u00e9cout\u00e9.                  <\/p>\n","protected":false},"excerpt":{"rendered":"Bonjour. Bonjour \u00e0 toutes et \u00e0 tous. Soyez les bienvenus \u00e0 l&rsquo;\u00e9coute de RFI &#8211; Radio France Internationale&hellip;\n","protected":false},"author":2,"featured_media":366975,"comment_status":"","ping_status":"","sticky":false,"template":"","format":"standard","meta":{"footnotes":""},"categories":[1590],"tags":[47,11,10343,251,50134,1777,674,3535,10342,12,220],"class_list":{"0":"post-366974","1":"post","2":"type-post","3":"status-publish","4":"format-standard","5":"has-post-thumbnail","7":"category-ukraine","8":"tag-actualite","9":"tag-actualites","10":"tag-all","11":"tag-culture","12":"tag-etudier-en-france","13":"tag-eu","14":"tag-europe","15":"tag-geopolitique","16":"tag-journal-en-francais-facile","17":"tag-news","18":"tag-ukraine"},"share_on_mastodon":{"url":"https:\/\/pubeurope.com\/@fr\/115148952990847120","error":""},"_links":{"self":[{"href":"https:\/\/www.europesays.com\/fr\/wp-json\/wp\/v2\/posts\/366974","targetHints":{"allow":["GET"]}}],"collection":[{"href":"https:\/\/www.europesays.com\/fr\/wp-json\/wp\/v2\/posts"}],"about":[{"href":"https:\/\/www.europesays.com\/fr\/wp-json\/wp\/v2\/types\/post"}],"author":[{"embeddable":true,"href":"https:\/\/www.europesays.com\/fr\/wp-json\/wp\/v2\/users\/2"}],"replies":[{"embeddable":true,"href":"https:\/\/www.europesays.com\/fr\/wp-json\/wp\/v2\/comments?post=366974"}],"version-history":[{"count":0,"href":"https:\/\/www.europesays.com\/fr\/wp-json\/wp\/v2\/posts\/366974\/revisions"}],"wp:featuredmedia":[{"embeddable":true,"href":"https:\/\/www.europesays.com\/fr\/wp-json\/wp\/v2\/media\/366975"}],"wp:attachment":[{"href":"https:\/\/www.europesays.com\/fr\/wp-json\/wp\/v2\/media?parent=366974"}],"wp:term":[{"taxonomy":"category","embeddable":true,"href":"https:\/\/www.europesays.com\/fr\/wp-json\/wp\/v2\/categories?post=366974"},{"taxonomy":"post_tag","embeddable":true,"href":"https:\/\/www.europesays.com\/fr\/wp-json\/wp\/v2\/tags?post=366974"}],"curies":[{"name":"wp","href":"https:\/\/api.w.org\/{rel}","templated":true}]}}