{"id":366976,"date":"2025-09-05T00:52:13","date_gmt":"2025-09-05T00:52:13","guid":{"rendered":"https:\/\/www.europesays.com\/fr\/366976\/"},"modified":"2025-09-05T00:52:13","modified_gmt":"2025-09-05T00:52:13","slug":"etats-unis-donald-trump-renomme-le-departement-de-la-defense-en-departement-de-la-guerre","status":"publish","type":"post","link":"https:\/\/www.europesays.com\/fr\/366976\/","title":{"rendered":"\u00c9tats-Unis: Donald Trump renomme le d\u00e9partement de la D\u00e9fense en d\u00e9partement de la Guerre"},"content":{"rendered":"<p><a href=\"https:\/\/www.ledevoir.com\/donald-trump\" rel=\"nofollow noopener\" target=\"_blank\">Donald Trump<\/a> va signer un d\u00e9cret vendredi pour que le d\u00e9partement am\u00e9ricain de la D\u00e9fense s\u2019appelle \u00e9galement d\u00e9partement de la Guerre, comme il l\u2019avait r\u00e9cemment promis, a annonc\u00e9 jeudi la Maison-Blanche.<\/p>\n<p>Le d\u00e9cret du pr\u00e9sident am\u00e9ricain est destin\u00e9 \u00e0 \u00ab r\u00e9tablir le nom historique de d\u00e9partement de la Guerre \u00bb et enjoint au secr\u00e9taire de prendre toutes les mesures pour \u00ab renommer de mani\u00e8re d\u00e9finitive le d\u00e9partement am\u00e9ricain de la D\u00e9fense en d\u00e9partement de la Guerre \u00bb, a pr\u00e9cis\u00e9 la Maison-Blanche dans un document transmis \u00e0 l\u2019AFP.<\/p>\n<p>Plus de d\u00e9tails suivront.\n <\/p>\n<p>\n    \u00c0 voir en vid\u00e9o<\/p>\n","protected":false},"excerpt":{"rendered":"Donald Trump va signer un d\u00e9cret vendredi pour que le d\u00e9partement am\u00e9ricain de la D\u00e9fense s\u2019appelle \u00e9galement d\u00e9partement&hellip;\n","protected":false},"author":2,"featured_media":366977,"comment_status":"","ping_status":"","sticky":false,"template":"","format":"standard","meta":{"footnotes":""},"categories":[1589],"tags":[11,73,1866,12,1864,1865,1863,308],"class_list":{"0":"post-366976","1":"post","2":"type-post","3":"status-publish","4":"format-standard","5":"has-post-thumbnail","7":"category-etats-unis","8":"tag-actualites","9":"tag-etats-unis","10":"tag-etats-unis-damerique","11":"tag-news","12":"tag-united-states","13":"tag-united-states-of-america","14":"tag-us","15":"tag-usa"},"share_on_mastodon":{"url":"https:\/\/pubeurope.com\/@fr\/115148956932805967","error":""},"_links":{"self":[{"href":"https:\/\/www.europesays.com\/fr\/wp-json\/wp\/v2\/posts\/366976","targetHints":{"allow":["GET"]}}],"collection":[{"href":"https:\/\/www.europesays.com\/fr\/wp-json\/wp\/v2\/posts"}],"about":[{"href":"https:\/\/www.europesays.com\/fr\/wp-json\/wp\/v2\/types\/post"}],"author":[{"embeddable":true,"href":"https:\/\/www.europesays.com\/fr\/wp-json\/wp\/v2\/users\/2"}],"replies":[{"embeddable":true,"href":"https:\/\/www.europesays.com\/fr\/wp-json\/wp\/v2\/comments?post=366976"}],"version-history":[{"count":0,"href":"https:\/\/www.europesays.com\/fr\/wp-json\/wp\/v2\/posts\/366976\/revisions"}],"wp:featuredmedia":[{"embeddable":true,"href":"https:\/\/www.europesays.com\/fr\/wp-json\/wp\/v2\/media\/366977"}],"wp:attachment":[{"href":"https:\/\/www.europesays.com\/fr\/wp-json\/wp\/v2\/media?parent=366976"}],"wp:term":[{"taxonomy":"category","embeddable":true,"href":"https:\/\/www.europesays.com\/fr\/wp-json\/wp\/v2\/categories?post=366976"},{"taxonomy":"post_tag","embeddable":true,"href":"https:\/\/www.europesays.com\/fr\/wp-json\/wp\/v2\/tags?post=366976"}],"curies":[{"name":"wp","href":"https:\/\/api.w.org\/{rel}","templated":true}]}}