{"id":366980,"date":"2025-09-05T00:54:22","date_gmt":"2025-09-05T00:54:22","guid":{"rendered":"https:\/\/www.europesays.com\/fr\/366980\/"},"modified":"2025-09-05T00:54:22","modified_gmt":"2025-09-05T00:54:22","slug":"le-tank-vise-un-depart-parfait","status":"publish","type":"post","link":"https:\/\/www.europesays.com\/fr\/366980\/","title":{"rendered":"Le Tank vise un d\u00e9part parfait"},"content":{"rendered":"<p><img loading=\"lazy\" decoding=\"async\" id=\"5968145\" alt=\"1.jpg\" data-width=\"612\" data-height=\"408\" data-image-id=\"5968145\" class=\"lazyload cms-photo\" data-large-src=\"https:\/\/cdn.tienphong.vn\/images\/6122d5ef38c924645215ef6d75a4328f74df869db55d398eb89333c1701cada8\/1.jpg\" src=\"https:\/\/www.europesays.com\/fr\/wp-content\/uploads\/2025\/09\/1757033658_184_1.jpg\" width=\"612\" height=\"408\"\/><\/p>\n<p> <b>Revue d&rsquo;avant-match<\/b><\/p>\n<p> L&rsquo;Allemagne d\u00e9butera ses qualifications pour la Coupe du monde 2026 par un d\u00e9placement au stade Tehelne Pole de Bratislava pour affronter la Slovaquie, pays h\u00f4te, t\u00f4t demain matin. L&rsquo;\u00e9quipe de Julian Nagelsmann et Francesco Calzona \u00e9volue dans le groupe A aux c\u00f4t\u00e9s de l&rsquo;Irlande du Nord et du Luxembourg.<\/p>\n<p> L&rsquo;Allemagne se pr\u00e9pare pour son premier match international depuis son \u00e9limination \u00e0 domicile en Ligue des Nations de l&rsquo;UEFA en juin, o\u00f9 elle a perdu 2-1 contre le Portugal en demi-finale avant de s&rsquo;incliner 2-0 contre la France lors du match pour la troisi\u00e8me place.<\/p>\n<p> Class\u00e9e 9e <a class=\"data-link\" data-org-href=\"https:\/\/www.vietnam.vn\/category\/the-gioi\" href=\"https:\/\/www.vietnam.vn\/category\/the-gioi\" title=\"monde\" target=\"_blank\" rel=\"nofollow noopener\">mondiale<\/a> au classement FIFA, la Mannschaft n&rsquo;a remport\u00e9 que 12 de ses 23 matches (6 nuls, 5 d\u00e9faites) toutes comp\u00e9titions confondues (matchs amicaux compris) depuis que l&rsquo;entra\u00eeneur Nagelsmann a pris ses fonctions en septembre 2023.<\/p>\n<p> L&rsquo;Allemagne n&rsquo;a gard\u00e9 sa cage inviol\u00e9e que cinq fois lors de ses 16 derniers matchs et a encaiss\u00e9 au moins deux buts lors de chacun de ses quatre matchs en 2025. Ce bilan doit s&rsquo;am\u00e9liorer rapidement si les quadruples champions du monde veulent s&rsquo;imposer sur la sc\u00e8ne internationale dans un avenir proche.<\/p>\n<p> L&rsquo;Allemagne est consid\u00e9r\u00e9e comme le candidat le plus prometteur pour avancer dans le groupe A. Elle a d\u00e9j\u00e0 obtenu une place en barrages gr\u00e2ce \u00e0 son classement en Ligue des Nations, mais si elle remporte le groupe, la Mannschaft aura un billet direct pour la Coupe du monde 2026 au Canada, au Mexique et aux \u00c9tats-Unis. <\/p>\n<p> Apr\u00e8s avoir remport\u00e9 13 points en 6 matchs dans le groupe 3 de la Ligue C en 2024, la Slovaquie a rat\u00e9 l&rsquo;occasion d&rsquo;\u00eatre promue en mars de cette ann\u00e9e en s&rsquo;inclinant 0-1 au total contre la Slov\u00e9nie (un but encaiss\u00e9 \u00e0 la 95e minute).<\/p>\n<p> La mauvaise forme de la Slovaquie a fait chuter la Slovaquie \u00e0 la 52e place du classement FIFA apr\u00e8s deux d\u00e9faites amicales en juin : une d\u00e9faite 1-4 contre la Gr\u00e8ce \u00e0 l&rsquo;ext\u00e9rieur et une d\u00e9faite 0-1 contre Isra\u00ebl en Hongrie.<\/p>\n<p> La Slovaquie n&rsquo;a particip\u00e9 \u00e0 la Coupe du monde qu&rsquo;en tant que nation ind\u00e9pendante en Afrique du Sud en 2010. Cependant, elle vise \u00e0 participer au tournoi de l&rsquo;ann\u00e9e prochaine en tant que deuxi\u00e8me \u00e9quipe la mieux class\u00e9e du groupe A, devant l&rsquo;Irlande du Nord et le Luxembourg.<\/p>\n<p> Bien que moins bien class\u00e9e que l&rsquo;Allemagne, la Slovaquie a encore des raisons d&rsquo;esp\u00e9rer cr\u00e9er la surprise puisqu&rsquo;elle a remport\u00e9 2\/5 de ses derni\u00e8res confrontations : 2-0 \u00e0 domicile en 2005 et 3-1 \u00e0 l&rsquo;ext\u00e9rieur en 2016 (tous deux en matchs amicaux).<\/p>\n<p> <b>Forme, historique des confrontations directes<\/b><\/p>\n<p> L&rsquo;Allemagne a entam\u00e9 ses premiers \u00e9liminatoires de la Coupe du monde sur une s\u00e9rie de sept victoires cons\u00e9cutives. Elle a \u00e9galement remport\u00e9 trois de ses cinq derni\u00e8res confrontations avec la Slovaquie, dont une victoire 4-1 \u00e0 Bratislava lors d&rsquo;un match de qualification pour l&rsquo;EURO en octobre 2006.<\/p>\n<p> Du c\u00f4t\u00e9 slovaque, le s\u00e9lectionneur Francesco Calzona a pour t\u00e2che de relancer l&rsquo;\u00e9quipe apr\u00e8s une s\u00e9quence de quatre matches sans victoire en 2025, qui a commenc\u00e9 par une d\u00e9faite en prolongation lors des \u00e9liminatoires de la Ligue des Nations.<\/p>\n<p> <b>Informations sur la force<\/b> <\/p>\n<p> La Slovaquie sera priv\u00e9e de Lukas Haraslin, Denis Vavro, Samuel Kozlovsky et Dominik Javorcek, bless\u00e9s, tandis qu&rsquo;Ivan Schranz et Laszlo Benes sont incertains pour des raisons de sant\u00e9.<\/p>\n<p> C\u00f4t\u00e9 allemand, plusieurs joueurs cl\u00e9s sont absents pour cause de blessure\u00a0: Jamal Musiala, Kai Havertz, Marc-Andr\u00e9 ter Stegen, Nico Schlotterbeck, Niklas Sule, Benjamin Henrichs, Tim Kleindienst et Tom Bischof. Trois joueurs pressentis pour la premi\u00e8re fois en \u00e9quipe nationale \u2013 Nathaniel Brown, Max Rosenfelder et Nicolas Kuhn \u2013 ont \u00e9galement d\u00fb d\u00e9clarer forfait.<\/p>\n<p> Nnamdi Collins (Eintracht Francfort) et Paul Nebel (Mainz 05) ont \u00e9t\u00e9 appel\u00e9s pour la premi\u00e8re fois et pourraient faire leurs d\u00e9buts.<\/p>\n<p> <b>Composition attendue<\/b><\/p>\n<p> <b>Slovaquie :<\/b> Dubravka ; Pekarik, Skriniar, Gyomber, Hancko\u00a0; Duda, Lobotka, Bero ; Schranz, Bozenik, Duris<\/p>\n<p> <b>Allemagne :<\/b> Baumann ; Kimmich, Tah, Rudiger, Raum\u00a0; Goretzka, Stiller\u00a0; Adeyemi, Wirtz, Gnabry ; Woltemade<\/p>\n<p> <b>Pr\u00e9diction du score :<\/b> Slovaquie 1-3 Allemagne <\/p>\n<p><img decoding=\"async\" class=\"lazyload\" src=\"https:\/\/www.europesays.com\/fr\/wp-content\/uploads\/2025\/09\/kim-sang-sik-13-8094.jpg.webp.webp\"  alt=\"Comment la soir\u00e9e charg\u00e9e de l'entra\u00eeneur Kim Sang-sik a-t-elle aid\u00e9 l'\u00e9quipe U23 du Vietnam \u00e0 gagner ?\"\/> Comment la soir\u00e9e charg\u00e9e de l&rsquo;entra\u00eeneur Kim Sang-sik a-t-elle aid\u00e9 l&rsquo;\u00e9quipe U23 du Vietnam \u00e0 gagner ? <img decoding=\"async\" class=\"lazyload\" src=\"https:\/\/www.europesays.com\/fr\/wp-content\/uploads\/2025\/09\/z6973430452982-19bd1c8a64d3bc29d64258cac6cc780d.jpg.webp.webp\"  alt=\"Les fans apportent l'esprit A80 pour encourager l'\u00e9quipe U23 du Vietnam\"\/> Les fans apportent l&rsquo;esprit A80 pour encourager l&rsquo;\u00e9quipe U23 du Vietnam <img decoding=\"async\" class=\"lazyload\" src=\"https:\/\/www.europesays.com\/fr\/wp-content\/uploads\/2025\/09\/afc-u-23-championship-2020-match-40.jpg.webp.webp\"  alt=\"L'Australie a \u00e9cras\u00e9 son adversaire 14-0, \u00e9tablissant un record pour la plus grande victoire de l'histoire des qualifications asiatiques U23.\"\/> L&rsquo;Australie a \u00e9cras\u00e9 son adversaire 14-0, \u00e9tablissant un record pour la plus grande victoire de l&rsquo;histoire des qualifications asiatiques U23. <img decoding=\"async\" class=\"lazyload\" src=\"https:\/\/www.europesays.com\/fr\/wp-content\/uploads\/2025\/09\/anh-chup-man-hinh-2025-09-03-luc-192244.png.webp.webp\"  alt=\"En direct U23 Vietnam vs U23 Bangladesh 1-0 (H1) : U23 Vietnam ouvre le score\"\/> En battant le Bangladesh, le Vietnam U23 conna\u00eet un d\u00e9but favorable dans les \u00e9liminatoires du Championnat AFC U23 2026 <img decoding=\"async\" class=\"lazyload\" src=\"https:\/\/www.europesays.com\/fr\/wp-content\/uploads\/2025\/09\/screen-shot-2025-09-03-at-151055.png.webp.webp\"  alt=\"Le co\u00e9quipier de Son Heung-min a \u00e9t\u00e9 appel\u00e9 de mani\u00e8re inattendue dans l'\u00e9quipe nationale indon\u00e9sienne\"\/> Le co\u00e9quipier de Son Heung-min a \u00e9t\u00e9 appel\u00e9 de mani\u00e8re inattendue dans l&rsquo;\u00e9quipe nationale indon\u00e9sienne <\/p>\n<p class=\"mb-0\"> Source : https:\/\/tienphong.vn\/nhan-dinh-vong-loai-world-cup-2026-slovakia-vs-duc-01h45-ngay-59-co-xe-tang-huong-toi-khoi-dau-hoan-hao-post1775309.tpo<\/p>\n","protected":false},"excerpt":{"rendered":"Revue d&rsquo;avant-match L&rsquo;Allemagne d\u00e9butera ses qualifications pour la Coupe du monde 2026 par un d\u00e9placement au stade Tehelne&hellip;\n","protected":false},"author":2,"featured_media":366981,"comment_status":"","ping_status":"","sticky":false,"template":"","format":"standard","meta":{"footnotes":""},"categories":[1587],"tags":[11,672,1804,1805,1803,49846,1777,674,1801,50135,12,1802,10845,50136,32520],"class_list":{"0":"post-366980","1":"post","2":"type-post","3":"status-publish","4":"format-standard","5":"has-post-thumbnail","7":"category-allemagne","8":"tag-actualites","9":"tag-allemagne","10":"tag-bundesrepublik-deutschland","11":"tag-de","12":"tag-deutschland","13":"tag-eliminatoires-de-la-coupe-du-monde-2026","14":"tag-eu","15":"tag-europe","16":"tag-germany","17":"tag-julian-nagelsmann","18":"tag-news","19":"tag-republique-federale-dallemagne","20":"tag-slovaquie","21":"tag-tableau-a","22":"tag-vertu"},"share_on_mastodon":{"url":"https:\/\/pubeurope.com\/@fr\/115148965301079811","error":""},"_links":{"self":[{"href":"https:\/\/www.europesays.com\/fr\/wp-json\/wp\/v2\/posts\/366980","targetHints":{"allow":["GET"]}}],"collection":[{"href":"https:\/\/www.europesays.com\/fr\/wp-json\/wp\/v2\/posts"}],"about":[{"href":"https:\/\/www.europesays.com\/fr\/wp-json\/wp\/v2\/types\/post"}],"author":[{"embeddable":true,"href":"https:\/\/www.europesays.com\/fr\/wp-json\/wp\/v2\/users\/2"}],"replies":[{"embeddable":true,"href":"https:\/\/www.europesays.com\/fr\/wp-json\/wp\/v2\/comments?post=366980"}],"version-history":[{"count":0,"href":"https:\/\/www.europesays.com\/fr\/wp-json\/wp\/v2\/posts\/366980\/revisions"}],"wp:featuredmedia":[{"embeddable":true,"href":"https:\/\/www.europesays.com\/fr\/wp-json\/wp\/v2\/media\/366981"}],"wp:attachment":[{"href":"https:\/\/www.europesays.com\/fr\/wp-json\/wp\/v2\/media?parent=366980"}],"wp:term":[{"taxonomy":"category","embeddable":true,"href":"https:\/\/www.europesays.com\/fr\/wp-json\/wp\/v2\/categories?post=366980"},{"taxonomy":"post_tag","embeddable":true,"href":"https:\/\/www.europesays.com\/fr\/wp-json\/wp\/v2\/tags?post=366980"}],"curies":[{"name":"wp","href":"https:\/\/api.w.org\/{rel}","templated":true}]}}