{"id":366982,"date":"2025-09-05T00:55:14","date_gmt":"2025-09-05T00:55:14","guid":{"rendered":"https:\/\/www.europesays.com\/fr\/366982\/"},"modified":"2025-09-05T00:55:14","modified_gmt":"2025-09-05T00:55:14","slug":"leurope-et-lafd-renforcent-lacces-a-leau-potable-au-cambodge","status":"publish","type":"post","link":"https:\/\/www.europesays.com\/fr\/366982\/","title":{"rendered":"L&rsquo;Europe et l&rsquo;AFD renforcent l\u2019acc\u00e8s \u00e0 l\u2019eau potable au Cambodge"},"content":{"rendered":"<p data-pm-slice=\"1 1 []\">Le 3 septembre \u00e0 Phnom Penh, un accord a \u00e9t\u00e9 sign\u00e9 entre le minist\u00e8re de l\u2019Industrie (MISTI), l\u2019Autorit\u00e9 des eaux de Phnom Penh (PPWSA) et l\u2019Institut de Technologie du Cambodge (ITC). Il s\u2019inscrit dans le cadre du projet d\u2019approvisionnement en eau de Bakheng, l\u2019un des plus grands jamais lanc\u00e9s au Cambodge dans ce domaine.<\/p>\n<p>Financ\u00e9 par une subvention de 10,9 millions d\u2019euros de l\u2019Union europ\u00e9enne, ce projet vise \u00e0 am\u00e9liorer l\u2019acc\u00e8s \u00e0 une eau potable s\u00fbre et durable, en particulier pour les familles d\u00e9favoris\u00e9es.<\/p>\n<p>Former les futurs experts de l\u2019eau<\/p>\n<p>Un centre national de formation verra le jour pour renforcer les comp\u00e9tences des op\u00e9rateurs du secteur. Des bourses permettront aussi \u00e0 une trentaine d\u2019\u00e9tudiants et de fonctionnaires de se sp\u00e9cialiser en Europe dans les m\u00e9tiers de l\u2019eau.<\/p>\n<p>\u00ab C\u2019est un honneur pour l\u2019ITC d\u2019accueillir cet \u00e9v\u00e9nement. Nos \u00e9tudiants form\u00e9s en Europe reviendront avec des connaissances utiles au d\u00e9veloppement de services durables \u00bb, a d\u00e9clar\u00e9 le directeur g\u00e9n\u00e9ral de l\u2019ITC, PO Kimtho.<\/p>\n<p>De son c\u00f4t\u00e9, LONG Naro, directeur de la PPWSA, a insist\u00e9 sur la n\u00e9cessit\u00e9 d\u2019assurer un financement p\u00e9renne pour le futur centre : \u00ab Il doit b\u00e9n\u00e9ficier \u00e0 l\u2019ensemble des r\u00e9gies d\u2019eau du pays et \u00eatre pens\u00e9 sur le long terme. \u00bb<\/p>\n<p>Une \u00e9tape cl\u00e9 pour l\u2019acc\u00e8s \u00e0 l\u2019eau<\/p>\n<p>Selon le minist\u00e8re, environ 10 000 familles suppl\u00e9mentaires devraient avoir acc\u00e8s \u00e0 une eau potable abordable d\u2019ici 2031.<\/p>\n<p>\u00ab Cet accord illustre notre volont\u00e9 commune d\u2019offrir une eau propre et durable \u00e0 la population, dans un esprit de transparence et de coop\u00e9ration \u00bb, a expliqu\u00e9 HOUL Bonnarith, secr\u00e9taire d\u2019\u00c9tat au minist\u00e8re.<\/p>\n<p>L\u2019appui de la France et de l\u2019Union europ\u00e9enne<\/p>\n<p>L\u2019Agence Fran\u00e7aise de D\u00e9veloppement et l\u2019Union europ\u00e9enne accompagnent le projet. Pour Laurent Raspaud, directeur adjoint de l\u2019AFD au Cambodge, \u00ab le soutien europ\u00e9en a \u00e9t\u00e9 d\u00e9terminant ces derni\u00e8res ann\u00e9es \u00bb.<\/p>\n<p>Bryan Fornari, chef de la coop\u00e9ration de l\u2019UE, a conclu : \u00ab Investir dans la jeunesse, c\u2019est investir dans l\u2019avenir du secteur de l\u2019eau. \u00bb<\/p>\n<p class=\"p-empty\">\u00a0<\/p>\n<p class=\"p-empty\">\u00a0<\/p>\n","protected":false},"excerpt":{"rendered":"Le 3 septembre \u00e0 Phnom Penh, un accord a \u00e9t\u00e9 sign\u00e9 entre le minist\u00e8re de l\u2019Industrie (MISTI), l\u2019Autorit\u00e9&hellip;\n","protected":false},"author":2,"featured_media":366983,"comment_status":"","ping_status":"","sticky":false,"template":"","format":"standard","meta":{"footnotes":""},"categories":[1586],"tags":[11,1777,674,1011,27,12,25],"class_list":{"0":"post-366982","1":"post","2":"type-post","3":"status-publish","4":"format-standard","5":"has-post-thumbnail","7":"category-europe","8":"tag-actualites","9":"tag-eu","10":"tag-europe","11":"tag-fr","12":"tag-france","13":"tag-news","14":"tag-republique-francaise"},"share_on_mastodon":{"url":"https:\/\/pubeurope.com\/@fr\/115148968663750162","error":""},"_links":{"self":[{"href":"https:\/\/www.europesays.com\/fr\/wp-json\/wp\/v2\/posts\/366982","targetHints":{"allow":["GET"]}}],"collection":[{"href":"https:\/\/www.europesays.com\/fr\/wp-json\/wp\/v2\/posts"}],"about":[{"href":"https:\/\/www.europesays.com\/fr\/wp-json\/wp\/v2\/types\/post"}],"author":[{"embeddable":true,"href":"https:\/\/www.europesays.com\/fr\/wp-json\/wp\/v2\/users\/2"}],"replies":[{"embeddable":true,"href":"https:\/\/www.europesays.com\/fr\/wp-json\/wp\/v2\/comments?post=366982"}],"version-history":[{"count":0,"href":"https:\/\/www.europesays.com\/fr\/wp-json\/wp\/v2\/posts\/366982\/revisions"}],"wp:featuredmedia":[{"embeddable":true,"href":"https:\/\/www.europesays.com\/fr\/wp-json\/wp\/v2\/media\/366983"}],"wp:attachment":[{"href":"https:\/\/www.europesays.com\/fr\/wp-json\/wp\/v2\/media?parent=366982"}],"wp:term":[{"taxonomy":"category","embeddable":true,"href":"https:\/\/www.europesays.com\/fr\/wp-json\/wp\/v2\/categories?post=366982"},{"taxonomy":"post_tag","embeddable":true,"href":"https:\/\/www.europesays.com\/fr\/wp-json\/wp\/v2\/tags?post=366982"}],"curies":[{"name":"wp","href":"https:\/\/api.w.org\/{rel}","templated":true}]}}