{"id":366984,"date":"2025-09-05T00:56:20","date_gmt":"2025-09-05T00:56:20","guid":{"rendered":"https:\/\/www.europesays.com\/fr\/366984\/"},"modified":"2025-09-05T00:56:20","modified_gmt":"2025-09-05T00:56:20","slug":"lunion-europeenne-reconnait-le-bresil-comme-indemne-de-grippe-aviaire-annonce-le-ministre-bresilien-de-lagriculture","status":"publish","type":"post","link":"https:\/\/www.europesays.com\/fr\/366984\/","title":{"rendered":"L&rsquo;Union europ\u00e9enne reconna\u00eet le Br\u00e9sil comme indemne de grippe aviaire, annonce le ministre br\u00e9silien de l&rsquo;Agriculture"},"content":{"rendered":"<p>L&rsquo;Union europ\u00e9enne a officiellement reconnu le Br\u00e9sil comme un pays indemne de grippe aviaire, une d\u00e9cision qui permettra la reprise des exportations de viande de poulet vers le bloc, a annonc\u00e9 jeudi le ministre br\u00e9silien de l&rsquo;Agriculture, Carlos Favaro, sur le r\u00e9seau social X.<\/p>\n<p>Dans un communiqu\u00e9 ult\u00e9rieur, le minist\u00e8re de l&rsquo;Agriculture a pr\u00e9cis\u00e9 que Carlos Favaro avait tenu \u00ab\u00a0une r\u00e9union de haut niveau\u00a0\u00bb en visioconf\u00e9rence avec le ministre br\u00e9silien de la P\u00eache et de l&rsquo;Aquaculture, Andre de Paula, et le commissaire europ\u00e9en \u00e0 la Sant\u00e9 et au Bien-\u00eatre animal, Oliver Varhelyi.<\/p>\n<p>Selon la d\u00e9claration du minist\u00e8re, le commissaire europ\u00e9en s&rsquo;est dit satisfait des informations fournies par les autorit\u00e9s br\u00e9siliennes concernant un foyer de grippe aviaire d\u00e9tect\u00e9 cette ann\u00e9e dans un \u00e9levage de poules reproductrices dans le sud du pays.<\/p>\n<p>\u00ab\u00a0Ministre Favaro, j&rsquo;ai une bonne nouvelle\u00a0: notre \u00e9valuation est que les donn\u00e9es transmises par votre minist\u00e8re sont suffisantes pour reconna\u00eetre que le Br\u00e9sil est indemne d&rsquo;influenza aviaire\u00a0\u00bb, a d\u00e9clar\u00e9 Varhelyi, cit\u00e9 dans le communiqu\u00e9.<\/p>\n<p>\u00ab\u00a0Concr\u00e8tement, cela signifie que nous allons avancer avec les \u00c9tats membres pour proposer la lev\u00e9e progressive des interdictions et restrictions sur les exportations br\u00e9siliennes, en r\u00e9tablissant progressivement toutes les zones pr\u00e9c\u00e9demment autoris\u00e9es\u00a0\u00bb, a-t-il ajout\u00e9.<\/p>\n<p>Le Br\u00e9sil avait signal\u00e9 son tout premier foyer de grippe aviaire en mai dernier, entra\u00eenant l&rsquo;imposition de restrictions par plusieurs pays sur ses exportations de poulet jusqu&rsquo;\u00e0 la ma\u00eetrise de l&rsquo;\u00e9pid\u00e9mie.<\/p>\n<p>La Chine, grand importateur de poulet, a maintenu ses restrictions sur les produits avicoles br\u00e9siliens depuis l&rsquo;\u00e9pid\u00e9mie, tandis que d&rsquo;autres pays les ont progressivement lev\u00e9es.<\/p>\n<p>Sur la p\u00e9riode allant jusqu&rsquo;en juin, l&rsquo;Union europ\u00e9enne avait import\u00e9 125\u00a0300 tonnes de viande de poulet en provenance du Br\u00e9sil, soit une hausse de 20,8\u00a0% sur un an, g\u00e9n\u00e9rant un chiffre d&rsquo;affaires de 386,3\u00a0millions de dollars, selon les donn\u00e9es commerciales compil\u00e9es par l&rsquo;association br\u00e9silienne de la volaille et du porc (ABPA).<\/p>\n","protected":false},"excerpt":{"rendered":"L&rsquo;Union europ\u00e9enne a officiellement reconnu le Br\u00e9sil comme un pays indemne de grippe aviaire, une d\u00e9cision qui permettra&hellip;\n","protected":false},"author":2,"featured_media":366985,"comment_status":"","ping_status":"","sticky":false,"template":"","format":"standard","meta":{"footnotes":""},"categories":[1586],"tags":[11,340,1777,674,1779,1011,27,12,25,1778,364],"class_list":{"0":"post-366984","1":"post","2":"type-post","3":"status-publish","4":"format-standard","5":"has-post-thumbnail","7":"category-europe","8":"tag-actualites","9":"tag-bourse","10":"tag-eu","11":"tag-europe","12":"tag-european-union","13":"tag-fr","14":"tag-france","15":"tag-news","16":"tag-republique-francaise","17":"tag-ue","18":"tag-union-europeenne"},"share_on_mastodon":{"url":"https:\/\/pubeurope.com\/@fr\/115148972657058752","error":""},"_links":{"self":[{"href":"https:\/\/www.europesays.com\/fr\/wp-json\/wp\/v2\/posts\/366984","targetHints":{"allow":["GET"]}}],"collection":[{"href":"https:\/\/www.europesays.com\/fr\/wp-json\/wp\/v2\/posts"}],"about":[{"href":"https:\/\/www.europesays.com\/fr\/wp-json\/wp\/v2\/types\/post"}],"author":[{"embeddable":true,"href":"https:\/\/www.europesays.com\/fr\/wp-json\/wp\/v2\/users\/2"}],"replies":[{"embeddable":true,"href":"https:\/\/www.europesays.com\/fr\/wp-json\/wp\/v2\/comments?post=366984"}],"version-history":[{"count":0,"href":"https:\/\/www.europesays.com\/fr\/wp-json\/wp\/v2\/posts\/366984\/revisions"}],"wp:featuredmedia":[{"embeddable":true,"href":"https:\/\/www.europesays.com\/fr\/wp-json\/wp\/v2\/media\/366985"}],"wp:attachment":[{"href":"https:\/\/www.europesays.com\/fr\/wp-json\/wp\/v2\/media?parent=366984"}],"wp:term":[{"taxonomy":"category","embeddable":true,"href":"https:\/\/www.europesays.com\/fr\/wp-json\/wp\/v2\/categories?post=366984"},{"taxonomy":"post_tag","embeddable":true,"href":"https:\/\/www.europesays.com\/fr\/wp-json\/wp\/v2\/tags?post=366984"}],"curies":[{"name":"wp","href":"https:\/\/api.w.org\/{rel}","templated":true}]}}