{"id":366990,"date":"2025-09-05T00:59:12","date_gmt":"2025-09-05T00:59:12","guid":{"rendered":"https:\/\/www.europesays.com\/fr\/366990\/"},"modified":"2025-09-05T00:59:12","modified_gmt":"2025-09-05T00:59:12","slug":"le-tournant-marxiste-france-culture","status":"publish","type":"post","link":"https:\/\/www.europesays.com\/fr\/366990\/","title":{"rendered":"Le tournant marxiste | France Culture"},"content":{"rendered":"<p class=\"PopSlotParagraph qg-tx2 qg-xtra-lh svelte-1r0pyek\">Pour le philosophe, sociologue et th\u00e9oricien de la litt\u00e9raire Georg Luk\u00e1cs, la r\u00e9ification est l\u2019un des processus centraux de la soci\u00e9t\u00e9 capitaliste. Un processus qu&rsquo;il d\u00e9crit notamment dans son essai Histoire et conscience de classe.<\/p>\n<p class=\"PopSlotParagraph qg-tx2 qg-xtra-lh svelte-1r0pyek\">Derri\u00e8re ce mot, qui a pour synonyme la \u00ab\u00a0chosification\u00a0\u00bb et qui sera repris plus tard par Heidegger, il entend l\u2019ensemble d\u2019op\u00e9rations par lesquelles les rapports entre \u00eatres humains deviennent uniquement marchands. Plus de place pour l\u2019affect ou le rapport social v\u00e9ritable\u00a0: l\u2019humain est envisag\u00e9 comme une chose ayant perdu sa substance.<\/p>\n<p> Le contrat de mariage bourgeois, une dystopie du capitalisme moderne<\/p>\n<p class=\"PopSlotParagraph qg-tx2 qg-xtra-lh svelte-1r0pyek\">Georg Luk\u00e1cs prend l\u2019exemple du contrat de mariage bourgeois pour illustrer son propos\u00a0: une union qui se fait en th\u00e9orie au nom de l\u2019amour devient un contrat, avec des obligations, des devoirs et surtout des arrangements financiers. Les rapports sociaux sont\u00a0 uniquement transactionnels, dans une forme de dystopie cr\u00e9\u00e9e par le capitalisme moderne.<\/p>\n<p class=\"PopSlotParagraph qg-tx2 qg-xtra-lh svelte-1r0pyek\">C\u2019est sur le parcours et les id\u00e9es de cette premi\u00e8re p\u00e9riode de la pens\u00e9e de Georg Luk\u00e1cs que revient le deuxi\u00e8me \u00e9pisode de la s\u00e9rie de Jacques Munier pour \u00ab\u00a0Les chemins de la connaissance\u00a0\u00bb, avec le philosophe Kostas Axelos et le philosophe et traducteur G\u00e9rard Raulet. Cette \u00e9mission a \u00e9t\u00e9 diffus\u00e9e pour la premi\u00e8re fois le 7 mai 1985 sur France Culture.<\/p>\n<ul>\n<li>par Jacques Munier<\/li>\n<li>Avec Kostas Axelos (philosophe) et G\u00e9rard Raulet (philosophe et traducteur)<\/li>\n<li>Les chemins de la connaissance &#8211; Georg Luk\u00e1cs, un penseur dans le feu de l\u2019esprit 2\/5 : Le tournant marxiste, \u00ab\u00a0Histoire et conscience de classe\u00a0\u00bb (1\u00e8re diffusion\u00a0: 07\/05\/1985)<\/li>\n<li>\u00c9dition web\u00a0: Documentation de Radio France<\/li>\n<li>Archive Ina Radio France<\/li>\n<\/ul>\n","protected":false},"excerpt":{"rendered":"Pour le philosophe, sociologue et th\u00e9oricien de la litt\u00e9raire Georg Luk\u00e1cs, la r\u00e9ification est l\u2019un des processus centraux&hellip;\n","protected":false},"author":2,"featured_media":366991,"comment_status":"","ping_status":"","sticky":false,"template":"","format":"standard","meta":{"footnotes":""},"categories":[4],"tags":[11,1011,27,12,25],"class_list":{"0":"post-366990","1":"post","2":"type-post","3":"status-publish","4":"format-standard","5":"has-post-thumbnail","7":"category-france","8":"tag-actualites","9":"tag-fr","10":"tag-france","11":"tag-news","12":"tag-republique-francaise"},"share_on_mastodon":{"url":"https:\/\/pubeurope.com\/@fr\/115148984320242998","error":""},"_links":{"self":[{"href":"https:\/\/www.europesays.com\/fr\/wp-json\/wp\/v2\/posts\/366990","targetHints":{"allow":["GET"]}}],"collection":[{"href":"https:\/\/www.europesays.com\/fr\/wp-json\/wp\/v2\/posts"}],"about":[{"href":"https:\/\/www.europesays.com\/fr\/wp-json\/wp\/v2\/types\/post"}],"author":[{"embeddable":true,"href":"https:\/\/www.europesays.com\/fr\/wp-json\/wp\/v2\/users\/2"}],"replies":[{"embeddable":true,"href":"https:\/\/www.europesays.com\/fr\/wp-json\/wp\/v2\/comments?post=366990"}],"version-history":[{"count":0,"href":"https:\/\/www.europesays.com\/fr\/wp-json\/wp\/v2\/posts\/366990\/revisions"}],"wp:featuredmedia":[{"embeddable":true,"href":"https:\/\/www.europesays.com\/fr\/wp-json\/wp\/v2\/media\/366991"}],"wp:attachment":[{"href":"https:\/\/www.europesays.com\/fr\/wp-json\/wp\/v2\/media?parent=366990"}],"wp:term":[{"taxonomy":"category","embeddable":true,"href":"https:\/\/www.europesays.com\/fr\/wp-json\/wp\/v2\/categories?post=366990"},{"taxonomy":"post_tag","embeddable":true,"href":"https:\/\/www.europesays.com\/fr\/wp-json\/wp\/v2\/tags?post=366990"}],"curies":[{"name":"wp","href":"https:\/\/api.w.org\/{rel}","templated":true}]}}