{"id":366992,"date":"2025-09-05T01:02:14","date_gmt":"2025-09-05T01:02:14","guid":{"rendered":"https:\/\/www.europesays.com\/fr\/366992\/"},"modified":"2025-09-05T01:02:14","modified_gmt":"2025-09-05T01:02:14","slug":"insolite-lasm-ouvre-un-appartement-dans-le-michelin-avec-vue-sur-la-pelouse","status":"publish","type":"post","link":"https:\/\/www.europesays.com\/fr\/366992\/","title":{"rendered":"INSOLITE \u2013 L\u2019ASM ouvre un appartement dans le Michelin avec vue sur la pelouse !"},"content":{"rendered":"<p>Vivre un match de l\u2019ASM comme jamais auparavant : c\u2019est la promesse du club auvergnat, qui a transform\u00e9 l\u2019historique appartement du gardien du stade Marcel-Michelin en un logement ouvert \u00e0 la location pour le grand public.<\/p>\n<p>Situ\u00e9 au c\u0153ur de l\u2019enceinte clermontoise, cet espace de 70m\u00b2 a \u00e9t\u00e9 enti\u00e8rement r\u00e9nov\u00e9 et pens\u00e9 pour l\u2019exp\u00e9rience. Avec sa cuisine \u00e9quip\u00e9e, son grand salon offrant une vue panoramique sur la pelouse et ses deux chambres doubles, l\u2019\u00ab appartement ASM \u00bb se veut un lieu unique, capable d\u2019accueillir aussi bien les supporters passionn\u00e9s que les visiteurs en qu\u00eate d\u2019une immersion originale.<\/p>\n<p>Le lancement de ce nouveau concept intervient d\u00e8s la 1\u02b3\u1d49 journ\u00e9e de Top 14, lors de la r\u00e9ception du Stade Toulousain ce dimanche 7 septembre.<\/p>\n<p>Une premi\u00e8re symbolique pour mettre en lumi\u00e8re ce projet innovant, men\u00e9 en partenariat avec Le Grand Mess, un h\u00f4tel clermontois reconnu explique <a href=\"https:\/\/www.francebleu.fr\/sports\/rugby\/l-asm-ouvre-un-appartement-au-sein-du-stade-marcel-michelin-avec-vue-sur-la-pelouse-7544393\" rel=\"nofollow noopener\" target=\"_blank\">ICI Pays d\u2019Auvergne<\/a><\/p>\n<p>L\u2019appartement pourra \u00eatre r\u00e9serv\u00e9 tout au long de l\u2019ann\u00e9e, y compris les jours de match. De quoi offrir aux fans l\u2019opportunit\u00e9 rare d\u2019assister aux exploits des Jaune et Bleu depuis leur salon, en direct depuis le Michelin.<\/p>\n<p>Les r\u00e9servations grand public ouvriront toutefois seulement fin septembre.<\/p>\n<p>Avec cette initiative, l\u2019ASM signe une op\u00e9ration \u00e0 la crois\u00e9e du sport, du tourisme et de l\u2019exp\u00e9rience immersive, confirmant sa volont\u00e9 de renforcer le lien unique qui l\u2019unit \u00e0 ses supporters.<\/p>\n<p>Retrouvez les photos de l\u2019appartement sur le site d\u2019<a href=\"https:\/\/www.francebleu.fr\/sports\/rugby\/l-asm-ouvre-un-appartement-au-sein-du-stade-marcel-michelin-avec-vue-sur-la-pelouse-7544393\" rel=\"nofollow noopener\" target=\"_blank\">ICI Pays d\u2019Auvergne<\/a>.<\/p>\n","protected":false},"excerpt":{"rendered":"Vivre un match de l\u2019ASM comme jamais auparavant : c\u2019est la promesse du club auvergnat, qui a transform\u00e9&hellip;\n","protected":false},"author":2,"featured_media":366993,"comment_status":"","ping_status":"","sticky":false,"template":"","format":"standard","meta":{"footnotes":""},"categories":[1416],"tags":[1011,27,479,1468,60],"class_list":{"0":"post-366992","1":"post","2":"type-post","3":"status-publish","4":"format-standard","5":"has-post-thumbnail","7":"category-rugby","8":"tag-fr","9":"tag-france","10":"tag-rugby","11":"tag-rugby-football","12":"tag-sports"},"share_on_mastodon":{"url":"https:\/\/pubeurope.com\/@fr\/115148996177910703","error":""},"_links":{"self":[{"href":"https:\/\/www.europesays.com\/fr\/wp-json\/wp\/v2\/posts\/366992","targetHints":{"allow":["GET"]}}],"collection":[{"href":"https:\/\/www.europesays.com\/fr\/wp-json\/wp\/v2\/posts"}],"about":[{"href":"https:\/\/www.europesays.com\/fr\/wp-json\/wp\/v2\/types\/post"}],"author":[{"embeddable":true,"href":"https:\/\/www.europesays.com\/fr\/wp-json\/wp\/v2\/users\/2"}],"replies":[{"embeddable":true,"href":"https:\/\/www.europesays.com\/fr\/wp-json\/wp\/v2\/comments?post=366992"}],"version-history":[{"count":0,"href":"https:\/\/www.europesays.com\/fr\/wp-json\/wp\/v2\/posts\/366992\/revisions"}],"wp:featuredmedia":[{"embeddable":true,"href":"https:\/\/www.europesays.com\/fr\/wp-json\/wp\/v2\/media\/366993"}],"wp:attachment":[{"href":"https:\/\/www.europesays.com\/fr\/wp-json\/wp\/v2\/media?parent=366992"}],"wp:term":[{"taxonomy":"category","embeddable":true,"href":"https:\/\/www.europesays.com\/fr\/wp-json\/wp\/v2\/categories?post=366992"},{"taxonomy":"post_tag","embeddable":true,"href":"https:\/\/www.europesays.com\/fr\/wp-json\/wp\/v2\/tags?post=366992"}],"curies":[{"name":"wp","href":"https:\/\/api.w.org\/{rel}","templated":true}]}}