{"id":367004,"date":"2025-09-05T01:09:14","date_gmt":"2025-09-05T01:09:14","guid":{"rendered":"https:\/\/www.europesays.com\/fr\/367004\/"},"modified":"2025-09-05T01:09:14","modified_gmt":"2025-09-05T01:09:14","slug":"sur-france-inter-vanessa-paradis-previent-benjamin-duhamel-qui-saventure-sur-un-terrain-glissant-avec-elle","status":"publish","type":"post","link":"https:\/\/www.europesays.com\/fr\/367004\/","title":{"rendered":"Sur France Inter, Vanessa Paradis pr\u00e9vient Benjamin Duhamel qui s&rsquo;aventure sur un terrain glissant avec elle"},"content":{"rendered":"<p>            <img loading=\"lazy\" decoding=\"async\" src=\"https:\/\/www.europesays.com\/fr\/wp-content\/uploads\/2025\/04\/94-6154544555663-35x35-1.jpg\" class=\"author-article-picture\" width=\"35\" height=\"35\"\/><\/p>\n<p>                Par<br \/>\n                                    <a class=\"author-article-bio-link\" href=\"https:\/\/www.purepeople.com\/auteur\/mafalda-betty_a94\" rel=\"nofollow noopener\" target=\"_blank\">Mafalda Betty<\/a><br \/>\n                                                    | R\u00e9dactrice<\/p>\n<p>\n                Citoyenne du monde qui adore les blind tests des ann\u00e9es 90, elle se passionne pour les histoires de c\u0153ur avec ou sans happy end des personnalit\u00e9s fran\u00e7aises et internationales.\n            <\/p>\n<p>\n    Vanessa Paradis a entam\u00e9 la promotion de son nouvel album, \u00ab\u00a0Le Retour des beaux jours\u00a0\u00bb, sept ans apr\u00e8s \u00ab\u00a0Les Sources\u00a0\u00bb. Elle a choisi l&rsquo;antenne de la matinale de France Inter et r\u00e9pond aux questions de Benjamin Duhamel, le rempla\u00e7ant de L\u00e9a Salam\u00e9. Ce dernier a march\u00e9 sur des \u0153ufs durant l&rsquo;entretien\n<\/p>\n<\/p>\n<p>                    Interview de Vanessa Paradis sur France Inter par Benjamin Duhamel \u00a9 Youtube<\/p>\n<p>La suite apr\u00e8s la publicit\u00e9<\/p>\n<p>Apr\u00e8s sept ann\u00e9es, <a href=\"https:\/\/www.purepeople.com\/people\/vanessa-paradis_p221\" rel=\"nofollow noopener\" target=\"_blank\">Vanessa Paradis<\/a> fait son retour musical avec un nouveau album intitul\u00e9 <strong>Le Retour des beaux jours<\/strong>. Pour son 8e disque, la chanteuse et actrice tant aim\u00e9e de la France s&rsquo;est entour\u00e9e d&rsquo;artistes de choix avec en premier lieu <a href=\"https:\/\/www.purepeople.com\/people\/etienne-daho_p1018\" rel=\"nofollow noopener\" target=\"_blank\">Etienne Daho<\/a>, son grand ami. Elle a choisi d&rsquo;\u00e9voquer son travail au micro de la <strong>matinale de France Inter <\/strong>ce jeudi 4 septembre, faisant face \u00e0 <a href=\"https:\/\/www.purepeople.com\/people\/benjamin-duhamel_p555018\" rel=\"nofollow noopener\" target=\"_blank\">Benjamin Duhamel<\/a>. Le journaliste de 30 ans fait ses premiers pas cette semaine sur la radio fran\u00e7aise et doit apprendre \u00e0 g\u00e9rer les sensibilit\u00e9s des artistes, apr\u00e8s avoir fait ses armes aupr\u00e8s d&rsquo;une quantit\u00e9 de personnalit\u00e9s politiques.<\/p>\n<p>Ayant avoir soigneusement rappel\u00e9 que si elle avait \u00e9t\u00e9 absente musicalement de la sc\u00e8ne m\u00e9diatique, elle ne l&rsquo;a pas \u00e9t\u00e9 du th\u00e9\u00e2tre et du cin\u00e9ma pendant les sept derni\u00e8res ann\u00e9es, Vanessa Paradis est interrog\u00e9e sur ce que repr\u00e9sente comme \u00e9tape cet album. Pour illustrer son propos, Benjamin Duhamel fait le lien avec son titre Dis-lui toi que je t\u2019aime compos\u00e9 par <a href=\"https:\/\/www.purepeople.com\/people\/serge-gainsbourg_p391\" rel=\"nofollow noopener\" target=\"_blank\">Serge Gainsbourg<\/a> et qu&rsquo;elle a chant\u00e9 \u00e0 18 ans : \u00ab\u00a0A l\u2019\u00e9poque la presse et le public voient \u00e7a comme une sorte de passage \u00e0 l\u2019\u00e2ge adulte. Cet album, Le Retour des beaux jours, est-ce que vous avez eu l\u2019impression\u2026\u00a0\u00bb Entendant que son invit\u00e9e, craignant une \u00e9vocation sur son \u00e2ge plus mature aujourd&rsquo;hui, lui lance avec le sourire un \u00ab\u00a0<strong>attention<\/strong>\u00ab\u00a0, il se reprend \u00e9galement avec une voix rieuse : \u00ab\u00a0Ne vous inqui\u00e9tez pas, je contr\u00f4le !\u00a0\u00bb<\/p>\n<p>Le <a href=\"https:\/\/www.purepeople.com\/article\/nathalie-saint-cricq-son-fils-benjamin-duhamel-pistonne-sa-reponse-cash_a484627\/1\" rel=\"nofollow noopener\" target=\"_blank\">fils de Patrice Duhamel et Nathalie Saint-Cricq<\/a> encha\u00eene alors : \u00ab\u00a0Avez-vous eu l\u2019impression que c\u2019\u00e9tait une nouvelle \u00e9tape de votre vie ?\u00a0\u00bb. L&rsquo;\u00e9pouse du metteur en sc\u00e8ne <a href=\"https:\/\/www.purepeople.com\/people\/samuel-benchetrit_p397\" rel=\"nofollow noopener\" target=\"_blank\">Samuel Benchetrit<\/a> r\u00e9pond alors : \u00ab\u00a0C\u2019est toujours des nouvelles \u00e9tapes\u2026 Apr\u00e8s on a besoin de mettre les choses dans des cases, tout ce qu&rsquo;on vit sont de nouvelles \u00e9tapes dans la vie. (&#8230;) J&rsquo;analyse moins les choses que les questions qu&rsquo;on me pose comme \u00e7a publiquement. J&rsquo;aime tellement la musique, j&rsquo;aime tellement chanter, c&rsquo;est mon m\u00e9tier. <strong>C&rsquo;est hyper simple : je fais un nouveau disque. Les chansons sont en rapport avec ce qu&rsquo;on vit, il n&rsquo;y a pas de th\u00e8me<\/strong><strong>.<\/strong>\u00ab\u00a0<br \/>\u00a0<\/p>\n<p>Benjamin Duhamel aurait-il tendance \u00e0 trop surnalyser le travail de son invit\u00e9e ? Il s&rsquo;en d\u00e9fend \u00e0 l&rsquo;antenne et reformule alors sa question : \u00ab\u00a0Si vous dites Le Retour des beaux jours, c&rsquo;est qu&rsquo;il y a eu des mauvais jours ?\u00a0\u00bb Ce \u00e0 quoi Vanessa Paradis r\u00e9torque avec simplicit\u00e9 et sans ironie : \u00ab\u00a0<strong>\u00c7a s&rsquo;appelle la vie !<\/strong>\u00a0\u00bb Impossible d&rsquo;en savoir plus sur de potentielles blessures de l&rsquo;ex de <a href=\"https:\/\/www.purepeople.com\/people\/johnny-depp_p46\" rel=\"nofollow noopener\" target=\"_blank\">Johnny Depp<\/a>, le p\u00e8re de ses enfants <a href=\"https:\/\/www.purepeople.com\/article\/lily-rose-et-jack-depp-ont-pris-leur-envol-les-departs-des-enfants-de-vanessa-paradis-et-johnny-depp-ont-impacte-leur-papa-lacteur-raconte_a539748\/1\" rel=\"nofollow noopener\" target=\"_blank\">Jack et Lily-Rose<\/a> &#8211; ces derniers ont d&rsquo;ailleurs <a href=\"https:\/\/www.purepeople.com\/article\/lily-rose-et-jack-sur-le-nouvel-album-de-leur-maman-vanessa-paradis-la-chanteuse-se-justifie-je-ne-lai-pas-fait-expres-ce-netait-pas-un-but_a541982\/1\" rel=\"nofollow noopener\" target=\"_blank\">particip\u00e9 au disque<\/a> -, elle garde son jardin secret !<\/p>\n","protected":false},"excerpt":{"rendered":"Par Mafalda Betty | R\u00e9dactrice Citoyenne du monde qui adore les blind tests des ann\u00e9es 90, elle se&hellip;\n","protected":false},"author":2,"featured_media":367005,"comment_status":"","ping_status":"","sticky":false,"template":"","format":"standard","meta":{"footnotes":""},"categories":[1359],"tags":[58,59,1011,27,973],"class_list":{"0":"post-367004","1":"post","2":"type-post","3":"status-publish","4":"format-standard","5":"has-post-thumbnail","7":"category-people","8":"tag-divertissement","9":"tag-entertainment","10":"tag-fr","11":"tag-france","12":"tag-people"},"share_on_mastodon":{"url":"https:\/\/pubeurope.com\/@fr\/115149024372706201","error":""},"_links":{"self":[{"href":"https:\/\/www.europesays.com\/fr\/wp-json\/wp\/v2\/posts\/367004","targetHints":{"allow":["GET"]}}],"collection":[{"href":"https:\/\/www.europesays.com\/fr\/wp-json\/wp\/v2\/posts"}],"about":[{"href":"https:\/\/www.europesays.com\/fr\/wp-json\/wp\/v2\/types\/post"}],"author":[{"embeddable":true,"href":"https:\/\/www.europesays.com\/fr\/wp-json\/wp\/v2\/users\/2"}],"replies":[{"embeddable":true,"href":"https:\/\/www.europesays.com\/fr\/wp-json\/wp\/v2\/comments?post=367004"}],"version-history":[{"count":0,"href":"https:\/\/www.europesays.com\/fr\/wp-json\/wp\/v2\/posts\/367004\/revisions"}],"wp:featuredmedia":[{"embeddable":true,"href":"https:\/\/www.europesays.com\/fr\/wp-json\/wp\/v2\/media\/367005"}],"wp:attachment":[{"href":"https:\/\/www.europesays.com\/fr\/wp-json\/wp\/v2\/media?parent=367004"}],"wp:term":[{"taxonomy":"category","embeddable":true,"href":"https:\/\/www.europesays.com\/fr\/wp-json\/wp\/v2\/categories?post=367004"},{"taxonomy":"post_tag","embeddable":true,"href":"https:\/\/www.europesays.com\/fr\/wp-json\/wp\/v2\/tags?post=367004"}],"curies":[{"name":"wp","href":"https:\/\/api.w.org\/{rel}","templated":true}]}}