{"id":367006,"date":"2025-09-05T01:10:13","date_gmt":"2025-09-05T01:10:13","guid":{"rendered":"https:\/\/www.europesays.com\/fr\/367006\/"},"modified":"2025-09-05T01:10:13","modified_gmt":"2025-09-05T01:10:13","slug":"benedicte-savoy-titulaire-de-la-chaire-du-louvre-en-2026","status":"publish","type":"post","link":"https:\/\/www.europesays.com\/fr\/367006\/","title":{"rendered":"B\u00e9n\u00e9dicte Savoy titulaire de la Chaire du Louvre en 2026"},"content":{"rendered":"<p>Selon une information du <a href=\"https:\/\/www.nytimes.com\/2025\/09\/03\/arts\/design\/louvre-museum-benedicte-savoy-repatriation.html\" target=\"_blank\" title=\"Ouvre le site nytimes.com\" rel=\"nofollow noopener\">New York Times<\/a>, confirm\u00e9e par le mus\u00e9e au journal am\u00e9ricain, B\u00e9n\u00e9dicte Savoy occupera la Chaire du Louvre en 2026. Elle succ\u00e9dera au philosophe <a href=\"https:\/\/www.lejournaldesarts.fr\/opinion\/accrochage-du-louvre-lecole-est-finie-175906\" title=\"Accrochage du Louvre : l\u2019\u00e9cole est finie ?\" rel=\"nofollow noopener\" target=\"_blank\">Souleymane Bachir Diagne<\/a>, titulaire en 2024, et \u00e0 <a href=\"https:\/\/www.lejournaldesarts.fr\/personnalite\/glenn-lowry-138282\" title=\"Lire la notice biographique de Glenn Lowry\" rel=\"nofollow noopener\" target=\"_blank\">Glenn Lowry<\/a>, directeur du MoMA, en <a href=\"https:\/\/www.louvre.fr\/expositions-et-evenements\/evenements-activites\/la-chaire-du-louvre-glenn-lowry\" target=\"_blank\" title=\"Ouvre le site louvre.fr\" rel=\"nofollow noopener\">2025<\/a>. Cr\u00e9\u00e9e en 2009, la Chaire du Louvre est un dispositif acad\u00e9mique, sans responsabilit\u00e9s administratives, confi\u00e9 \u00e0 une personnalit\u00e9 internationale, offrant un espace d\u2019influence intellectuelle destin\u00e9 \u00e0 nourrir la r\u00e9flexion sur le mus\u00e9e et ses collections gr\u00e2ce \u00e0 un cycle de conf\u00e9rences.<\/p>\n<p>La nomination de B\u00e9n\u00e9dicte Savoy est hautement symbolique et risque d\u2019alimenter la pol\u00e9mique. En 2018, elle a cor\u00e9dig\u00e9 avec Felwine Sarr un <a href=\"https:\/\/www.lejournaldesarts.fr\/patrimoine\/le-rapport-sarr-savoy-preconise-un-vaste-retour-doeuvres-vers-les-pays-africains-141690\" title=\"Le rapport Sarr-Savoy pr\u00e9conise un vaste retour d\u2019\u0153uvres vers les pays africains\" rel=\"nofollow noopener\" target=\"_blank\">rapport command\u00e9 par Emmanuel Macron sur la restitution du patrimoine africain<\/a>, \u00e0 la suite de son <a href=\"https:\/\/www.lejournaldesarts.fr\/patrimoine\/emmanuel-macron-veut-organiser-la-restitution-doeuvres-dart-lafrique-134639\" title=\"Emmanuel Macron veut organiser la restitution d\u2019\u0153uvres d\u2019art \u00e0 l\u2019Afrique\" rel=\"nofollow noopener\" target=\"_blank\">discours de Ouagadougou<\/a> en 2017. Ce document, premier du genre en France, a ouvert un d\u00e9bat public et politique en soulignant que 85 \u00e0 90\u00a0% des \u0153uvres africaines majeures se trouvent hors du continent.<\/p>\n<p>Ce rapport avait \u00e9t\u00e9 fortement critiqu\u00e9. St\u00e9phane Martin, ancien pr\u00e9sident du Mus\u00e9e du Quai Branly l\u2019avait ainsi qualifi\u00e9 de \u00ab\u00a0<a href=\"https:\/\/www.lejournaldesarts.fr\/patrimoine\/lex-patron-du-quai-branly-denonce-un-rapport-pronant-des-restitutions-massives-doeuvres\" title=\"L&#039;ex-patron du Quai Branly d\u00e9nonce un rapport pr\u00f4nant des restitutions massives d&#039;\u0153uvres \u00e0 l&#039;Afrique\" rel=\"nofollow noopener\" target=\"_blank\">cri de haine contre le concept de mus\u00e9e<\/a>\u00a0\u00bb.<\/p>\n<p>Ancienne \u00e9l\u00e8ve de l\u2019\u00c9cole normale sup\u00e9rieure, agr\u00e9g\u00e9e d\u2019allemand et docteure en \u00e9tudes germaniques, B\u00e9n\u00e9dicte Savoy est sp\u00e9cialiste des transferts culturels. Elle a re\u00e7u plusieurs distinctions, dont le prix Gottfried Wilhelm Leibniz en 2016 et le Prix europ\u00e9en de l\u2019essai 2025 pour <a href=\"https:\/\/www.editionsladecouverte.fr\/a_qui_appartient_la_beaute_-9782348077043\" target=\"_blank\" title=\"Ouvre le site editionsladecouverte.fr\" rel=\"nofollow noopener\">\u00c0 qui appartient la beaut\u00e9\u00a0?<\/a>. Elle si\u00e8ge au conseil scientifique du Louvre depuis 2015.<\/p>\n<p>Durant son ann\u00e9e de chaire, elle proposera une s\u00e9rie de conf\u00e9rences consacr\u00e9es aux enjeux contemporains de la propri\u00e9t\u00e9, de la provenance et de la restitution des \u0153uvres. Le programme pr\u00e9cis n\u2019a pas encore \u00e9t\u00e9 communiqu\u00e9, mais tout indique qu\u2019elle accordera une attention particuli\u00e8re aux processus de restitution.<br \/>\u00a0<\/p>\n","protected":false},"excerpt":{"rendered":"Selon une information du New York Times, confirm\u00e9e par le mus\u00e9e au journal am\u00e9ricain, B\u00e9n\u00e9dicte Savoy occupera la&hellip;\n","protected":false},"author":2,"featured_media":367007,"comment_status":"","ping_status":"","sticky":false,"template":"","format":"standard","meta":{"footnotes":""},"categories":[1358],"tags":[1348,1384,1385,1386,58,59,1011,27],"class_list":{"0":"post-367006","1":"post","2":"type-post","3":"status-publish","4":"format-standard","5":"has-post-thumbnail","7":"category-arts-et-design","8":"tag-arts","9":"tag-arts-and-design","10":"tag-arts-et-design","11":"tag-design","12":"tag-divertissement","13":"tag-entertainment","14":"tag-fr","15":"tag-france"},"share_on_mastodon":{"url":"https:\/\/pubeurope.com\/@fr\/115149027711181326","error":""},"_links":{"self":[{"href":"https:\/\/www.europesays.com\/fr\/wp-json\/wp\/v2\/posts\/367006","targetHints":{"allow":["GET"]}}],"collection":[{"href":"https:\/\/www.europesays.com\/fr\/wp-json\/wp\/v2\/posts"}],"about":[{"href":"https:\/\/www.europesays.com\/fr\/wp-json\/wp\/v2\/types\/post"}],"author":[{"embeddable":true,"href":"https:\/\/www.europesays.com\/fr\/wp-json\/wp\/v2\/users\/2"}],"replies":[{"embeddable":true,"href":"https:\/\/www.europesays.com\/fr\/wp-json\/wp\/v2\/comments?post=367006"}],"version-history":[{"count":0,"href":"https:\/\/www.europesays.com\/fr\/wp-json\/wp\/v2\/posts\/367006\/revisions"}],"wp:featuredmedia":[{"embeddable":true,"href":"https:\/\/www.europesays.com\/fr\/wp-json\/wp\/v2\/media\/367007"}],"wp:attachment":[{"href":"https:\/\/www.europesays.com\/fr\/wp-json\/wp\/v2\/media?parent=367006"}],"wp:term":[{"taxonomy":"category","embeddable":true,"href":"https:\/\/www.europesays.com\/fr\/wp-json\/wp\/v2\/categories?post=367006"},{"taxonomy":"post_tag","embeddable":true,"href":"https:\/\/www.europesays.com\/fr\/wp-json\/wp\/v2\/tags?post=367006"}],"curies":[{"name":"wp","href":"https:\/\/api.w.org\/{rel}","templated":true}]}}