{"id":367020,"date":"2025-09-05T01:17:12","date_gmt":"2025-09-05T01:17:12","guid":{"rendered":"https:\/\/www.europesays.com\/fr\/367020\/"},"modified":"2025-09-05T01:17:12","modified_gmt":"2025-09-05T01:17:12","slug":"bernard-arnault-donatella-versace-miuccia-prada-jonathan-anderson-simon-jacquemus-les-reactions-du-monde-de-la-mode-a-la-disparition-de-giorgio-armani","status":"publish","type":"post","link":"https:\/\/www.europesays.com\/fr\/367020\/","title":{"rendered":"Bernard Arnault, Donatella Versace, Miuccia Prada, Jonathan Anderson, Simon Jacquemus&#8230; Les r\u00e9actions du monde de la mode \u00e0 la disparition de Giorgio Armani"},"content":{"rendered":"<p>Contact\u00e9s par Le Figaro, cr\u00e9ateurs et PDG de l\u2019industrie rendent hommage au visionnaire italien, d\u00e9c\u00e9d\u00e9 ce 4 septembre \u00e0 l\u2019\u00e2ge de 91 ans.<\/p>\n<p class=\"fig-paragraph\">Son style \u00e9l\u00e9gant et sans compromis a r\u00e9volutionn\u00e9 l\u2019allure de ses contemporains et influenc\u00e9 bon nombre de cr\u00e9ateurs actuels. Giorgio Armani s\u2019est \u00e9teint ce 4 septembre 2025, \u00e0 l\u2019\u00e2ge de 91 ans, un demi-si\u00e8cle apr\u00e8s la fondation de sa marque. Sa disparition a suscit\u00e9 de nombreuses r\u00e9actions dans l\u2019industrie. Contact\u00e9s par Le Figaro, cr\u00e9ateurs et PDG de maisons de luxe ont souhait\u00e9 lui rendre hommage.<\/p>\n<p><strong>Bernard Arnault, PDG du groupe LVMH<\/strong><\/p>\n<p class=\"fig-paragraph\">\u00ab Je suis profond\u00e9ment attrist\u00e9 par le d\u00e9c\u00e8s de Giorgio Armani, qui a donn\u00e9 \u00e0 l\u2019\u00e9l\u00e9gance italienne une port\u00e9e et une envergure mondiales. Il a cr\u00e9\u00e9 un style unique, fait d\u2019ombre et de lumi\u00e8re, qu\u2019il a su transformer en une aventure entrepreneuriale couronn\u00e9e d\u2019un large succ\u00e8s. Il \u00e9tait \u00e9galement un v\u00e9ritable ami et admirateur de la France. J\u2019adresse mes plus sinc\u00e8res condol\u00e9ances \u00e0 sa famille et \u00e0 ses proches.\u00bb<\/p>\n<p>    Giorgio Armani et Bernard Arnault en 2004<br \/>\n                Stefano Rellandini \/ REUTERS<\/p>\n<p>                                    <a class=\"fig-a11y-skip a11y-hidden\" href=\"#fig-a11y-skip-main-inarticle\"><br \/>\n        Passer la publicit\u00e9<br \/>\n    <\/a><\/p>\n<p>Delphine Arnault, PDG de Dior<\/p>\n<p class=\"fig-paragraph\">\u00ab Je suis profond\u00e9ment attrist\u00e9e par le d\u00e9c\u00e8s de Monsieur Giorgio Armani, pour qui j\u2019avais une immense admiration. Il \u00e9tait \u00e0 la fois un cr\u00e9ateur exceptionnel et un entrepreneur extraordinaire. Il \u00e9tait l\u2019\u00e9l\u00e9gance incarn\u00e9e. Le monde de la mode perd un grand Monsieur.\u00bb<\/p>\n<p>    Delphine Arnault<br \/>\n                Dior<\/p>\n<p>Miuccia Prada et Patrizio Bertelli, fondateurs du Prada Group<\/p>\n<p class=\"fig-paragraph\">\u00abC\u2019est avec une profonde tristesse que nous avons appris le d\u00e9c\u00e8s de Giorgio Armani, un maestro reconnu pour son \u00e9l\u00e9gance et sa cr\u00e9ativit\u00e9, protagoniste incontest\u00e9 de la mode italienne et internationale. Sa contribution durable restera \u00e0 jamais grav\u00e9e dans l\u2019histoire de la mode et dans la m\u00e9moire de tous ceux qui l\u2019admiraient.\u00bb<\/p>\n<p>    Miuccia Prada et Patrizio Bertelli<br \/>\n                Getty Images<\/p>\n<p>Raf Simons, codirecteur artistique de Prada<\/p>\n<p class=\"fig-paragraph\">\u00abJe suis profond\u00e9ment attrist\u00e9 par le d\u00e9c\u00e8s de Giorgio Armani, un visionnaire dont le g\u00e9nie cr\u00e9atif a d\u00e9fini l\u2019\u00e9l\u00e9gance et le raffinement dans le domaine de la mode. Son travail a inspir\u00e9 des g\u00e9n\u00e9rations de cr\u00e9ateurs \u00e0 travers le monde, et son h\u00e9ritage durable restera une pierre angulaire de l\u2019histoire de la mode.\u00bb<\/p>\n<p>    Raf Simons<br \/>\n                Raf Simons<\/p>\n<p>Matthieu Blazy, directeur artistique de Chanel<\/p>\n<p class=\"fig-paragraph\">\u00abPour ma g\u00e9n\u00e9ration, Giorgio Armani a \u00e9t\u00e9 une v\u00e9ritable source d\u2019inspiration. Nous perdons l\u2019un des plus grands innovateurs et visionnaires de notre \u00e9poque. Son style lui survivra et continuera de transcender le temps.\u00bb<\/p>\n<p>    Matthieu Blazy, directeur artistique de Chanel<br \/>\n                Chanel<\/p>\n<p><strong>Donatella Versace, cr\u00e9atrice<\/strong><\/p>\n<p class=\"fig-paragraph\">\u00ab Le monde a perdu un g\u00e9ant aujourd\u2019hui. Il a marqu\u00e9 l\u2019histoire et restera \u00e0 jamais dans les m\u00e9moires.\u00a0\u00bb<\/p>\n<p>    Giorgio Armani et Donatella Versace en 2004<br \/>\n                Getty<\/p>\n<p>                                    <a class=\"fig-a11y-skip a11y-hidden\" href=\"#fig-a11y-skip-main-inarticle_mtf\"><br \/>\n        Passer la publicit\u00e9<br \/>\n    <\/a><\/p>\n<p>Jonathan Anderson, directeur artistique de Dior<\/p>\n<p class=\"fig-paragraph\">\u00ab Je suis profond\u00e9ment attrist\u00e9 d\u2019apprendre la disparition de Giorgio Armani. Ayant moi-m\u00eame commenc\u00e9 ma carri\u00e8re en concevant des vitrines avant de cr\u00e9er ma propre marque, son histoire m\u2019a profond\u00e9ment inspir\u00e9. Cela me rend encore plus admiratif de tout ce qu\u2019il a accompli. Il a non seulement b\u00e2ti un empire, mais il a aussi marqu\u00e9 l\u2019histoire de la mode. Il nous manquera beaucoup, et son influence sur la mode restera grav\u00e9e dans nos m\u00e9moires\u00a0\u00bb<\/p>\n<p>    Jonathan Anderson<br \/>\n                David Sims<\/p>\n<p><strong>Simon Porte Jacquemus, cr\u00e9ateur<\/strong><\/p>\n<p class=\"fig-paragraph\">\u00ab J\u2019ai toujours pens\u00e9 que Giorgio Armani \u00e9tait un g\u00e9nie, sur le plan personnel comme professionnel. Je suis un grand collectionneur de ses archives, surtout de ses collections homme que je porte quotidiennement&#8230; Son go\u00fbt impeccable, ses maisons, ses campagnes, son sens de la beaut\u00e9 et son ind\u00e9pendance m\u2019ont toujours inspir\u00e9, et cela pour toujours\u2026 Forever Giorgio.\u00bb<\/p>\n<p>    Simon Porte Jacquemus<br \/>\n                Jacquemus<\/p>\n<p><strong>Sir Paul Smith, cr\u00e9ateur<\/strong><\/p>\n<p class=\"fig-paragraph\">\u00abC\u2019est avec une grande tristesse que j\u2019ai appris le d\u00e9c\u00e8s de M. Armani, un ami cher et coll\u00e8gue designer. Il a \u00e9t\u00e9 une source in\u00e9puisable de force et de cr\u00e9ativit\u00e9 pendant de nombreuses ann\u00e9es. Sa constance, son pragmatisme et sa capacit\u00e9 \u00e0 rester une entreprise ind\u00e9pendante non cot\u00e9e en Bourse ont toujours \u00e9t\u00e9 une grande source d\u2019inspiration.\u00bb<\/p>\n<p>    Paul Smith et Giorgio Armani en 2022<br \/>\n                TBC<\/p>\n<p>David Lauren, fils de Ralph Lauren et vice-pr\u00e9sident de la marque<\/p>\n<p class=\"fig-paragraph\">\u00abGiorgio Armani \u00e9tait une v\u00e9ritable ic\u00f4ne\u00a0: une vision singuli\u00e8re, une identit\u00e9 in\u00e9branlable et une capacit\u00e9 d\u2019inspiration in\u00e9gal\u00e9e. Rares sont ceux qui atteignent ce niveau exceptionnel, et il en faisait partie. Lors de ma premi\u00e8re rencontre, il m\u2019a accueillie avec une accolade, puis a imm\u00e9diatement remarqu\u00e9 les d\u00e9tails de mon costume Ralph Lauren et a invit\u00e9 son \u00e9quipe \u00e0 venir l\u2019admirer. Cela t\u00e9moignait de sa g\u00e9n\u00e9rosit\u00e9, de son respect pour le talent artistique d\u2019autrui et de sa confiance tranquille en lui. Armani n\u2019a jamais rivalis\u00e9 avec Ralph Lauren ; il l\u2019admirait, comme nous admirions Armani. Il nous manquera \u00e0 tous.\u00bb<\/p>\n<p>    David Lauren, fils de Ralph Lauren et vice-pr\u00e9sident de la marque<br \/>\n                Ralph Lauren<\/p>\n","protected":false},"excerpt":{"rendered":"Contact\u00e9s par Le Figaro, cr\u00e9ateurs et PDG de l\u2019industrie rendent hommage au visionnaire italien, d\u00e9c\u00e9d\u00e9 ce 4 septembre&hellip;\n","protected":false},"author":2,"featured_media":367021,"comment_status":"","ping_status":"","sticky":false,"template":"","format":"standard","meta":{"footnotes":""},"categories":[8],"tags":[58,59,1011,27,7483],"class_list":{"0":"post-367020","1":"post","2":"type-post","3":"status-publish","4":"format-standard","5":"has-post-thumbnail","7":"category-divertissement","8":"tag-divertissement","9":"tag-entertainment","10":"tag-fr","11":"tag-france","12":"tag-giorgio-armani"},"share_on_mastodon":{"url":"https:\/\/pubeurope.com\/@fr\/115149055314991191","error":""},"_links":{"self":[{"href":"https:\/\/www.europesays.com\/fr\/wp-json\/wp\/v2\/posts\/367020","targetHints":{"allow":["GET"]}}],"collection":[{"href":"https:\/\/www.europesays.com\/fr\/wp-json\/wp\/v2\/posts"}],"about":[{"href":"https:\/\/www.europesays.com\/fr\/wp-json\/wp\/v2\/types\/post"}],"author":[{"embeddable":true,"href":"https:\/\/www.europesays.com\/fr\/wp-json\/wp\/v2\/users\/2"}],"replies":[{"embeddable":true,"href":"https:\/\/www.europesays.com\/fr\/wp-json\/wp\/v2\/comments?post=367020"}],"version-history":[{"count":0,"href":"https:\/\/www.europesays.com\/fr\/wp-json\/wp\/v2\/posts\/367020\/revisions"}],"wp:featuredmedia":[{"embeddable":true,"href":"https:\/\/www.europesays.com\/fr\/wp-json\/wp\/v2\/media\/367021"}],"wp:attachment":[{"href":"https:\/\/www.europesays.com\/fr\/wp-json\/wp\/v2\/media?parent=367020"}],"wp:term":[{"taxonomy":"category","embeddable":true,"href":"https:\/\/www.europesays.com\/fr\/wp-json\/wp\/v2\/categories?post=367020"},{"taxonomy":"post_tag","embeddable":true,"href":"https:\/\/www.europesays.com\/fr\/wp-json\/wp\/v2\/tags?post=367020"}],"curies":[{"name":"wp","href":"https:\/\/api.w.org\/{rel}","templated":true}]}}