{"id":367026,"date":"2025-09-05T01:20:13","date_gmt":"2025-09-05T01:20:13","guid":{"rendered":"https:\/\/www.europesays.com\/fr\/367026\/"},"modified":"2025-09-05T01:20:13","modified_gmt":"2025-09-05T01:20:13","slug":"donald-trump-renomme-le-ministere-de-la-defense-en-ministere-de-la-guerre","status":"publish","type":"post","link":"https:\/\/www.europesays.com\/fr\/367026\/","title":{"rendered":"Donald Trump renomme le minist\u00e8re de la D\u00e9fense en minist\u00e8re de la Guerre"},"content":{"rendered":"<p>Vendredi, le pr\u00e9sident des \u00c9tats-Unis signera un d\u00e9cret visant \u00e0 rebaptiser le ministre de la D\u00e9fense en minist\u00e8re de la Guerre, a fait savoir un responsable de la Maison-Blanche.<\/p>\n<p class=\"fig-paragraph\"><a href=\"https:\/\/www.lefigaro.fr\/tag\/donald-trump\" target=\"_blank\" rel=\"sponsored noopener nofollow\" data-gtm-custom-categorie=\"navigation\" data-gtm-custom-action=\"crossclick\" data-gtm-custom-label=\"Contextuel\" data-gtm-event=\"customEventSPE\">Donald Trump<\/a>\u00a0pr\u00e9voit de signer vendredi un d\u00e9cret visant \u00e0 renommer le ministre de la D\u00e9fense en minist\u00e8re de la Guerre, comme il l\u2019avait r\u00e9cemment promis, a annonc\u00e9 jeudi la Maison-Blanche. Ce d\u00e9cret du pr\u00e9sident des \u00c9tats-Unis est destin\u00e9 \u00e0 \u00abr\u00e9tablir le nom historique de minist\u00e8re de la Guerre\u00bb et enjoint au ministre de prendre toutes les mesures pour \u00abrenommer de mani\u00e8re d\u00e9finitive le minist\u00e8re am\u00e9ricain de la D\u00e9fense en minist\u00e8re de la Guerre\u00bb, a pr\u00e9cis\u00e9 la Maison-Blanche dans un document transmis \u00e0 l\u2019AFP.<\/p>\n<p class=\"fig-paragraph\">S\u2019il s\u2019agit pour l\u2019instant d\u2019une appellation suppl\u00e9mentaire, le d\u00e9cret enjoint au secr\u00e9taire de la D\u00e9fense Pete Hegseth de prendre toutes les mesures, notamment aupr\u00e8s du pouvoir l\u00e9gislatif, pour \u00abrenommer de mani\u00e8re d\u00e9finitive le minist\u00e8re am\u00e9ricain de la D\u00e9fense en minist\u00e8re de la Guerre\u00bb, a pr\u00e9cis\u00e9 la Maison-Blanche dans ce document. Un changement de nom qui sera co\u00fbteux et n\u00e9cessitera la mise \u00e0 jour des panneaux et des en-t\u00eates de documents utilis\u00e9s non seulement par les responsables du Pentagone \u00e0 Washington, mais aussi par les installations militaires dans le monde entier.<\/p>\n<p>                                    <a class=\"fig-a11y-skip a11y-hidden\" href=\"#fig-a11y-skip-main-inarticle\"><br \/>\n        Passer la publicit\u00e9<br \/>\n    <\/a><\/p>\n<p>\u00abD\u00e9fense, c\u2019est trop d\u00e9fensif\u00bb<\/p>\n<p class=\"fig-paragraph\">Fin ao\u00fbt, Donald Trump avait fait part de ce projet qui restaurerait une appellation qui a exist\u00e9 de 1789 \u00e0 1949. \u00abD\u00e9fense, c\u2019est trop d\u00e9fensif, et nous voulons aussi \u00eatre offensifs\u00bb, avait-il d\u00e9clar\u00e9 \u00e0 la presse, en laissant entendre qu\u2019il n\u2019aurait pas besoin d\u2019un vote du Congr\u00e8s pour proc\u00e9der au changement.<\/p>\n<p class=\"fig-paragraph\">\u00abLe pr\u00e9sident estime que ce minist\u00e8re devrait porter un nom qui refl\u00e8te sa puissance sans \u00e9gale et sa capacit\u00e9 \u00e0 prot\u00e9ger les int\u00e9r\u00eats nationaux\u00bb, a justifi\u00e9 la Maison-Blanche, les \u00c9tats-Unis poss\u00e9dant la plus grande arm\u00e9e du monde. Selon elle, il s\u2019agit de faire r\u00e9gner \u00abla paix par la force\u00bb et de veiller \u00e0 ce que \u00able monde respecte \u00e0 nouveau les \u00c9tats-Unis\u00bb, reprenant le discours habituel de Donald Trump sur les relations internationales.<\/p>\n<p class=\"fig-paragraph\">Depuis son retour \u00e0 la Maison Blanche en janvier, ce dernier a mobilis\u00e9 l\u2019arm\u00e9e pour imposer une image de puissance spectaculaire, d\u2019un rare d\u00e9fil\u00e9 militaire le jour de son anniversaire au d\u00e9ploiement de la Garde nationale dans des villes dirig\u00e9es par ses opposants, en passant par une frappe exceptionnelle contre un bateau dans les Cara\u00efbes dans le cadre de la lutte affich\u00e9e contre le narcotrafic.<\/p>\n<p class=\"fig-paragraph\">Les opposants d\u00e9mocrates d\u00e9noncent r\u00e9guli\u00e8rement ce recours \u00e0 l\u2019arm\u00e9e, qu\u2019ils associent \u00e0 ce qu\u2019ils estiment \u00eatre une d\u00e9rive autoritaire du pouvoir sous le pr\u00e9sident Trump.<\/p>\n","protected":false},"excerpt":{"rendered":"Vendredi, le pr\u00e9sident des \u00c9tats-Unis signera un d\u00e9cret visant \u00e0 rebaptiser le ministre de la D\u00e9fense en minist\u00e8re&hellip;\n","protected":false},"author":2,"featured_media":367027,"comment_status":"","ping_status":"","sticky":false,"template":"","format":"standard","meta":{"footnotes":""},"categories":[5],"tags":[11,75,1011,27,14,12,28],"class_list":{"0":"post-367026","1":"post","2":"type-post","3":"status-publish","4":"format-standard","5":"has-post-thumbnail","7":"category-international","8":"tag-actualites","9":"tag-donald-trump","10":"tag-fr","11":"tag-france","12":"tag-international","13":"tag-news","14":"tag-world"},"share_on_mastodon":{"url":"https:\/\/pubeurope.com\/@fr\/115149067006512199","error":""},"_links":{"self":[{"href":"https:\/\/www.europesays.com\/fr\/wp-json\/wp\/v2\/posts\/367026","targetHints":{"allow":["GET"]}}],"collection":[{"href":"https:\/\/www.europesays.com\/fr\/wp-json\/wp\/v2\/posts"}],"about":[{"href":"https:\/\/www.europesays.com\/fr\/wp-json\/wp\/v2\/types\/post"}],"author":[{"embeddable":true,"href":"https:\/\/www.europesays.com\/fr\/wp-json\/wp\/v2\/users\/2"}],"replies":[{"embeddable":true,"href":"https:\/\/www.europesays.com\/fr\/wp-json\/wp\/v2\/comments?post=367026"}],"version-history":[{"count":0,"href":"https:\/\/www.europesays.com\/fr\/wp-json\/wp\/v2\/posts\/367026\/revisions"}],"wp:featuredmedia":[{"embeddable":true,"href":"https:\/\/www.europesays.com\/fr\/wp-json\/wp\/v2\/media\/367027"}],"wp:attachment":[{"href":"https:\/\/www.europesays.com\/fr\/wp-json\/wp\/v2\/media?parent=367026"}],"wp:term":[{"taxonomy":"category","embeddable":true,"href":"https:\/\/www.europesays.com\/fr\/wp-json\/wp\/v2\/categories?post=367026"},{"taxonomy":"post_tag","embeddable":true,"href":"https:\/\/www.europesays.com\/fr\/wp-json\/wp\/v2\/tags?post=367026"}],"curies":[{"name":"wp","href":"https:\/\/api.w.org\/{rel}","templated":true}]}}