{"id":367028,"date":"2025-09-05T01:21:09","date_gmt":"2025-09-05T01:21:09","guid":{"rendered":"https:\/\/www.europesays.com\/fr\/367028\/"},"modified":"2025-09-05T01:21:09","modified_gmt":"2025-09-05T01:21:09","slug":"nous-sommes-profondement-desoles-les-organisateurs-de-la-rave-party-dans-laude-font-leur-mea-culpa-liberation","status":"publish","type":"post","link":"https:\/\/www.europesays.com\/fr\/367028\/","title":{"rendered":"\u00abNous sommes profond\u00e9ment d\u00e9sol\u00e9s\u00bb : les organisateurs de la rave party dans l\u2019Aude font leur mea culpa &#8211; Lib\u00e9ration"},"content":{"rendered":"<ol>\n<li><a href=\"https:\/\/news.google.com\/rss\/articles\/CBMi_gFBVV95cUxOYVJBc3IySS1LSDRhWTNmT1puV2lKOGJONlNvNHBRSTU2b3VUdnF1Zm5sU1RUVFhIeTVkdGt0Ry14bmU0VWl4RFRNMVhZMHFXMmZfTkRVY3ctMWR6QmZ4YzhaUS1GX2RXbnJmOTdFRGxKTDUxdHVDZFJiQVVOcDNsZmFENDBRZmRwVkpqRkVfR0xla21XblE2SHFpMUNsai1EU1l0R1pkdzcyQ3dIMjlEQ1AyYml0ODdWYkJWdzdQRFR6Yk9ubVdEZzhzSWdMRHRBSDZOeC1Ga1JLMFY5bmN6RDJGY0R0dVFvajRSTWdVbEtWbDFLV0dyd2xZS1ZzUQ?oc=5\" target=\"_blank\" rel=\"nofollow noopener\">\u00abNous sommes profond\u00e9ment d\u00e9sol\u00e9s\u00bb : les organisateurs de la rave party dans l\u2019Aude font leur mea culpa<\/a>&nbsp;&nbsp;Lib\u00e9ration<\/li>\n<li><a href=\"https:\/\/news.google.com\/rss\/articles\/CBMiwwFBVV95cUxQdGhxWk1xRVFnejExWmc5TmZ1Z0laYkZFVXJRZFVINUhYQUFvbWpYVXhYbHEyVWhteERlR25TcER2MUt1NlJQRklFZ0dhY0puNEhPV3VpMWVRUmlIeHI0b2ltV3FXQTQ3blBnWGY5eGViZ2NMRU85U2l3ckVIYmVXQ1BLZE80NF8tRURuOUZ0SWU1ZmJ3MTJKY2JLakZFc25TcGd5UlpYaTBTaXNHQndrb2xTYjRYWWItakhONjNldURHMHM?oc=5\" target=\"_blank\" rel=\"nofollow noopener\">Les organisateurs de la rave dans l\u2019Aude s\u2019excusent envers les sinistr\u00e9s<\/a>&nbsp;&nbsp;20 Minutes<\/li>\n<li><a href=\"https:\/\/news.google.com\/rss\/articles\/CBMinwJBVV95cUxOblhON1NZakVrQnhRYm5SR3hfMjhPMGZVU2VyZ21Wd3JEVEZtSTA1SHVYWWZRTnRWVngwdU5oVUp2cXdCNFFmcUJRbTlkcWs5bF9TSk9tbHhRallrTXhtQlFUekllYmFYblJOdWpnaURRQkczYXdSZFpLdi0wUlYxcFQ3NFU2eXZKZEJPUE5FOEdvTVNEdVhmd3hSVGNiUjlaNEpVcTZQRkdvOGlLUnM0ZWJMSElhZ2p2bXh4S2FjOEhuRmNtTDFUVVZta2dlWTJMNDRVeHFZNjFTRW9LSDU1NE5fS0lZMFRXbkVSdHp5Z0VRNzE3UFVMdGhfX2Y0QXk0OUltUkxpZlE4bEgwbEVQWFNodlRDd3VVdTltcjdYdw?oc=5\" target=\"_blank\" rel=\"nofollow noopener\">\u00ab Au moins, ils ne reviendront pas \u00bb : dans l\u2019Aude les \u00ab teufeurs \u00bb de la \u00ab rave-party de la honte \u00bb d\u00e9gag\u00e9s par les viticulteurs<\/a>&nbsp;&nbsp;Le Parisien<\/li>\n<li><a href=\"https:\/\/news.google.com\/rss\/articles\/CBMi7wFBVV95cUxPRTZFWmxWcE1GdmlRRnBEa3dnYnNIU3hiTDhQM2xBb2hFRk1mREpFZWJmQk5Kd0lLdjZPck4xMGNacTBzUDlMQXRta05ZdEVXUWVMZzBQNEhPYjMyNjdpWHVKeGJRR0hCZzBYUGdFMTh0Znc4YmpodW8xa1ZjMUQwT3RvcGdOUlFCWVVIQkc5SUFmQXZqLTJ1aFRSeWhjWE9ZM0ZjaUs1cUZvZjljOVA2T2JOQmNYRWFydzA4S2hGZk9PZnZFcnN6b0tpWkJrbEpVR01JenB5YjlEMnhkRDd2OWFqd3VMNzRmNDAwMHhlOA?oc=5\" target=\"_blank\" rel=\"nofollow noopener\">\u00ab\u00a0Immoral\u00a0\u00bb : apr\u00e8s la rave-party sur les lieux de l&rsquo;incendie de l&rsquo;Aude, les viticulteurs ne d\u00e9col\u00e8rent pas<\/a>&nbsp;&nbsp;La Provence<\/li>\n<li><a href=\"https:\/\/news.google.com\/rss\/articles\/CBMi4gFBVV95cUxOYi1UWXBrYURDLS0xZXEyR3A2VDljVGYtS2pFamJ3UmxlU3lsOFlMNW9KaHJBM1NScGE5bVF0U2RKQUY2LWZJXzd0QjBXaWNHeFMtdlFibjlhLTRlbjMxZFJPdlNLbkJtNkFNRzVMNGhtT3YzbC12bGttZFE0QUNGSTF3Y094dlc4WEVFQm1uZ2J5UzdhdnRfaHl0ai1MUVZvOHp6OWN0bmJSbERQM3RkZTFzQmx3Q2hNRmQwNVgwdTJ0aFR6UjZxNXZER3ZoYUpFNGVqb1NtTXVxbEhYYVhpZGxn?oc=5\" target=\"_blank\" rel=\"nofollow noopener\">Aude : fin du rassemblement musical ill\u00e9gal sous surveillance des forces de l\u2019ordre<\/a>&nbsp;&nbsp;Gendarmerie nationale<\/li>\n<\/ol>\n","protected":false},"excerpt":{"rendered":"\u00abNous sommes profond\u00e9ment d\u00e9sol\u00e9s\u00bb : les organisateurs de la rave party dans l\u2019Aude font leur mea culpa&nbsp;&nbsp;Lib\u00e9ration Les&hellip;\n","protected":false},"author":2,"featured_media":1445,"comment_status":"","ping_status":"","sticky":false,"template":"","format":"standard","meta":{"footnotes":""},"categories":[4],"tags":[11,1011,27,12,25],"class_list":{"0":"post-367028","1":"post","2":"type-post","3":"status-publish","4":"format-standard","5":"has-post-thumbnail","7":"category-france","8":"tag-actualites","9":"tag-fr","10":"tag-france","11":"tag-news","12":"tag-republique-francaise"},"share_on_mastodon":{"url":"https:\/\/pubeurope.com\/@fr\/115149070944736656","error":""},"_links":{"self":[{"href":"https:\/\/www.europesays.com\/fr\/wp-json\/wp\/v2\/posts\/367028","targetHints":{"allow":["GET"]}}],"collection":[{"href":"https:\/\/www.europesays.com\/fr\/wp-json\/wp\/v2\/posts"}],"about":[{"href":"https:\/\/www.europesays.com\/fr\/wp-json\/wp\/v2\/types\/post"}],"author":[{"embeddable":true,"href":"https:\/\/www.europesays.com\/fr\/wp-json\/wp\/v2\/users\/2"}],"replies":[{"embeddable":true,"href":"https:\/\/www.europesays.com\/fr\/wp-json\/wp\/v2\/comments?post=367028"}],"version-history":[{"count":0,"href":"https:\/\/www.europesays.com\/fr\/wp-json\/wp\/v2\/posts\/367028\/revisions"}],"wp:featuredmedia":[{"embeddable":true,"href":"https:\/\/www.europesays.com\/fr\/wp-json\/wp\/v2\/media\/1445"}],"wp:attachment":[{"href":"https:\/\/www.europesays.com\/fr\/wp-json\/wp\/v2\/media?parent=367028"}],"wp:term":[{"taxonomy":"category","embeddable":true,"href":"https:\/\/www.europesays.com\/fr\/wp-json\/wp\/v2\/categories?post=367028"},{"taxonomy":"post_tag","embeddable":true,"href":"https:\/\/www.europesays.com\/fr\/wp-json\/wp\/v2\/tags?post=367028"}],"curies":[{"name":"wp","href":"https:\/\/api.w.org\/{rel}","templated":true}]}}