{"id":367030,"date":"2025-09-05T01:23:17","date_gmt":"2025-09-05T01:23:17","guid":{"rendered":"https:\/\/www.europesays.com\/fr\/367030\/"},"modified":"2025-09-05T01:23:17","modified_gmt":"2025-09-05T01:23:17","slug":"orages-de-grele-dans-la-loire-les-images-des-rues-inondees-dans-cette-commune","status":"publish","type":"post","link":"https:\/\/www.europesays.com\/fr\/367030\/","title":{"rendered":"Orages de gr\u00eale dans la Loire : les images des rues inond\u00e9es dans cette commune"},"content":{"rendered":"<p>Ce jeudi 4 septembre, des orages s&rsquo;abattent sur toute la France. Dans la Loire, de fortes pr\u00e9cipitations et de la gr\u00eale ont touch\u00e9 la commune de Saint-Chamond, inondant certaines rues.<\/p>\n<p>La Loire sous la pluie et la gr\u00eale. Ce jeudi 4 septembre, le d\u00e9partement est plac\u00e9 en vigilance jaune en raison des orages.<\/p>\n<p>Des averses de gr\u00eale \u00e0 Saint-Chamond !<\/p>\n<p>\u00c0 <b>Saint-Chamond<\/b>, de fortes pluies et de la gr\u00eale se sont abattues ce jeudi matin. Des rues se sont retrouv\u00e9es partiellement inond\u00e9es.<\/p>\n<p>Sur sa page Facebook, la Ville publie des photos de la gr\u00eale tomb\u00e9e au cours des averses.<\/p>\n<p>Les agents de la Ville ont \u00e9t\u00e9 d\u00e9ploy\u00e9s pour ramasser tous les gr\u00ealons qui recouvraient la chauss\u00e9e, \u00e0 l&rsquo;aide de balais, de pelles et d&rsquo;engins de d\u00e9blaiement.<\/p>\n<p>La mairie pr\u00e9vient d&rsquo;ailleurs les habitants que d&rsquo;autres averses sont attendues cet apr\u00e8s-midi dans le secteur.<\/p>\n<p>La vigilance jaune \u00ab\u00a0orages\u00a0\u00bb est activ\u00e9e dans la Loire <b>jusqu&rsquo;\u00e0 21h<\/b> ce jeudi.<\/p>\n<p><img loading=\"lazy\" decoding=\"async\" src=\"https:\/\/www.europesays.com\/fr\/wp-content\/uploads\/2025\/09\/1757035397_389_img\" width=\"350\" height=\"200\" border=\"0\" title=\"Des orages dans la r\u00c3\u00a9gion\"\/><\/p>\n<p>\u25baM\u00e9t\u00e9o<\/p>\n<p style=\"font-size: 22px;\"><b>Auvergne-Rh\u00f4ne-Alpes : la vigilance orange aux orages activ\u00e9e<\/b><\/p>\n<p>La vigilance orange aux orages est activ\u00e9e ce jeudi&#8230;<\/p>\n<p><\/p>\n","protected":false},"excerpt":{"rendered":"Ce jeudi 4 septembre, des orages s&rsquo;abattent sur toute la France. Dans la Loire, de fortes pr\u00e9cipitations et&hellip;\n","protected":false},"author":2,"featured_media":367031,"comment_status":"","ping_status":"","sticky":false,"template":"","format":"standard","meta":{"footnotes":""},"categories":[9653],"tags":[1111,11,2430,1777,674,1011,27,17613,3367,12,4594,25,9669,4001,50144],"class_list":{"0":"post-367030","1":"post","2":"type-post","3":"status-publish","4":"format-standard","5":"has-post-thumbnail","7":"category-saint-etienne","8":"tag-actu","9":"tag-actualites","10":"tag-auvergne-rhone-alpes","11":"tag-eu","12":"tag-europe","13":"tag-fr","14":"tag-france","15":"tag-grle","16":"tag-loire","17":"tag-news","18":"tag-orages","19":"tag-republique-francaise","20":"tag-saint-chamond","21":"tag-saint-etienne","22":"tag-vigilance-jaune"},"share_on_mastodon":{"url":"https:\/\/pubeurope.com\/@fr\/115149079235490132","error":""},"_links":{"self":[{"href":"https:\/\/www.europesays.com\/fr\/wp-json\/wp\/v2\/posts\/367030","targetHints":{"allow":["GET"]}}],"collection":[{"href":"https:\/\/www.europesays.com\/fr\/wp-json\/wp\/v2\/posts"}],"about":[{"href":"https:\/\/www.europesays.com\/fr\/wp-json\/wp\/v2\/types\/post"}],"author":[{"embeddable":true,"href":"https:\/\/www.europesays.com\/fr\/wp-json\/wp\/v2\/users\/2"}],"replies":[{"embeddable":true,"href":"https:\/\/www.europesays.com\/fr\/wp-json\/wp\/v2\/comments?post=367030"}],"version-history":[{"count":0,"href":"https:\/\/www.europesays.com\/fr\/wp-json\/wp\/v2\/posts\/367030\/revisions"}],"wp:featuredmedia":[{"embeddable":true,"href":"https:\/\/www.europesays.com\/fr\/wp-json\/wp\/v2\/media\/367031"}],"wp:attachment":[{"href":"https:\/\/www.europesays.com\/fr\/wp-json\/wp\/v2\/media?parent=367030"}],"wp:term":[{"taxonomy":"category","embeddable":true,"href":"https:\/\/www.europesays.com\/fr\/wp-json\/wp\/v2\/categories?post=367030"},{"taxonomy":"post_tag","embeddable":true,"href":"https:\/\/www.europesays.com\/fr\/wp-json\/wp\/v2\/tags?post=367030"}],"curies":[{"name":"wp","href":"https:\/\/api.w.org\/{rel}","templated":true}]}}