{"id":367032,"date":"2025-09-05T01:24:12","date_gmt":"2025-09-05T01:24:12","guid":{"rendered":"https:\/\/www.europesays.com\/fr\/367032\/"},"modified":"2025-09-05T01:24:12","modified_gmt":"2025-09-05T01:24:12","slug":"large-victoire-pour-strahinja-stojkovic-passeur-decisif","status":"publish","type":"post","link":"https:\/\/www.europesays.com\/fr\/367032\/","title":{"rendered":"Large victoire pour Strahinja Stojkovic, passeur d\u00e9cisif !"},"content":{"rendered":"<p data-start=\"332\" data-end=\"566\"><strong data-start=\"332\" data-end=\"566\">Strahinja Stojkovi\u0107, jeune lat\u00e9ral de l\u2019AS Saint-\u00c9tienne, a rejoint <a href=\"https:\/\/www.sofascore.com\/fr\/equipe\/football\/serbia-u19\/22556\" target=\"_blank\" rel=\"noopener nofollow\">la s\u00e9lection serbe U19<\/a> pour participer au <a href=\"https:\/\/peuple-vert.fr\/asse-actualite\/stojkovic-asse-serbie-u19\/\" rel=\"nofollow noopener\" target=\"_blank\">tournoi international \u00ab\u00a0Stevan \u0106ele Viloti\u0107\u00a0\u00bb.<\/a> Une belle opportunit\u00e9 de progression pour le joueur form\u00e9 \u00e0 l&rsquo;\u00c9toile Rouge.<\/strong><\/p>\n<p data-start=\"617\" data-end=\"928\">Du 4 au 9 septembre, la Serbie U19 dispute le tournoi \u00ab\u00a0Stevan \u0106ele Viloti\u0107\u00a0\u00bb. C&rsquo;est un rendez-vous traditionnel du football de jeunes en Europe de l\u2019Est. \u00c0 quelques semaines du premier tour qualificatif pour l\u2019Euro 2026 U19, cette comp\u00e9tition sert de r\u00e9p\u00e9tition. Elle est une v\u00e9ritable grandeur nature pour les nations engag\u00e9es.<\/p>\n<p data-start=\"930\" data-end=\"1209\">Gordan Petri, le s\u00e9lectionneur serbe, a convoqu\u00e9 24 joueurs pour cette \u00e9dition, dont Strahinja Stojkovi\u0107. Arriv\u00e9 \u00e0 l\u2019ASSE d\u00e9but ao\u00fbt, le d\u00e9fenseur droit de 18 ans poursuit ainsi son d\u00e9veloppement \u00e0 l\u2019\u00e9chelle internationale, d\u00e9j\u00e0 fort de plusieurs s\u00e9lections dans cette cat\u00e9gorie.<\/p>\n<p>Trois matchs au programme pour la Serbie<\/p>\n<p data-start=\"1262\" data-end=\"1608\">La s\u00e9lection serbe d\u00e9butait le tournoi ce jeudi 4 septembre face au Mont\u00e9n\u00e9gro (16h30, Kula). Deux autres rencontres suivront. La premi\u00e8re est contre la Hongrie le 6 septembre (17h00, Subotica). Puis, ils joueront face au Portugal le 9 septembre (17h00, Subotica). Trois adversaires aux profils vari\u00e9s offriront une opposition int\u00e9ressante \u00e0 la jeune g\u00e9n\u00e9ration serbe.<\/p>\n<p data-start=\"1610\" data-end=\"1808\">Dans un groupe tr\u00e8s observ\u00e9, Stojkovi\u0107 pourrait avoir l\u2019opportunit\u00e9 de gagner du temps de jeu et de marquer des points dans la hi\u00e9rarchie nationale, dans la continuit\u00e9 de sa progression avec l\u2019ASSE.<\/p>\n<p><strong data-start=\"1819\" data-end=\"1845\">R\u00e9sum\u00e9 de la rencontre de Stojkovi\u0107<\/strong><\/p>\n<p>Titulaire au coup d&rsquo;envoi, le n\u00e9o-st\u00e9phanois s&rsquo;est largement impos\u00e9 avec son \u00e9quipe. Une victoire sans appel de 4-0 pour les jeunes serbes. Les buteurs de cette rencontre sont Srdjan Borovina qui a inscrit un doubl\u00e9 en premier mi-temps. Aussi, Jovan Milosavljevic et Uros Djordjevic se sont mu\u00e9 en buteur lors de la seconde p\u00e9riode. Le st\u00e9phanois s&rsquo;est m\u00eame offert le luxe de d\u00e9livrer une passe d\u00e9cisive. Un d\u00e9but parfait qui demandera donc confirmation d\u00e8s le match face \u00e0 la Hongrie ce samedi \u00e0 Subotica !<\/p>\n","protected":false},"excerpt":{"rendered":"Strahinja Stojkovi\u0107, jeune lat\u00e9ral de l\u2019AS Saint-\u00c9tienne, a rejoint la s\u00e9lection serbe U19 pour participer au tournoi international&hellip;\n","protected":false},"author":2,"featured_media":367033,"comment_status":"","ping_status":"","sticky":false,"template":"","format":"standard","meta":{"footnotes":""},"categories":[9653],"tags":[1111,11,2430,1777,674,1011,27,12,25,4001],"class_list":{"0":"post-367032","1":"post","2":"type-post","3":"status-publish","4":"format-standard","5":"has-post-thumbnail","7":"category-saint-etienne","8":"tag-actu","9":"tag-actualites","10":"tag-auvergne-rhone-alpes","11":"tag-eu","12":"tag-europe","13":"tag-fr","14":"tag-france","15":"tag-news","16":"tag-republique-francaise","17":"tag-saint-etienne"},"share_on_mastodon":{"url":"https:\/\/pubeurope.com\/@fr\/115149082794050435","error":""},"_links":{"self":[{"href":"https:\/\/www.europesays.com\/fr\/wp-json\/wp\/v2\/posts\/367032","targetHints":{"allow":["GET"]}}],"collection":[{"href":"https:\/\/www.europesays.com\/fr\/wp-json\/wp\/v2\/posts"}],"about":[{"href":"https:\/\/www.europesays.com\/fr\/wp-json\/wp\/v2\/types\/post"}],"author":[{"embeddable":true,"href":"https:\/\/www.europesays.com\/fr\/wp-json\/wp\/v2\/users\/2"}],"replies":[{"embeddable":true,"href":"https:\/\/www.europesays.com\/fr\/wp-json\/wp\/v2\/comments?post=367032"}],"version-history":[{"count":0,"href":"https:\/\/www.europesays.com\/fr\/wp-json\/wp\/v2\/posts\/367032\/revisions"}],"wp:featuredmedia":[{"embeddable":true,"href":"https:\/\/www.europesays.com\/fr\/wp-json\/wp\/v2\/media\/367033"}],"wp:attachment":[{"href":"https:\/\/www.europesays.com\/fr\/wp-json\/wp\/v2\/media?parent=367032"}],"wp:term":[{"taxonomy":"category","embeddable":true,"href":"https:\/\/www.europesays.com\/fr\/wp-json\/wp\/v2\/categories?post=367032"},{"taxonomy":"post_tag","embeddable":true,"href":"https:\/\/www.europesays.com\/fr\/wp-json\/wp\/v2\/tags?post=367032"}],"curies":[{"name":"wp","href":"https:\/\/api.w.org\/{rel}","templated":true}]}}