{"id":367034,"date":"2025-09-05T01:25:24","date_gmt":"2025-09-05T01:25:24","guid":{"rendered":"https:\/\/www.europesays.com\/fr\/367034\/"},"modified":"2025-09-05T01:25:24","modified_gmt":"2025-09-05T01:25:24","slug":"valerie-vitzthum-nommee-directrice-de-lecole-europeenne-dingenieurs-en-genie-des-materiaux-eeigm-factuel","status":"publish","type":"post","link":"https:\/\/www.europesays.com\/fr\/367034\/","title":{"rendered":"Val\u00e9rie Vitzthum nomm\u00e9e directrice de l\u2019\u00c9cole europ\u00e9enne d\u2019ing\u00e9nieurs en g\u00e9nie des mat\u00e9riaux (EEIGM) &#8211; Factuel"},"content":{"rendered":"<p>Temps de lecture : 1 minute<\/p>\n<p>Par arr\u00eat\u00e9 du\u00a017 juillet 2025, publi\u00e9 au\u00a0Bulletin officiel n\u00b0 31 du\u00a021 ao\u00fbt 2025,\u00a0<strong>Val\u00e9rie Vitzthum<\/strong>\u00a0a \u00e9t\u00e9 nomm\u00e9e\u00a0directrice\u00a0de l\u2019\u00c9cole europ\u00e9enne d\u2019ing\u00e9nieurs en g\u00e9nie des mat\u00e9riaux (EEIGM), \u00e9cole interne de l\u2019Universit\u00e9 de Lorraine. Elle entre en fonction\u00a0\u00e0 compter du 1er\u00a0septembre 2025.<\/p>\n<p>BO<a href=\"https:\/\/www.enseignementsup-recherche.gouv.fr\/fr\/bo\/2025\/Hebdo31\/MENS2522081A\" target=\"_blank\" rel=\"noreferrer noopener nofollow\">: disponible en ligne<\/a><\/p>\n<p>Val\u00e9rie Vitzthum est ing\u00e9nieure ENSIC promotion 1997, titulaire d\u2019un doctorat de l\u2019Institut National Polytechnique de Lorraine et d\u2019une Habilitation \u00e0 diriger des recherches de l\u2019Universit\u00e9 de Lorraine.\u00a0<\/p>\n<p>Elle a commenc\u00e9 sa carri\u00e8re comme enseignante agr\u00e9g\u00e9e de chimie, puis rejoint l\u2019EEIGM en 2005 comme ma\u00eetre de conf\u00e9rences\u00a0en g\u00e9nie des proc\u00e9d\u00e9s et\u00a0professeure des universit\u00e9s (depuis 2021).\u00a0<\/p>\n<p>Elle m\u00e8ne ses recherches au sein du\u00a0Laboratoire\u00a0R\u00e9actions et\u00a0G\u00e9nie des\u00a0Proc\u00e9d\u00e9s (UMR\u00a07274\u00a0CNRS\u00a0\u2013 Universit\u00e9 de Lorraine).<\/p>\n<p>Depuis 2018 elle \u00e9tait directrice des \u00e9tudes de l\u2019EEIGM.<\/p>\n<p><\/p>\n","protected":false},"excerpt":{"rendered":"Temps de lecture : 1 minute Par arr\u00eat\u00e9 du\u00a017 juillet 2025, publi\u00e9 au\u00a0Bulletin officiel n\u00b0 31 du\u00a021 ao\u00fbt&hellip;\n","protected":false},"author":2,"featured_media":367035,"comment_status":"","ping_status":"","sticky":false,"template":"","format":"standard","meta":{"footnotes":""},"categories":[9635],"tags":[1111,11,1777,674,1011,27,775,1702,12,25],"class_list":{"0":"post-367034","1":"post","2":"type-post","3":"status-publish","4":"format-standard","5":"has-post-thumbnail","7":"category-nancy","8":"tag-actu","9":"tag-actualites","10":"tag-eu","11":"tag-europe","12":"tag-fr","13":"tag-france","14":"tag-grand-est","15":"tag-nancy","16":"tag-news","17":"tag-republique-francaise"},"share_on_mastodon":{"url":"https:\/\/pubeurope.com\/@fr\/115149086705629674","error":""},"_links":{"self":[{"href":"https:\/\/www.europesays.com\/fr\/wp-json\/wp\/v2\/posts\/367034","targetHints":{"allow":["GET"]}}],"collection":[{"href":"https:\/\/www.europesays.com\/fr\/wp-json\/wp\/v2\/posts"}],"about":[{"href":"https:\/\/www.europesays.com\/fr\/wp-json\/wp\/v2\/types\/post"}],"author":[{"embeddable":true,"href":"https:\/\/www.europesays.com\/fr\/wp-json\/wp\/v2\/users\/2"}],"replies":[{"embeddable":true,"href":"https:\/\/www.europesays.com\/fr\/wp-json\/wp\/v2\/comments?post=367034"}],"version-history":[{"count":0,"href":"https:\/\/www.europesays.com\/fr\/wp-json\/wp\/v2\/posts\/367034\/revisions"}],"wp:featuredmedia":[{"embeddable":true,"href":"https:\/\/www.europesays.com\/fr\/wp-json\/wp\/v2\/media\/367035"}],"wp:attachment":[{"href":"https:\/\/www.europesays.com\/fr\/wp-json\/wp\/v2\/media?parent=367034"}],"wp:term":[{"taxonomy":"category","embeddable":true,"href":"https:\/\/www.europesays.com\/fr\/wp-json\/wp\/v2\/categories?post=367034"},{"taxonomy":"post_tag","embeddable":true,"href":"https:\/\/www.europesays.com\/fr\/wp-json\/wp\/v2\/tags?post=367034"}],"curies":[{"name":"wp","href":"https:\/\/api.w.org\/{rel}","templated":true}]}}