{"id":367038,"date":"2025-09-05T01:27:27","date_gmt":"2025-09-05T01:27:27","guid":{"rendered":"https:\/\/www.europesays.com\/fr\/367038\/"},"modified":"2025-09-05T01:27:27","modified_gmt":"2025-09-05T01:27:27","slug":"il-recuperait-les-cles-dappartements-dans-des-boites-a-cles-dediees-a-la-location-de-logements-la-police-met-au-jour-une-arnaque-a-la-location-a-toulon","status":"publish","type":"post","link":"https:\/\/www.europesays.com\/fr\/367038\/","title":{"rendered":"Il r\u00e9cup\u00e9rait les cl\u00e9s d\u2019appartements dans des \u00ab\u00a0bo\u00eetes \u00e0 cl\u00e9s\u00a0\u00bb d\u00e9di\u00e9es \u00e0 la location de logements: la police met au jour une arnaque \u00e0 la location \u00e0 Toulon"},"content":{"rendered":"<p>La brigade financi\u00e8re de la division territoriale de la criminalit\u00e9 (DCT) de Toulon a boucl\u00e9 une enqu\u00eate au terme de laquelle <strong>un homme \u00e2g\u00e9 de 20 ans<\/strong> a \u00e9t\u00e9 mis en cause pour une s\u00e9rie d\u2019escroqueries \u00e0 la location de logement, a-t-on appris ce jeudi de source polici\u00e8re. Trente victimes ont \u00e9t\u00e9 identifi\u00e9es.<\/p>\n<p>Le jeune homme, jusque-l\u00e0 inconnu des services, <strong>se faisait passer pour un loueur<\/strong> d\u2019appartements rep\u00e9r\u00e9s pr\u00e9alablement sur des annonces post\u00e9es sur Internet.<\/p>\n<p>Apr\u00e8s avoir <strong>r\u00e9cup\u00e9r\u00e9 les cl\u00e9s<\/strong> de ces logements dans des \u00ab\u00a0bo\u00eetes \u00e0 cl\u00e9s\u00a0\u00bb d\u00e9di\u00e9es (ces dispositifs utilis\u00e9s par les vrais loueurs utilisant des plateformes de type Airbnb), l\u2019escroc pr\u00e9sum\u00e9 organisait des visites et faisait signer des baux.<\/p>\n<p><strong>Dix-neuf plaintes enregistr\u00e9es<\/strong><\/p>\n<p>Les victimes devaient verser une caution et un mois de loyer au faux bailleur qui agissait sous une fausse identit\u00e9. Il a \u00e9t\u00e9 <strong>interpell\u00e9 en flagrant d\u00e9lit<\/strong> au d\u00e9but du mois de mars dernier. Les premiers faits remontent au mois d\u2019octobre 2024.<\/p>\n<p>Les investigations ont permis de mettre au jour une dizaine d\u2019arnaques similaires, notamment \u00e0 Paris et \u00e0 Marseille, mais aussi une vingtaine d\u2019escroqueries portant sur la vente fictive d\u2019inscriptions \u00e0 des courses sportives ou de places de concert.<\/p>\n<p><strong>Dix-neuf personnes ont d\u00e9pos\u00e9 plainte<\/strong> pour un pr\u00e9judice total de pr\u00e8s de 11.000 euros. De nouveau plac\u00e9 en garde \u00e0 vue, le mis en cause a reconnu les faits et fait l\u2019objet d\u2019une convocation au tribunal dans le cadre d\u2019une proc\u00e9dure de plaider-coupable.<\/p>\n","protected":false},"excerpt":{"rendered":"La brigade financi\u00e8re de la division territoriale de la criminalit\u00e9 (DCT) de Toulon a boucl\u00e9 une enqu\u00eate au&hellip;\n","protected":false},"author":2,"featured_media":367039,"comment_status":"","ping_status":"","sticky":false,"template":"","format":"standard","meta":{"footnotes":""},"categories":[9619],"tags":[1111,11,1777,674,118,1011,27,12,882,25,2310],"class_list":{"0":"post-367038","1":"post","2":"type-post","3":"status-publish","4":"format-standard","5":"has-post-thumbnail","7":"category-toulon","8":"tag-actu","9":"tag-actualites","10":"tag-eu","11":"tag-europe","12":"tag-faits-divers","13":"tag-fr","14":"tag-france","15":"tag-news","16":"tag-provence-alpes-cote-dazur","17":"tag-republique-francaise","18":"tag-toulon"},"share_on_mastodon":{"url":"https:\/\/pubeurope.com\/@fr\/115149094495751502","error":""},"_links":{"self":[{"href":"https:\/\/www.europesays.com\/fr\/wp-json\/wp\/v2\/posts\/367038","targetHints":{"allow":["GET"]}}],"collection":[{"href":"https:\/\/www.europesays.com\/fr\/wp-json\/wp\/v2\/posts"}],"about":[{"href":"https:\/\/www.europesays.com\/fr\/wp-json\/wp\/v2\/types\/post"}],"author":[{"embeddable":true,"href":"https:\/\/www.europesays.com\/fr\/wp-json\/wp\/v2\/users\/2"}],"replies":[{"embeddable":true,"href":"https:\/\/www.europesays.com\/fr\/wp-json\/wp\/v2\/comments?post=367038"}],"version-history":[{"count":0,"href":"https:\/\/www.europesays.com\/fr\/wp-json\/wp\/v2\/posts\/367038\/revisions"}],"wp:featuredmedia":[{"embeddable":true,"href":"https:\/\/www.europesays.com\/fr\/wp-json\/wp\/v2\/media\/367039"}],"wp:attachment":[{"href":"https:\/\/www.europesays.com\/fr\/wp-json\/wp\/v2\/media?parent=367038"}],"wp:term":[{"taxonomy":"category","embeddable":true,"href":"https:\/\/www.europesays.com\/fr\/wp-json\/wp\/v2\/categories?post=367038"},{"taxonomy":"post_tag","embeddable":true,"href":"https:\/\/www.europesays.com\/fr\/wp-json\/wp\/v2\/tags?post=367038"}],"curies":[{"name":"wp","href":"https:\/\/api.w.org\/{rel}","templated":true}]}}