{"id":367040,"date":"2025-09-05T01:28:48","date_gmt":"2025-09-05T01:28:48","guid":{"rendered":"https:\/\/www.europesays.com\/fr\/367040\/"},"modified":"2025-09-05T01:28:48","modified_gmt":"2025-09-05T01:28:48","slug":"sante-sexuelle-a-toulon-une-journee-mondiale-pour-sensibiliser-et-prevenir-a-lavenue-83","status":"publish","type":"post","link":"https:\/\/www.europesays.com\/fr\/367040\/","title":{"rendered":"Sant\u00e9 sexuelle \u00e0 Toulon\u00a0: une journ\u00e9e mondiale pour sensibiliser et pr\u00e9venir \u00e0 l\u2019Avenue 83"},"content":{"rendered":"<p>Journ\u00e9e sant\u00e9 sexuelle \u00e0 l\u2019Avenue 83 Toulon avec d\u00e9pistage, pr\u00e9vention VIH et IST et sensibilisation du public.<\/p>\n<p><img fetchpriority=\"high\" decoding=\"async\" width=\"1200\" height=\"800\" alt=\"Journ\u00e9e sant\u00e9 sexuelle Toulon\" title=\"Journ\u00e9e sant\u00e9 sexuelle Toulon\" src=\"https:\/\/www.europesays.com\/fr\/wp-content\/uploads\/2025\/09\/IMG_4005.webp.webp\" class=\"img-responsive wp-image-75060\"\/><\/p>\n<p>Journ\u00e9e sant\u00e9 sexuelle Toulon \u2013 CREDIT : VarActu<\/p>\n<p data-start=\"96\" data-end=\"449\"><strong data-start=\"96\" data-end=\"134\">Informer, pr\u00e9venir et accompagner.<\/strong> C\u2019est l\u2019objectif de la Journ\u00e9e mondiale de la sant\u00e9 sexuelle c\u00e9l\u00e9br\u00e9e ce mercredi 4 septembre \u00e0 l\u2019Avenue 83 \u00e0 Toulon. Une mobilisation importante pour rappeler que la sant\u00e9 sexuelle concerne tout le monde, \u00e0 tout \u00e2ge, \u2026<\/p>\n<p>Lire la suite dans l\u2019article <a href=\"https:\/\/www.varactu.fr\/sante-sexuelle-a-toulon-une-journee-mondiale-pour-sensibiliser-et-prevenir-a-lavenue-83\/\" rel=\"nofollow noopener\" target=\"_blank\">Sant\u00e9 sexuelle \u00e0 Toulon\u00a0: une journ\u00e9e mondiale pour sensibiliser et pr\u00e9venir \u00e0 l\u2019Avenue 83<\/a> qui est apparu en premier sur <a href=\"https:\/\/www.varactu.fr\" rel=\"nofollow noopener\" target=\"_blank\">Var Actu<\/a>.<\/p>\n","protected":false},"excerpt":{"rendered":"Journ\u00e9e sant\u00e9 sexuelle \u00e0 l\u2019Avenue 83 Toulon avec d\u00e9pistage, pr\u00e9vention VIH et IST et sensibilisation du public. Journ\u00e9e&hellip;\n","protected":false},"author":2,"featured_media":367041,"comment_status":"","ping_status":"","sticky":false,"template":"","format":"standard","meta":{"footnotes":""},"categories":[9619],"tags":[1111,11,1777,674,1011,27,12,882,25,2310],"class_list":{"0":"post-367040","1":"post","2":"type-post","3":"status-publish","4":"format-standard","5":"has-post-thumbnail","7":"category-toulon","8":"tag-actu","9":"tag-actualites","10":"tag-eu","11":"tag-europe","12":"tag-fr","13":"tag-france","14":"tag-news","15":"tag-provence-alpes-cote-dazur","16":"tag-republique-francaise","17":"tag-toulon"},"share_on_mastodon":{"url":"https:\/\/pubeurope.com\/@fr\/115149102510686958","error":""},"_links":{"self":[{"href":"https:\/\/www.europesays.com\/fr\/wp-json\/wp\/v2\/posts\/367040","targetHints":{"allow":["GET"]}}],"collection":[{"href":"https:\/\/www.europesays.com\/fr\/wp-json\/wp\/v2\/posts"}],"about":[{"href":"https:\/\/www.europesays.com\/fr\/wp-json\/wp\/v2\/types\/post"}],"author":[{"embeddable":true,"href":"https:\/\/www.europesays.com\/fr\/wp-json\/wp\/v2\/users\/2"}],"replies":[{"embeddable":true,"href":"https:\/\/www.europesays.com\/fr\/wp-json\/wp\/v2\/comments?post=367040"}],"version-history":[{"count":0,"href":"https:\/\/www.europesays.com\/fr\/wp-json\/wp\/v2\/posts\/367040\/revisions"}],"wp:featuredmedia":[{"embeddable":true,"href":"https:\/\/www.europesays.com\/fr\/wp-json\/wp\/v2\/media\/367041"}],"wp:attachment":[{"href":"https:\/\/www.europesays.com\/fr\/wp-json\/wp\/v2\/media?parent=367040"}],"wp:term":[{"taxonomy":"category","embeddable":true,"href":"https:\/\/www.europesays.com\/fr\/wp-json\/wp\/v2\/categories?post=367040"},{"taxonomy":"post_tag","embeddable":true,"href":"https:\/\/www.europesays.com\/fr\/wp-json\/wp\/v2\/tags?post=367040"}],"curies":[{"name":"wp","href":"https:\/\/api.w.org\/{rel}","templated":true}]}}