{"id":367043,"date":"2025-09-05T01:30:14","date_gmt":"2025-09-05T01:30:14","guid":{"rendered":"https:\/\/www.europesays.com\/fr\/367043\/"},"modified":"2025-09-05T01:30:14","modified_gmt":"2025-09-05T01:30:14","slug":"la-liste-des-7-joueurs-toulonnais-forfaits-contre-montpellier","status":"publish","type":"post","link":"https:\/\/www.europesays.com\/fr\/367043\/","title":{"rendered":"La liste des 7 joueurs Toulonnais forfaits contre Montpellier"},"content":{"rendered":"<p>Samedi soir, le Rugby Club Toulonnais affrontera Montpellier \u00e0 l\u2019occasion de la premi\u00e8re journ\u00e9e du Top 14.<\/p>\n<p>Pour cette rencontre, le manager du RCT, Pierre Mignoni devra se passer des services de plusieurs joueurs importants.<\/p>\n<p>Ce jeudi, <a href=\"https:\/\/rctoulon.com\/infirmerie-le-point-sur-les-blesses-avant-montpellier-toulon-2\/\" rel=\"nofollow noopener\" target=\"_blank\">le club Varois a fait un point sur son infirmerie<\/a> en d\u00e9voilant les raisons des absences des joueurs concern\u00e9s.<\/p>\n<p>On apprend que le talonneur Gianmarco Lucchesi devrait revenir en jeu avant No\u00ebl, que Gabin Villi\u00e8re va encore manquer plusieurs matches, tout comme Kyle Sinckler d\u2019ailleurs.<\/p>\n<p><strong>Voici les 7 joueurs Toulonnais \u00e0 l\u2019infirmerie :\u00a0<\/strong><\/p>\n<ul>\n<li><strong>Charles Ollivon<\/strong>\u00a0a repris l\u2019entrainement avec le groupe ces derniers jours.<\/li>\n<li><strong>Gianmarco Lucchesi\u00a0<\/strong>r\u00e9cup\u00e8re bien et esp\u00e8re faire son retour avant No\u00ebl.<\/li>\n<li><strong>Gabin Villi\u00e8re<\/strong>, rentr\u00e9 bless\u00e9 de la tourn\u00e9e estivale avec l\u2019\u00e9quipe de France, s\u2019est fait op\u00e9r\u00e9 du doigt et devrait louper quelques matchs.<\/li>\n<li><strong>Mat\u00e9o Garcia<\/strong>\u00a0a ressenti une douleur au genou ces derniers jours.<\/li>\n<li><strong>Esteban Abadie<\/strong>\u00a0est forfait pour ce week-end suite \u00e0 une alerte au mollet.<\/li>\n<li><strong>Kyle Sinckler<\/strong>\u00a0s\u2019est fait retirer la plaque qu\u2019il avait dans le bras suite \u00e0 sa blessure la saison derni\u00e8re et devrait louper quelques matchs.<\/li>\n<li><strong>Mikheili Shioshvili<\/strong>\u00a0est en r\u00e9athl\u00e9tisation suite \u00e0 une blessure \u00e0 l\u2019adducteur.<\/li>\n<\/ul>\n","protected":false},"excerpt":{"rendered":"Samedi soir, le Rugby Club Toulonnais affrontera Montpellier \u00e0 l\u2019occasion de la premi\u00e8re journ\u00e9e du Top 14. Pour&hellip;\n","protected":false},"author":2,"featured_media":218600,"comment_status":"","ping_status":"","sticky":false,"template":"","format":"standard","meta":{"footnotes":""},"categories":[9599],"tags":[1111,11,1777,674,1011,27,2208,12,2680,25],"class_list":{"0":"post-367043","1":"post","2":"type-post","3":"status-publish","4":"format-standard","5":"has-post-thumbnail","7":"category-montpellier","8":"tag-actu","9":"tag-actualites","10":"tag-eu","11":"tag-europe","12":"tag-fr","13":"tag-france","14":"tag-montpellier","15":"tag-news","16":"tag-occitanie","17":"tag-republique-francaise"},"share_on_mastodon":{"url":"https:\/\/pubeurope.com\/@fr\/115149106209903991","error":""},"_links":{"self":[{"href":"https:\/\/www.europesays.com\/fr\/wp-json\/wp\/v2\/posts\/367043","targetHints":{"allow":["GET"]}}],"collection":[{"href":"https:\/\/www.europesays.com\/fr\/wp-json\/wp\/v2\/posts"}],"about":[{"href":"https:\/\/www.europesays.com\/fr\/wp-json\/wp\/v2\/types\/post"}],"author":[{"embeddable":true,"href":"https:\/\/www.europesays.com\/fr\/wp-json\/wp\/v2\/users\/2"}],"replies":[{"embeddable":true,"href":"https:\/\/www.europesays.com\/fr\/wp-json\/wp\/v2\/comments?post=367043"}],"version-history":[{"count":0,"href":"https:\/\/www.europesays.com\/fr\/wp-json\/wp\/v2\/posts\/367043\/revisions"}],"wp:featuredmedia":[{"embeddable":true,"href":"https:\/\/www.europesays.com\/fr\/wp-json\/wp\/v2\/media\/218600"}],"wp:attachment":[{"href":"https:\/\/www.europesays.com\/fr\/wp-json\/wp\/v2\/media?parent=367043"}],"wp:term":[{"taxonomy":"category","embeddable":true,"href":"https:\/\/www.europesays.com\/fr\/wp-json\/wp\/v2\/categories?post=367043"},{"taxonomy":"post_tag","embeddable":true,"href":"https:\/\/www.europesays.com\/fr\/wp-json\/wp\/v2\/tags?post=367043"}],"curies":[{"name":"wp","href":"https:\/\/api.w.org\/{rel}","templated":true}]}}