{"id":367047,"date":"2025-09-05T01:36:50","date_gmt":"2025-09-05T01:36:50","guid":{"rendered":"https:\/\/www.europesays.com\/fr\/367047\/"},"modified":"2025-09-05T01:36:50","modified_gmt":"2025-09-05T01:36:50","slug":"le-sport-a-rennes-pour-les-petits-cest-complique-certaines-activites-sont-deja-completes-le-foot-notamment","status":"publish","type":"post","link":"https:\/\/www.europesays.com\/fr\/367047\/","title":{"rendered":"\u00ab\u00a0Le sport \u00e0 Rennes pour les petits, c&rsquo;est compliqu\u00e9\u00a0\u00bb : certaines activit\u00e9s sont d\u00e9j\u00e0 compl\u00e8tes, le foot notamment"},"content":{"rendered":"<p class=\"PopSlotParagraph qg-tx2 qg-xtra-lh svelte-1r0pyek\">Le mois de septembre, c&rsquo;est la rentr\u00e9e des classes, <strong>c&rsquo;est aussi la reprise des activit\u00e9s sportives pour les enfants.<\/strong> Mais quel sport choisir\u00a0? Le football a toujours beaucoup de succ\u00e8s, les enfants r\u00eavant de devenir pro comme leurs idoles. R\u00e9sultat, les cr\u00e9neaux d&rsquo;entrainement sont pris d&rsquo;assaut, parfois avant m\u00eame la fin de l&rsquo;ann\u00e9e scolaire. C&rsquo;est le cas en ce mois de septembre 2025 \u00e0 la section foot du Cercle Paul Bert Br\u00e9quigny \u00e0 Rennes.<\/p>\n<p class=\"PopSlotParagraph qg-tx2 qg-xtra-lh svelte-1r0pyek\"><strong>Tout est complet depuis des mois.<\/strong> Des s\u00e9lections ont eu lieu en avril et mai dernier pour cette rentr\u00e9e de septembre.<\/p>\n","protected":false},"excerpt":{"rendered":"Le mois de septembre, c&rsquo;est la rentr\u00e9e des classes, c&rsquo;est aussi la reprise des activit\u00e9s sportives pour les&hellip;\n","protected":false},"author":2,"featured_media":367048,"comment_status":"","ping_status":"","sticky":false,"template":"","format":"standard","meta":{"footnotes":""},"categories":[2821],"tags":[1111,11,829,1777,674,1011,27,12,584,25],"class_list":{"0":"post-367047","1":"post","2":"type-post","3":"status-publish","4":"format-standard","5":"has-post-thumbnail","7":"category-rennes","8":"tag-actu","9":"tag-actualites","10":"tag-bretagne","11":"tag-eu","12":"tag-europe","13":"tag-fr","14":"tag-france","15":"tag-news","16":"tag-rennes","17":"tag-republique-francaise"},"share_on_mastodon":{"url":"https:\/\/pubeurope.com\/@fr\/115149134017025449","error":""},"_links":{"self":[{"href":"https:\/\/www.europesays.com\/fr\/wp-json\/wp\/v2\/posts\/367047","targetHints":{"allow":["GET"]}}],"collection":[{"href":"https:\/\/www.europesays.com\/fr\/wp-json\/wp\/v2\/posts"}],"about":[{"href":"https:\/\/www.europesays.com\/fr\/wp-json\/wp\/v2\/types\/post"}],"author":[{"embeddable":true,"href":"https:\/\/www.europesays.com\/fr\/wp-json\/wp\/v2\/users\/2"}],"replies":[{"embeddable":true,"href":"https:\/\/www.europesays.com\/fr\/wp-json\/wp\/v2\/comments?post=367047"}],"version-history":[{"count":0,"href":"https:\/\/www.europesays.com\/fr\/wp-json\/wp\/v2\/posts\/367047\/revisions"}],"wp:featuredmedia":[{"embeddable":true,"href":"https:\/\/www.europesays.com\/fr\/wp-json\/wp\/v2\/media\/367048"}],"wp:attachment":[{"href":"https:\/\/www.europesays.com\/fr\/wp-json\/wp\/v2\/media?parent=367047"}],"wp:term":[{"taxonomy":"category","embeddable":true,"href":"https:\/\/www.europesays.com\/fr\/wp-json\/wp\/v2\/categories?post=367047"},{"taxonomy":"post_tag","embeddable":true,"href":"https:\/\/www.europesays.com\/fr\/wp-json\/wp\/v2\/tags?post=367047"}],"curies":[{"name":"wp","href":"https:\/\/api.w.org\/{rel}","templated":true}]}}