{"id":367049,"date":"2025-09-05T01:37:43","date_gmt":"2025-09-05T01:37:43","guid":{"rendered":"https:\/\/www.europesays.com\/fr\/367049\/"},"modified":"2025-09-05T01:37:43","modified_gmt":"2025-09-05T01:37:43","slug":"une-vente-aux-encheres-propose-318-objets-dart-issus-dun-chateau-alsacien","status":"publish","type":"post","link":"https:\/\/www.europesays.com\/fr\/367049\/","title":{"rendered":"une vente aux ench\u00e8res propose 318 objets d&rsquo;art issus d&rsquo;un ch\u00e2teau alsacien !"},"content":{"rendered":"<p>    <img loading=\"lazy\" width=\"1800\" height=\"900\" src=\"https:\/\/www.europesays.com\/fr\/wp-content\/uploads\/2025\/08\/jeanne-callthepolice.jpg\" class=\"attachment-full size-full\" alt=\"\" id=\"imageLove\" decoding=\"async\"  \/><\/p>\n<p id=\"breadcrumbs\"><a href=\"https:\/\/pokaa.fr\/\" target=\"_blank\" rel=\"noopener\">Accueil<\/a> \/ <a href=\"https:\/\/pokaa.fr\/categories\/actu\/\" target=\"_blank\" rel=\"noopener\">Info locale<\/a> \/ Insolite : une vente aux ench\u00e8res propose 318 objets d\u2019art issus d\u2019un ch\u00e2teau alsacien !<\/p>\n<p>                    Info locale<\/p>\n<p><b>Le 22 septembre prochain, Strasbourgeois(es) et Alsacien(ne)s pourront se procurer diff\u00e9rents mobilier et objets d\u2019art provenant du ch\u00e2teau de Lutzelhouse (Bas-Rhin). Et pour se faire une petite wish list, deux journ\u00e9es d\u2019exposition seront organis\u00e9es les 19 et 20 septembre.<\/b><\/p>\n<p class=\"p1\">Si le Haut-Koenigsbourg proposait r\u00e9cemment une offre d\u2019emploi all\u00e9chante, <strong>c\u2019est cette fois-ci le ch\u00e2teau de Lutzelhouse, dans la vall\u00e9e de la Bruche, qui r\u00e9gale.<\/strong><\/p>\n<p class=\"p1\">Construit vers 1890, par Charles \u00c9mile Salomon (qui a r\u00e9alis\u00e9 l\u2019\u00e9glise du Temple Neuf \u00e0 Strasbourg), <strong>le ch\u00e2teau a r\u00e9cemment \u00e9t\u00e9 c\u00e9d\u00e9 Communaut\u00e9 de Communes de la Vall\u00e9e de la Bruche<\/strong>. Cons\u00e9quence ? La maison de ventes aux ench\u00e8res DE BAECQUE et Associ\u00e9s pr\u00e9voit le 22 septembre prochain <a href=\"https:\/\/www.debaecque.fr\/uploads\/File\/DEBAECQUE-MobilierduChateaudeLutzelhouseauxencheres-Septembre2025_.pdf\" target=\"_blank\" rel=\"noopener\">une vente aux ench\u00e8res pas banale<\/a> : <b>une vente de mobilier et d\u2019objects d\u2019art, de mobilier r\u00e9gional et de tableaux provenant du ch\u00e2teau.<\/b><\/p>\n<p>    <img width=\"800\" height=\"600\" src=\"https:\/\/www.europesays.com\/fr\/wp-content\/uploads\/2025\/09\/chateau-800x600.jpg\" class=\"attachment-image-size-L size-image-size-L\" alt=\"chateau lutzelhouse\" decoding=\"async\" loading=\"lazy\"  \/>         \u00a9 Communaut\u00e9 de communes de la Vall\u00e9e de la Bruche \/ Document remis <\/p>\n<p>Buffet, armoires, billard, sabre et troph\u00e9es de chevreuil : une vente aux ench\u00e8res de ch\u00e2teau<\/p>\n<p class=\"p1\">Concr\u00e8tement, la maison de vente aux ench\u00e8res proposera <b>aux personnes int\u00e9ress\u00e9(e)s de choisir ce qui leur pla\u00eet entre 318 lots diff\u00e9rents<\/b>. La s\u00e9lection va d\u2019un buffet de salle \u00e0 manger en ch\u00eane (500-600 \u20ac) \u00e0 une armoire en placage de noyer (1 000-1 200 \u20ac), en passant par un cabinet en ch\u00eane moulur\u00e9e et sculpt\u00e9 (1 200 \u2013 1500 \u20ac), une pendule en bronze dor\u00e9 (1 500 \u2013 2 000 \u20ac) ou l\u2019enti\u00e8ret\u00e9 d\u2019un mobilier de salle \u00e0 manger en noyer (2 000 \u2013 3 000 \u20ac).<\/p>\n<p class=\"p1\"><b>On retrouve \u00e9galement plusieurs tableaux, dont certains peuvent \u00eatre estim\u00e9s jusqu\u2019\u00e0 10 000 \u20ac<\/b>. Plus insolite, on peut retrouver un ancien landau (50-80\u20ac), une cariole d\u2019enfant en bois, <b>une table de billard am\u00e9ricain en ch\u00eane blond (500-800 \u20ac), un sabre d\u2019officier d\u2019artillerie allemand (300-400 \u20ac<\/b>), une bo\u00eete ronde en \u00e9maux cloisonn\u00e9 sur bronze de la dynastie Qing (1 000 \u2013 1 500 \u20ac), un lot de 22 et 26 troph\u00e9es de chevreuil (30-40 \u20ac) ou encore un lot de d\u00e9fenses de sanglier mont\u00e9es (30-40 \u20ac).<\/p>\n<p>                <img width=\"377\" height=\"500\" src=\"https:\/\/www.europesays.com\/fr\/wp-content\/uploads\/2025\/09\/capture-decran-2025-09-04-a-150141-377x500.png\" class=\"attachment-gallery size-gallery\" alt=\"mobilier chateau\" data-full-url=\"https:\/\/pokaa.fr\/wp-content\/uploads\/2025\/09\/04\/capture-decran-2025-09-04-a-150141.png\" decoding=\"async\" loading=\"lazy\"  \/>            <\/p>\n<p>                <img width=\"441\" height=\"500\" src=\"https:\/\/www.europesays.com\/fr\/wp-content\/uploads\/2025\/09\/capture-decran-2025-09-04-a-150204-441x500.png\" class=\"attachment-gallery size-gallery\" alt=\"mobilier chateau\" data-full-url=\"https:\/\/pokaa.fr\/wp-content\/uploads\/2025\/09\/04\/capture-decran-2025-09-04-a-150204.png\" decoding=\"async\" loading=\"lazy\"  \/>            <\/p>\n<p>                <img width=\"412\" height=\"500\" src=\"https:\/\/www.europesays.com\/fr\/wp-content\/uploads\/2025\/09\/capture-decran-2025-09-04-a-150610-412x500.png\" class=\"attachment-gallery size-gallery\" alt=\"mobilier chateau\" data-full-url=\"https:\/\/pokaa.fr\/wp-content\/uploads\/2025\/09\/04\/capture-decran-2025-09-04-a-150610.png\" decoding=\"async\" loading=\"lazy\"  \/>            <\/p>\n<p>                <img width=\"664\" height=\"500\" src=\"https:\/\/www.europesays.com\/fr\/wp-content\/uploads\/2025\/09\/capture-decran-2025-09-04-a-150435-664x500.png\" class=\"attachment-gallery size-gallery\" alt=\"mobilier chateau\" data-full-url=\"https:\/\/pokaa.fr\/wp-content\/uploads\/2025\/09\/04\/capture-decran-2025-09-04-a-150435.png\" decoding=\"async\" loading=\"lazy\"  \/>            <\/p>\n<p>                <img width=\"721\" height=\"500\" src=\"https:\/\/www.europesays.com\/fr\/wp-content\/uploads\/2025\/09\/capture-decran-2025-09-04-a-150253-721x500.png\" class=\"attachment-gallery size-gallery\" alt=\"mobilier chateau\" data-full-url=\"https:\/\/pokaa.fr\/wp-content\/uploads\/2025\/09\/04\/capture-decran-2025-09-04-a-150253.png\" decoding=\"async\" loading=\"lazy\"  \/>            <\/p>\n<p>                    \u00a9 Drouot \/ Capture d&rsquo;\u00e9cran<\/p>\n<p>Comment va se d\u00e9rouler cette vente aux ench\u00e8res ?<\/p>\n<p class=\"p1\">Le 22 septembre \u00e0 partir de 14h30, cette vente aux ench\u00e8res sera r\u00e9alis\u00e9e uniquement en direct sur internet via les plateformes <a href=\"https:\/\/www.interencheres.com\/art-decoration\/chateau-de-lutzelhouse-bas-rhin-mobilier-et-objets-dart-vente-sur-designation-656662\" target=\"_blank\" rel=\"noopener\">Interench\u00e8res<\/a> et <a href=\"https:\/\/drouot.com\/fr\/v\/166921-chateau-de-lutzelhouse-bas-rhin-mobilier-et-objets-dart\" target=\"_blank\" rel=\"noopener\">Drouot Live<\/a>. Et pour permettre aux personnes int\u00e9ress\u00e9es de se faire une id\u00e9e, <b>deux journ\u00e9es de visite seront organis\u00e9es durant les Journ\u00e9es du patrimoine les 19 et 20 septembre prochain<\/b>, de 10h \u00e0 13h puis de 14h \u00e0 18h (14h \u00e0 17h pour le samedi).<\/p>\n<p class=\"p1\">Bon \u00e0 savoir pour terminer :<b> tous les \u00ab\u00a0prix marteau\u00a0\u00bb, soit les prix adjug\u00e9s, ne prennent pas en compte\u00a0les frais de ventes suppl\u00e9mentaires, qui sont ici de 30 % TTC<\/b>. Une grosse diff\u00e9rence \u00e0 prendre en comptes sachant que des frais internet pourront \u00e9galement \u00eatre factur\u00e9s. Toutes les conditions de vente sont <a href=\"https:\/\/docs.prod-indb.io\/2025\/05\/06\/103732_924917375_e32140e75cf9fa8f3546604425b253c2.pdf\" target=\"_blank\" rel=\"noopener\">\u00e0 retrouver ici<\/a>.<\/p>\n","protected":false},"excerpt":{"rendered":"Accueil \/ Info locale \/ Insolite : une vente aux ench\u00e8res propose 318 objets d\u2019art issus d\u2019un ch\u00e2teau&hellip;\n","protected":false},"author":2,"featured_media":367050,"comment_status":"","ping_status":"","sticky":false,"template":"","format":"standard","meta":{"footnotes":""},"categories":[2820],"tags":[1111,11,4811,1777,674,1011,27,775,50145,12,25,640,7458],"class_list":{"0":"post-367049","1":"post","2":"type-post","3":"status-publish","4":"format-standard","5":"has-post-thumbnail","7":"category-strasbourg","8":"tag-actu","9":"tag-actualites","10":"tag-chateau","11":"tag-eu","12":"tag-europe","13":"tag-fr","14":"tag-france","15":"tag-grand-est","16":"tag-lutzelhouse","17":"tag-news","18":"tag-republique-francaise","19":"tag-strasbourg","20":"tag-vente-aux-encheres"},"share_on_mastodon":{"url":"https:\/\/pubeurope.com\/@fr\/115149134629057329","error":""},"_links":{"self":[{"href":"https:\/\/www.europesays.com\/fr\/wp-json\/wp\/v2\/posts\/367049","targetHints":{"allow":["GET"]}}],"collection":[{"href":"https:\/\/www.europesays.com\/fr\/wp-json\/wp\/v2\/posts"}],"about":[{"href":"https:\/\/www.europesays.com\/fr\/wp-json\/wp\/v2\/types\/post"}],"author":[{"embeddable":true,"href":"https:\/\/www.europesays.com\/fr\/wp-json\/wp\/v2\/users\/2"}],"replies":[{"embeddable":true,"href":"https:\/\/www.europesays.com\/fr\/wp-json\/wp\/v2\/comments?post=367049"}],"version-history":[{"count":0,"href":"https:\/\/www.europesays.com\/fr\/wp-json\/wp\/v2\/posts\/367049\/revisions"}],"wp:featuredmedia":[{"embeddable":true,"href":"https:\/\/www.europesays.com\/fr\/wp-json\/wp\/v2\/media\/367050"}],"wp:attachment":[{"href":"https:\/\/www.europesays.com\/fr\/wp-json\/wp\/v2\/media?parent=367049"}],"wp:term":[{"taxonomy":"category","embeddable":true,"href":"https:\/\/www.europesays.com\/fr\/wp-json\/wp\/v2\/categories?post=367049"},{"taxonomy":"post_tag","embeddable":true,"href":"https:\/\/www.europesays.com\/fr\/wp-json\/wp\/v2\/tags?post=367049"}],"curies":[{"name":"wp","href":"https:\/\/api.w.org\/{rel}","templated":true}]}}