{"id":367051,"date":"2025-09-05T01:38:25","date_gmt":"2025-09-05T01:38:25","guid":{"rendered":"https:\/\/www.europesays.com\/fr\/367051\/"},"modified":"2025-09-05T01:38:25","modified_gmt":"2025-09-05T01:38:25","slug":"pierre-jakubowicz-est-candidat-a-la-mairie-de-strasbourg","status":"publish","type":"post","link":"https:\/\/www.europesays.com\/fr\/367051\/","title":{"rendered":"Pierre Jakubowicz est candidat \u00e0 la mairie de Strasbourg"},"content":{"rendered":"<p class=\"wp-block-post-excerpt__excerpt\">Conseiller municipal d\u2019opposition, le centriste Pierre Jakubowicz a annonc\u00e9 ce 4 septembre sur France\u00a03 Alsace qu\u2019il serait candidat aux \u00e9lections municipales en mars 2026, plusieurs ann\u00e9es apr\u00e8s le d\u00e9but de sa campagne \u00e9lectorale. <\/p>\n<p class=\"font-sans\">\n\t\t\tCet article est en acc\u00e8s libre. Pour soutenir Rue89 Strasbourg,<br \/>\n\t\t\t<a class=\"underline\" href=\"https:\/\/www.rue89strasbourg.com\/abonnement\" target=\"_blank\" rel=\"noopener\">abonnez-vous<\/a>.\n\t\t<\/p>\n<p>Pierre France<\/p>\n<p>Publi\u00e9 le 4 septembre 2025\u00a0\u00a0\u00b7\u00a0\u00a0<\/p>\n<p>Imprim\u00e9 le 5 septembre 2025 \u00e0 02h39\u00a0\u00a0\u00b7\u00a0\u00a0<\/p>\n<p>Modifi\u00e9 le 4 septembre 2025\u00a0\u00a0\u00b7\u00a0\u00a0<\/p>\n<p>\t\t\t\t\t2\u00a0minutes\n<\/p>\n<p>Le conseiller municipal de Strasbourg, Pierre Jakubowicz (Horizons), s\u2019est d\u00e9clar\u00e9 \u00ab\u00a0pr\u00eat \u00e0 \u00eatre maire de Strasbourg demain\u00a0\u00bb <a href=\"https:\/\/www.facebook.com\/pierre.jakubowicz\/videos\/1118305019641772\" target=\"_blank\" rel=\"noreferrer noopener\">ce jeudi 4 septembre sur le plateau du journal de France\u00a03 Alsace<\/a>. En bon v\u00e9t\u00e9ran de la politique, Pierre Jakubowicz a r\u00e9ussi \u00e0 placer \u00e0 l\u2019antenne son slogan\u00a0: \u00ab\u00a0Je veux \u00eatre un maire capable de voir \u00e0 30 ans les transformations \u00e0 mener, et \u00e0 30\u00a0m\u00e8tres les probl\u00e8mes \u00e0 r\u00e9soudre imm\u00e9diatement.\u00a0\u00bb<\/p>\n<p>Engag\u00e9 dans les faits dans cette d\u00e9marche depuis juin 2020, le conseiller municipal de centre-droit a \u00e9t\u00e9 le premier \u00e0 se lancer, en <a href=\"https:\/\/www.rue89strasbourg.com\/pierre-jakubowicz-entre-en-campagne-311925\" target=\"_blank\" rel=\"noreferrer noopener\">septembre 2024, dans une campagne \u00e9lectorale active<\/a> avec un mouvement taill\u00e9 sur mesure, \u00ab\u00a0Strasbourg on y croit\u00a0!\u00a0\u00bb Cette association est elle-m\u00eame une formalisation de la pr\u00e9c\u00e9dente initiative, appel\u00e9e \u00ab\u00a0Parlons de Strasbourg\u00a0\u00bb, lanc\u00e9e au d\u00e9but de l\u2019ann\u00e9e 2024.<\/p>\n<p>Cette annonce n\u2019est donc gu\u00e8re une surprise mais il s\u2019est quand m\u00eame confi\u00e9 en avant-premi\u00e8re <a href=\"https:\/\/www.dna.fr\/elections\/2025\/09\/04\/a-strasbourg-jakubowicz-se-declare-candidat-pour-faire-bouger-les-lignes\" target=\"_blank\" rel=\"noreferrer noopener\">aux Derni\u00e8res nouvelles d\u2019Alsace, o\u00f9 il rappelle<\/a> qu\u2019il s\u2019est pr\u00e9par\u00e9 \u00e0 cette candidature \u00ab\u00a0politiquement, personnellement et physiquement\u00a0\u00bb\u00a0: \u00ab\u00a0J\u2019ai perdu 50\u00a0kg pour me prouver ma d\u00e9termination et ma capacit\u00e9 \u00e0 assumer la charge d\u2019\u00eatre maire.\u00a0\u00bb<\/p>\n<p><a href=\"https:\/\/www.rue89strasbourg.com\/abonnement\" target=\"_blank\" rel=\"noopener\"><img loading=\"lazy\" decoding=\"async\" width=\"970\" height=\"250\" src=\"https:\/\/www.europesays.com\/fr\/wp-content\/uploads\/2025\/05\/bannie\u0300re-autopromo-2025-desktop-1.gif\" alt=\"\" class=\"wp-image-343590\" style=\"width:792px\"\/><\/a><\/p>\n<p><a href=\"https:\/\/www.rue89strasbourg.com\/abonnement\" target=\"_blank\" rel=\"noopener\"><img loading=\"lazy\" decoding=\"async\" width=\"300\" height=\"300\" src=\"https:\/\/www.europesays.com\/fr\/wp-content\/uploads\/2025\/05\/bannieres@2x.png\" alt=\"\" class=\"wp-image-341656\"  \/><\/a><\/p>\n<p>Programme et alliances pour plus tard<\/p>\n<p>Pierre Jakubowicz n\u2019a pas profit\u00e9 de l\u2019occasion pour d\u00e9voiler une partie de ses propositions aux Strasbourgeois\u00b7es pour mars 2026, cinq ateliers de Strasbourg on y croit \u00e9tant encore au travail pour \u00e9laborer le programme. Mais il en a tout de m\u00eame profit\u00e9 pour se pr\u00e9senter comme le candidat le plus \u00e0 m\u00eame de r\u00e9aliser l\u2019union des oppositions \u00e0 la maire sortante Jeanne Barseghian, un \u00ab\u00a0mandat de la radicalit\u00e9 et de la brutalit\u00e9\u00a0\u00bb selon les mots qu\u2019il a choisi pour qualifier les six ann\u00e9es de la municipalit\u00e9 \u00e9cologiste.<\/p>\n<p>Le conseiller municipal a \u00e9galement \u00e9vacu\u00e9 les questions sur de potentielles alliances \u00e9lectorales. Engag\u00e9 au centre-droit au sein du parti Horizons, il esp\u00e8re prendre de vitesse l\u2019autre mouvement du centre, Renaissance, qui dispose \u00e9galement de ses candidats\u00a0: Nicolas Matt, \u00c9tienne Loos voire Bruno Studer ou Fabienne Keller. Dans un communiqu\u00e9 publi\u00e9 en soir\u00e9e du mercredi 3 septembre, et probablement r\u00e9dig\u00e9 en pr\u00e9vention de l\u2019annonce de Pierre Jakubowicz, le parti pr\u00e9sidentiel a rappel\u00e9 que les investitures ne seraient annonc\u00e9es qu\u2019apr\u00e8s \u00ab\u00a0le congr\u00e8s national d\u2019Arras (20 et 21 septembre 2025), en pleine coh\u00e9rence avec les orientations nationales et la ligne politique pr\u00e9sent\u00e9es lors de ce rendez-vous\u00a0\u00bb.<\/p>\n<p>L\u2019horizon n\u2019est gu\u00e8re plus d\u00e9gag\u00e9 \u00e0 sa droite, o\u00f9 Jean-Philippe Vetter (Les R\u00e9publicains) est lui aussi parti tr\u00e8s t\u00f4t avec une <a href=\"https:\/\/www.rue89strasbourg.com\/jean-philippe-vetter-lancement-campagne-2026-324885\" target=\"_blank\" rel=\"noreferrer noopener\">intense d\u00e9marche populaire, Aimer Strasbourg<\/a>, et dont la vocation est aussi de rassembler\u2026 mais autour de sa personne. \u00c0 la gauche de Pierre Jakubowicz, le Parti socialiste du Bas-Rhin annoncera sa t\u00eate de liste en novembre, mais elle sera <a href=\"https:\/\/www.rue89strasbourg.com\/municipales-ps-liste-autonome-341344\" target=\"_blank\" rel=\"noreferrer noopener\">socialiste comme l\u2019ont d\u00e9cid\u00e9 les militants strasbourgeois<\/a>.<\/p>\n","protected":false},"excerpt":{"rendered":"Conseiller municipal d\u2019opposition, le centriste Pierre Jakubowicz a annonc\u00e9 ce 4 septembre sur France\u00a03 Alsace qu\u2019il serait candidat&hellip;\n","protected":false},"author":2,"featured_media":367052,"comment_status":"","ping_status":"","sticky":false,"template":"","format":"standard","meta":{"footnotes":""},"categories":[2820],"tags":[1111,11,2761,1777,674,1011,27,775,12,4333,25,640],"class_list":{"0":"post-367051","1":"post","2":"type-post","3":"status-publish","4":"format-standard","5":"has-post-thumbnail","7":"category-strasbourg","8":"tag-actu","9":"tag-actualites","10":"tag-elections-municipales-2026","11":"tag-eu","12":"tag-europe","13":"tag-fr","14":"tag-france","15":"tag-grand-est","16":"tag-news","17":"tag-pierre-jakubowicz","18":"tag-republique-francaise","19":"tag-strasbourg"},"share_on_mastodon":{"url":"https:\/\/pubeurope.com\/@fr\/115149137842540527","error":""},"_links":{"self":[{"href":"https:\/\/www.europesays.com\/fr\/wp-json\/wp\/v2\/posts\/367051","targetHints":{"allow":["GET"]}}],"collection":[{"href":"https:\/\/www.europesays.com\/fr\/wp-json\/wp\/v2\/posts"}],"about":[{"href":"https:\/\/www.europesays.com\/fr\/wp-json\/wp\/v2\/types\/post"}],"author":[{"embeddable":true,"href":"https:\/\/www.europesays.com\/fr\/wp-json\/wp\/v2\/users\/2"}],"replies":[{"embeddable":true,"href":"https:\/\/www.europesays.com\/fr\/wp-json\/wp\/v2\/comments?post=367051"}],"version-history":[{"count":0,"href":"https:\/\/www.europesays.com\/fr\/wp-json\/wp\/v2\/posts\/367051\/revisions"}],"wp:featuredmedia":[{"embeddable":true,"href":"https:\/\/www.europesays.com\/fr\/wp-json\/wp\/v2\/media\/367052"}],"wp:attachment":[{"href":"https:\/\/www.europesays.com\/fr\/wp-json\/wp\/v2\/media?parent=367051"}],"wp:term":[{"taxonomy":"category","embeddable":true,"href":"https:\/\/www.europesays.com\/fr\/wp-json\/wp\/v2\/categories?post=367051"},{"taxonomy":"post_tag","embeddable":true,"href":"https:\/\/www.europesays.com\/fr\/wp-json\/wp\/v2\/tags?post=367051"}],"curies":[{"name":"wp","href":"https:\/\/api.w.org\/{rel}","templated":true}]}}